{"id":1027,"date":"2014-05-11T10:09:03","date_gmt":"2014-05-11T08:09:03","guid":{"rendered":"http:\/\/cause.ch\/lab\/?p=1027"},"modified":"2016-08-12T11:34:59","modified_gmt":"2016-08-12T09:34:59","slug":"merci","status":"publish","type":"post","link":"https:\/\/cause.ch\/lab\/we-are-the-cause\/merci\/","title":{"rendered":"MERCI!"},"content":{"rendered":"<div class=\"center_text arx_pad_2\">\n<a href=\"http:\/\/cause.ch\/lab\/wp-content\/uploads\/2014\/05\/merci_vernissage_2.jpg\"><img loading=\"lazy\" decoding=\"async\" src=\"http:\/\/cause.ch\/lab\/wp-content\/uploads\/2014\/05\/merci_vernissage_2.jpg\" alt=\"merci_vernissage_2\" width=\"2000\" height=\"1333\" class=\"alignnone size-full wp-image-2409\" srcset=\"https:\/\/cause.ch\/lab\/wp-content\/uploads\/2014\/05\/merci_vernissage_2.jpg 2000w, https:\/\/cause.ch\/lab\/wp-content\/uploads\/2014\/05\/merci_vernissage_2-300x200.jpg 300w, https:\/\/cause.ch\/lab\/wp-content\/uploads\/2014\/05\/merci_vernissage_2-1024x682.jpg 1024w, https:\/\/cause.ch\/lab\/wp-content\/uploads\/2014\/05\/merci_vernissage_2-640x426.jpg 640w\" sizes=\"auto, (max-width: 2000px) 100vw, 2000px\" \/><\/a>\n<\/div>\n<p class=\"arx_1 arx_pad_1 center_text center_content\">\n<i>Un grand merci \u00e0 toutes et \u00e0 tous d&#8217;\u00eatre pass\u00e9(e)s pour partager avec nous notre important \u00e9v\u00e8nement inaugural. Nous avons \u00e9t\u00e9 honor\u00e9s d&#8217;accueillir dans nos quartiers un aussi beau monde et de recevoir vos messages pleins de confiance et d&#8217;espoir en nos activit\u00e9s. Vos radieuses pr\u00e9sences ont fusionn\u00e9 pour g\u00e9n\u00e9rer un ardent foyer de positivit\u00e9 tout au long de la soir\u00e9e, investissant nos locaux de la meilleure \u00e9nergie pour le plus vigoureux des d\u00e9parts!<\/i>\n<\/p>\n<p class=\"arx_1 arx_pad_1 center_text center_content\">\nMERCI DE CROIRE EN NOTRE CAUSE!\n<\/p>\n<p class=\"arx_1 arx_pad_2 center_text center_content\">\n<i>Vos agents d\u00e9vou\u00e9s<\/i><\/p>\n","protected":false},"excerpt":{"rendered":"<p>Un grand merci \u00e0 toutes et \u00e0 tous d&#8217;\u00eatre pass\u00e9(e)s pour partager avec nous notre important \u00e9v\u00e8nement inaugural. Nous avons \u00e9t\u00e9 honor\u00e9s d&#8217;accueillir dans nos quartiers un aussi beau monde et de recevoir vos messages pleins de confiance et d&#8217;espoir en nos activit\u00e9s. Vos radieuses pr\u00e9sences ont fusionn\u00e9 pour g\u00e9n\u00e9rer un ardent foyer de positivit\u00e9 [&hellip;]<\/p>\n","protected":false},"author":4,"featured_media":0,"comment_status":"open","ping_status":"open","sticky":false,"template":"","format":"standard","meta":{"footnotes":""},"categories":[1],"tags":[47,7,48,46,45,44,72,29],"class_list":["post-1027","post","type-post","status-publish","format-standard","hentry","category-we-are-the-cause","tag-agents","tag-cause","tag-creation","tag-inauguration","tag-lokal","tag-vernissage","tag-we-are-the-cause-2","tag-wearethecause"],"_links":{"self":[{"href":"https:\/\/cause.ch\/lab\/wp-json\/wp\/v2\/posts\/1027","targetHints":{"allow":["GET"]}}],"collection":[{"href":"https:\/\/cause.ch\/lab\/wp-json\/wp\/v2\/posts"}],"about":[{"href":"https:\/\/cause.ch\/lab\/wp-json\/wp\/v2\/types\/post"}],"author":[{"embeddable":true,"href":"https:\/\/cause.ch\/lab\/wp-json\/wp\/v2\/users\/4"}],"replies":[{"embeddable":true,"href":"https:\/\/cause.ch\/lab\/wp-json\/wp\/v2\/comments?post=1027"}],"version-history":[{"count":10,"href":"https:\/\/cause.ch\/lab\/wp-json\/wp\/v2\/posts\/1027\/revisions"}],"predecessor-version":[{"id":2410,"href":"https:\/\/cause.ch\/lab\/wp-json\/wp\/v2\/posts\/1027\/revisions\/2410"}],"wp:attachment":[{"href":"https:\/\/cause.ch\/lab\/wp-json\/wp\/v2\/media?parent=1027"}],"wp:term":[{"taxonomy":"category","embeddable":true,"href":"https:\/\/cause.ch\/lab\/wp-json\/wp\/v2\/categories?post=1027"},{"taxonomy":"post_tag","embeddable":true,"href":"https:\/\/cause.ch\/lab\/wp-json\/wp\/v2\/tags?post=1027"}],"curies":[{"name":"wp","href":"https:\/\/api.w.org\/{rel}","templated":true}]}}