{"id":1145,"date":"2014-06-09T17:14:59","date_gmt":"2014-06-09T15:14:59","guid":{"rendered":"http:\/\/cause.ch\/lab\/?p=1145"},"modified":"2014-06-11T11:46:00","modified_gmt":"2014-06-11T09:46:00","slug":"hexa-captcha","status":"publish","type":"post","link":"https:\/\/cause.ch\/lab\/we-are-the-cause\/hexa-captcha\/","title":{"rendered":"HEXA @ CAPTCHA"},"content":{"rendered":"<div class=\"arx_pad_2 center_text\">\n<a href=\"http:\/\/hexa.cause.ch\/premiere\/\" target=\"_blank\"><img loading=\"lazy\" decoding=\"async\" src=\"http:\/\/cause.ch\/lab\/wp-content\/uploads\/2014\/06\/hexa_logo_black.png\" alt=\"hexa_logo_black\" width=\"250\" height=\"70\" class=\"alignnone size-full wp-image-1149\" srcset=\"https:\/\/cause.ch\/lab\/wp-content\/uploads\/2014\/06\/hexa_logo_black.png 498w, https:\/\/cause.ch\/lab\/wp-content\/uploads\/2014\/06\/hexa_logo_black-300x84.png 300w\" sizes=\"auto, (max-width: 250px) 100vw, 250px\" \/><\/a>\n<\/div>\n<p class=\"arx_1 arx_pad_2 center_content\">\n<i>&#8220;Un enfant re\u00e7oit un cube de m\u00e9tal noir, poss\u00e9dant des propri\u00e9t\u00e9s magn\u00e9tiques inattendues. Dans une atmosph\u00e8re sombre et intriguante, il essaie de conjurer le potentiel mal\u00e9fique de l\u2019objet pour en faire un outil cr\u00e9atif, et non destructeur ; mais la tentation du mal est forte, tant l\u2019objet conf\u00e8re de puissance \u00e0 son possesseur.&#8221;<\/i>\n<\/p>\n<p class=\"arx_1 arx_pad_0 center_content\">\nDu jeudi 26 au dimanche 29 juin prochains se tiendra au <a href=\"http:\/\/www.pasquart.ch\/?lang=fr\" target=\"_blank\">CentrePasquArt<\/a> de Bienne <a href=\"https:\/\/www.facebook.com\/events\/580138385435884\" target=\"_blank\">l&#8217;exposition des travaux de dipl\u00f4me<\/a> des \u00e9tudiants de la <a href=\"http:\/\/www.hkb.bfh.ch\/fr\/\" target=\"_blank\">HKB<\/a> (Haute \u00e9cole des arts de Bern).\n<\/p>\n<p class=\"arx_1 arx_pad_1 center_content\">\nOn y verra notamment figurer <i><a href=\"http:\/\/hexa.cause.ch\/premiere\/\" target=\"_blank\">HEXA<\/a><\/i>, un projet con\u00e7u par le talentueux <b>Elliot Vaucher<\/b>, avec la collaboration de <a href=\"http:\/\/www.om-ih.ch\/\" target=\"_blank\">Vincent Delaleu<\/a> (graphisme), Boris Getaz (cr\u00e9ation sonore), <a href=\"http:\/\/www.fredericgoncerut.com\/\" target=\"_blank\">Fr\u00e9d\u00e9ric Goncerut<\/a> (conception mat\u00e9rielle), et Beno\u00eet Goncerut (production).\n<\/p>\n<p class=\"arx_1 arx_pad_1 center_content\">\n&#8220;<i>L&#8217;histoire porte sur un personnage aux prises avec sa destin\u00e9e, qui tente d\u2019apprivoiser les pouvoirs qui sont les siens dans le but de devenir adulte, et de faire le bien autour de lui.<\/i>&#8221;\n<\/p>\n<p class=\"arx_1 arx_pad_0 center_content\">\nIl s&#8217;agit d&#8217;un conte symbolique contemporain sous la forme d&#8217;une oeuvre installative. L&#8217;enjeu du projet est d&#8217;inviter le spectateur \u00e0 se plonger enti\u00e8rement dans l&#8217;univers magique du conte pour y retrouver la sagesse d&#8217;une fascination enfantine.\n<\/p>\n<p class=\"arx_1 arx_pad_1 center_content\">\nImaginez donc un monolithe pos\u00e9 au centre d&#8217;une pi\u00e8ce obscure \u00e9manant de voix, de tissus musicaux, et de projections envo\u00fbtantes. Par l&#8217;exploitation des multiples langages artistiques (litt\u00e9rature, po\u00e9sie, arts visuels, musique) et dimensions de repr\u00e9sentation (lumi\u00e8re, mati\u00e8re, verbe, spatialit\u00e9, sonorit\u00e9), HEXA parvient \u00e0 sugg\u00e9rer une exp\u00e9rience des plus <i>totales<\/i> de la narration fantastique.\n<\/p>\n<p class=\"arx_1 arx_pad_2 center_content\">\nNe ratez donc pas l&#8217;occasion de d\u00e9couvrir l&#8217;oeuvre parmi les diverses non moins int\u00e9ressantes cr\u00e9ations des autres \u00e9tudiants de la vol\u00e9e, en particulier lors de leur vernissage le jeudi 26.6 d\u00e8s 18:00 au PasquArt de Bienne.\n<\/p>\n<div class=\"arx_pad_2 center_text\">\n<a href=\"http:\/\/cause.ch\/lab\/wp-content\/uploads\/2014\/06\/conception_hexa_2.jpg\"><img loading=\"lazy\" decoding=\"async\" src=\"http:\/\/cause.ch\/lab\/wp-content\/uploads\/2014\/06\/conception_hexa_2.jpg\" alt=\"conception_hexa_2\" width=\"640\" height=\"427\" class=\"alignnone size-full wp-image-1148\" srcset=\"https:\/\/cause.ch\/lab\/wp-content\/uploads\/2014\/06\/conception_hexa_2.jpg 640w, https:\/\/cause.ch\/lab\/wp-content\/uploads\/2014\/06\/conception_hexa_2-300x200.jpg 300w\" sizes=\"auto, (max-width: 640px) 100vw, 640px\" \/><\/a>\n<\/div>\n<div class=\"arx_pad_2 center_text\">\n<a href=\"http:\/\/cause.ch\/lab\/wp-content\/uploads\/2014\/06\/conception_hexa_3.jpg\"><img loading=\"lazy\" decoding=\"async\" src=\"http:\/\/cause.ch\/lab\/wp-content\/uploads\/2014\/06\/conception_hexa_3.jpg\" alt=\"conception_hexa_3\" width=\"640\" height=\"427\" class=\"alignnone size-full wp-image-1150\" srcset=\"https:\/\/cause.ch\/lab\/wp-content\/uploads\/2014\/06\/conception_hexa_3.jpg 640w, https:\/\/cause.ch\/lab\/wp-content\/uploads\/2014\/06\/conception_hexa_3-300x200.jpg 300w\" sizes=\"auto, (max-width: 640px) 100vw, 640px\" \/><\/a>\n<\/div>\n<p class=\"arx_1_small arx_pad_1 center_text\">\n<i>&#8220;Toute intention qui ne se manifeste pas par des actes est une intention vaine,<br \/>\net la parole qui l\u2019exprime est une parole oiseuse.<br \/>\nC\u2019est l\u2019action qui prouve la vie, et c\u2019est aussi l\u2019action qui prouve et constate la volont\u00e9.&#8221;<\/i>\n<\/p>\n<p class=\"arx_1_small arx_pad_2 center_text\">\n<a href=\"http:\/\/www.google.ch\/url?sa=t&#038;rct=j&#038;q=%22eliphas_levi_-_dogme_et_rituel_de_haute_magie_tome_2.pdf%22&#038;source=web&#038;cd=1&#038;ved=0CCUQFjAA&#038;url=http%3A%2F%2Fnitides.fr%2Fyashe%2F%3Fdl_name%3DEliphas_Levi_-_Dogme_et_rituel_de_haute_magie_Tome_2.pdf&#038;ei=fvmWU5HqOKXv0gWwi4HACA&#038;usg=AFQjCNE7bpLz_pJ8ZjXnziV-L8k_-XSc2g\">(Eliphas Levi, <i>Dogme et Rituel de Haute Magie<\/i>)<\/a><\/p>\n","protected":false},"excerpt":{"rendered":"<p>&#8220;Un enfant re\u00e7oit un cube de m\u00e9tal noir, poss\u00e9dant des propri\u00e9t\u00e9s magn\u00e9tiques inattendues. Dans une atmosph\u00e8re sombre et intriguante, il essaie de conjurer le potentiel mal\u00e9fique de l\u2019objet pour en faire un outil cr\u00e9atif, et non destructeur ; mais la tentation du mal est forte, tant l\u2019objet conf\u00e8re de puissance \u00e0 son possesseur.&#8221; Du jeudi [&hellip;]<\/p>\n","protected":false},"author":4,"featured_media":0,"comment_status":"open","ping_status":"open","sticky":false,"template":"","format":"standard","meta":{"footnotes":""},"categories":[1],"tags":[17,30,19,7,22,18,26,21,25,27,14,15,24,16,20,23,28,72,29],"class_list":["post-1145","post","type-post","status-publish","format-standard","hentry","category-we-are-the-cause","tag-art-contemporain","tag-boris-getaz","tag-captcha","tag-cause","tag-conte","tag-contemporary-art","tag-elliot-vaucher","tag-experimental","tag-fantastique","tag-goncerut","tag-hexa","tag-hkb","tag-litterature","tag-pasquart","tag-poetry","tag-posesie","tag-vincent-delaleu","tag-we-are-the-cause-2","tag-wearethecause"],"_links":{"self":[{"href":"https:\/\/cause.ch\/lab\/wp-json\/wp\/v2\/posts\/1145","targetHints":{"allow":["GET"]}}],"collection":[{"href":"https:\/\/cause.ch\/lab\/wp-json\/wp\/v2\/posts"}],"about":[{"href":"https:\/\/cause.ch\/lab\/wp-json\/wp\/v2\/types\/post"}],"author":[{"embeddable":true,"href":"https:\/\/cause.ch\/lab\/wp-json\/wp\/v2\/users\/4"}],"replies":[{"embeddable":true,"href":"https:\/\/cause.ch\/lab\/wp-json\/wp\/v2\/comments?post=1145"}],"version-history":[{"count":30,"href":"https:\/\/cause.ch\/lab\/wp-json\/wp\/v2\/posts\/1145\/revisions"}],"predecessor-version":[{"id":1186,"href":"https:\/\/cause.ch\/lab\/wp-json\/wp\/v2\/posts\/1145\/revisions\/1186"}],"wp:attachment":[{"href":"https:\/\/cause.ch\/lab\/wp-json\/wp\/v2\/media?parent=1145"}],"wp:term":[{"taxonomy":"category","embeddable":true,"href":"https:\/\/cause.ch\/lab\/wp-json\/wp\/v2\/categories?post=1145"},{"taxonomy":"post_tag","embeddable":true,"href":"https:\/\/cause.ch\/lab\/wp-json\/wp\/v2\/tags?post=1145"}],"curies":[{"name":"wp","href":"https:\/\/api.w.org\/{rel}","templated":true}]}}