{"id":1233,"date":"2014-07-14T16:12:43","date_gmt":"2014-07-14T14:12:43","guid":{"rendered":"http:\/\/cause.ch\/lab\/?p=1233"},"modified":"2014-12-01T13:48:22","modified_gmt":"2014-12-01T12:48:22","slug":"champions-du-monde","status":"publish","type":"post","link":"https:\/\/cause.ch\/lab\/we-are-the-cause\/champions-du-monde\/","title":{"rendered":"Champions du Monde"},"content":{"rendered":"<div class=\"center_text arx_pad_2\">\n<a href=\"http:\/\/cause.ch\/lab\/wp-content\/uploads\/2014\/07\/wearethecause_wearethechampions.jpg\"><img loading=\"lazy\" decoding=\"async\" src=\"http:\/\/cause.ch\/lab\/wp-content\/uploads\/2014\/07\/wearethecause_wearethechampions.jpg\" alt=\"wearethecause_wearethechampions\" width=\"1000\" height=\"527\" class=\"alignnone size-full wp-image-1242\" srcset=\"https:\/\/cause.ch\/lab\/wp-content\/uploads\/2014\/07\/wearethecause_wearethechampions.jpg 1000w, https:\/\/cause.ch\/lab\/wp-content\/uploads\/2014\/07\/wearethecause_wearethechampions-300x158.jpg 300w\" sizes=\"auto, (max-width: 1000px) 100vw, 1000px\" \/><\/a>\n<\/div>\n<p class=\"arx_1 arx_pad_2 center_content\">\nDimanche en fin de journ\u00e9e, tous les fanas de foot du quartier s\u2019\u00e9taient r\u00e9unis au si\u00e8ge de Cause, le nouveau centre d\u2019animation socio-culturel de Gland.\n<\/p>\n<div class=\"center_text arx_pad_2\">\n<a href=\"http:\/\/cause.ch\/lab\/wp-content\/uploads\/2014\/07\/wearethecause_worldcupfinal.jpg\"><img loading=\"lazy\" decoding=\"async\" src=\"http:\/\/cause.ch\/lab\/wp-content\/uploads\/2014\/07\/wearethecause_worldcupfinal.jpg\" alt=\"wearethecause_worldcupfinal\" width=\"1000\" height=\"750\" class=\"alignnone size-full wp-image-1244\" srcset=\"https:\/\/cause.ch\/lab\/wp-content\/uploads\/2014\/07\/wearethecause_worldcupfinal.jpg 1000w, https:\/\/cause.ch\/lab\/wp-content\/uploads\/2014\/07\/wearethecause_worldcupfinal-300x225.jpg 300w\" sizes=\"auto, (max-width: 1000px) 100vw, 1000px\" \/><\/a>\n<\/div>\n<p class=\"arx_1 arx_pad_1 center_content\">\nApr\u00e8s quelques matchs de baby-foot pour l\u2019\u00e9chauffement, les fallafels \u00e0 Fred, d\u00e9cemment renomm\u00e9s \u00ab Fallafred \u00bb furent rapidement servis aux convives. Une fois que le four \u00e0 raclette tournait \u00e0 plein r\u00e9gime, le concept gastronomique fut pouss\u00e9 un peu plus loin par St\u00e9phane, s\u2019essayant avec plus ou moins de succ\u00e8s \u00e0 la falaflette. Pas besoin de vous faire un dessin pour savoir en quoi \u00e7a consiste, le terme parle de lui-m\u00eame.\n<\/p>\n<p class=\"arx_1 arx_pad_1 center_content\">\nPas d\u2019image non plus pour vous pr\u00e9senter le g\u00e2teau \u00e0 J\u00e9r\u00f4me. Pour vous faire une id\u00e9e, \u00e7a ressemblait plus \u00e0 Copacabana un soir de 7-1 qu\u2019\u00e0 une Kneipe berlinoise un soir de 13.07.14 \u00e0 23h45.\n<\/p>\n<p class=\"arx_1 arx_pad_2 center_content\">\nBon allez, voici la r\u00e9v\u00e9lation de la Coupe du monde des p\u00e2tissiers :\n<\/p>\n<div class=\"center_text arx_pad_0\">\n<a href=\"http:\/\/cause.ch\/lab\/wp-content\/uploads\/2014\/07\/wearethecause_tarte_degueu_jerome_saugy.jpg\"><img loading=\"lazy\" decoding=\"async\" src=\"http:\/\/cause.ch\/lab\/wp-content\/uploads\/2014\/07\/wearethecause_tarte_degueu_jerome_saugy.jpg\" alt=\"wearethecause_tarte_degueu_jerome_saugy\" width=\"480\" height=\"452\" class=\"alignnone size-full wp-image-1241\" srcset=\"https:\/\/cause.ch\/lab\/wp-content\/uploads\/2014\/07\/wearethecause_tarte_degueu_jerome_saugy.jpg 1000w, https:\/\/cause.ch\/lab\/wp-content\/uploads\/2014\/07\/wearethecause_tarte_degueu_jerome_saugy-300x282.jpg 300w\" sizes=\"auto, (max-width: 480px) 100vw, 480px\" \/><\/a>\n<\/div>\n<p class=\"arx_1 arx_pad_2 center_content\" style=\"text-align:right\">\n<i>Il l\u2019a par la suite lui-m\u00eame reconnu :<br \/>\n\u00ab Je suis meilleur pour les tresses que pour les g\u00e2teaux \u00bb.<\/i>\n<\/p>\n<p class=\"arx_1 arx_pad_1 center_content\">\nLes plus malins ont pr\u00e9f\u00e9r\u00e9 attendre le g\u00e2teau aux abricots-meringues d\u2019Arnaud, venu pratiquer son coup de raclonnade en pr\u00e9vision d\u2019un rendez-vous traiteur-raclette chez l\u2019ambassadeur \u00e0 T\u00e9h\u00e9ran.\n<\/p>\n<p class=\"arx_1 arx_pad_1 center_content\">\nEn parlant d\u2019ambassadeur, l\u2019intenable F. Steimer &#8211; qui s\u2019\u00e9tait un peu plus t\u00f4t embray\u00e9 \u00e0 la ca\u00efpi &#8211; a mis le feu aux poudres tout au long du match par des d\u00e9bordements digne de Sch\u00fcrrle (c\u2019est pas du jus de pommes).\n<\/p>\n<p class=\"arx_1 arx_pad_1 center_content\">\nSans appel, et ping pong mis \u00e0 part, sa prestation s\u2019est av\u00e9r\u00e9e nettement meilleure qu\u2019il y a 3 semaines au tournoi de Gingins.\n<\/p>\n<p class=\"arx_1 arx_pad_2 center_content\">\nLe rotoillon (ndlr : une David Luiz dans le jargon footballistique) est, lui, venu de la main droite de Michi Ris, qui malgr\u00e9 10 ans d\u2019exp\u00e9rience pongiste au club de tennis de table de Bougy-Villars, n\u2019a pas support\u00e9 la pression du public acquis \u00e0 la CAUSE de Diegal.\n<\/p>\n<div class=\"center_text arx_pad_1\">\n<a href=\"http:\/\/cause.ch\/lab\/wp-content\/uploads\/2014\/07\/wearethecause_pingpong_michi_ris_diego_thonney.jpg\"><img loading=\"lazy\" decoding=\"async\" src=\"http:\/\/cause.ch\/lab\/wp-content\/uploads\/2014\/07\/wearethecause_pingpong_michi_ris_diego_thonney.jpg\" alt=\"wearethecause_pingpong_michi_ris_diego_thonney\" width=\"1000\" height=\"708\" class=\"alignnone size-full wp-image-1240\" srcset=\"https:\/\/cause.ch\/lab\/wp-content\/uploads\/2014\/07\/wearethecause_pingpong_michi_ris_diego_thonney.jpg 1000w, https:\/\/cause.ch\/lab\/wp-content\/uploads\/2014\/07\/wearethecause_pingpong_michi_ris_diego_thonney-300x212.jpg 300w\" sizes=\"auto, (max-width: 1000px) 100vw, 1000px\" \/><\/a>\n<\/div>\n<p class=\"arx_1 arx_pad_2 center_content\" style=\"text-align:right\">\n<i>\u00ab Rater son avion pour Biarritz et la balle de match,<br \/>\ntout \u00e7a en un soir, \u00e7a fait beaucoup \u00bb<\/i><br \/>\n &#8211; Fred S.\n<\/p>\n<p class=\"arx_1 arx_pad_1 center_content\">\nQuant au fr\u00e8re ain\u00e9 de la famille Ris, on ne nous a pas communiqu\u00e9 ses r\u00e9sultats, lui-m\u00eame ne les connaissait pas. Ce qui est vite apparu comme une \u00e9vidence, c\u2019est qu\u2019il est aussi assidu au ping pong qu\u2019\u00e0 la grimpe.\n<\/p>\n<p class=\"arx_1 arx_pad_1 center_content\">\nPour le foot faudra attendre la Coupe du Monde en 2018.\n<\/p>\n<p class=\"arx_1 arx_pad_1 center_content\">\nEn pr\u00e9vision du Mondial 2018, Fasel a \u00e9t\u00e9 engag\u00e9 par la RTS en tant que consultant-statisticien. M\u00eame Bernard Challandes a du souci \u00e0 se faire.\n<\/p>\n<p class=\"arx_1 arx_pad_2 center_content\">\nPour la remise des prix, les juges \u00e9taient unanimes : si on devait \u00e9lire un champion du monde &#8211; ballon d\u2019or &#8211; meilleur espoir &#8211; meilleur buteur &#8211; meilleur gardien et surtout meilleur manteau, \u00e7a serait forc\u00e9ment Karian, notre Sepp Blatter \u00e0 nous, le charisme et la classe en plus.\n<\/p>\n<div class=\"center_text arx_pad_2\">\n<a href=\"http:\/\/cause.ch\/lab\/wp-content\/uploads\/2014\/07\/wearethecause_baron_karian_foehr.jpg\"><img loading=\"lazy\" decoding=\"async\" src=\"http:\/\/cause.ch\/lab\/wp-content\/uploads\/2014\/07\/wearethecause_baron_karian_foehr.jpg\" alt=\"wearethecause_baron_karian_foehr\" width=\"324\" height=\"700\" class=\"alignnone size-full wp-image-1234\" \/><\/a>\n<\/div>\n<p class=\"arx_1 arx_pad_2 center_content\">\n<i>PS : pour la commande de g\u00e2teau, une seule adresse : <a href=\"http:\/\/www.facilitateur.ch\">www.facilitateur.ch<\/a><\/i><\/p>\n","protected":false},"excerpt":{"rendered":"<p>Dimanche en fin de journ\u00e9e, tous les fanas de foot du quartier s\u2019\u00e9taient r\u00e9unis au si\u00e8ge de Cause, le nouveau centre d\u2019animation socio-culturel de Gland. Apr\u00e8s quelques matchs de baby-foot pour l\u2019\u00e9chauffement, les fallafels \u00e0 Fred, d\u00e9cemment renomm\u00e9s \u00ab Fallafred \u00bb furent rapidement servis aux convives. Une fois que le four \u00e0 raclette tournait \u00e0 [&hellip;]<\/p>\n","protected":false},"author":4,"featured_media":0,"comment_status":"open","ping_status":"open","sticky":false,"template":"","format":"standard","meta":{"footnotes":""},"categories":[1],"tags":[],"class_list":["post-1233","post","type-post","status-publish","format-standard","hentry","category-we-are-the-cause"],"_links":{"self":[{"href":"https:\/\/cause.ch\/lab\/wp-json\/wp\/v2\/posts\/1233","targetHints":{"allow":["GET"]}}],"collection":[{"href":"https:\/\/cause.ch\/lab\/wp-json\/wp\/v2\/posts"}],"about":[{"href":"https:\/\/cause.ch\/lab\/wp-json\/wp\/v2\/types\/post"}],"author":[{"embeddable":true,"href":"https:\/\/cause.ch\/lab\/wp-json\/wp\/v2\/users\/4"}],"replies":[{"embeddable":true,"href":"https:\/\/cause.ch\/lab\/wp-json\/wp\/v2\/comments?post=1233"}],"version-history":[{"count":17,"href":"https:\/\/cause.ch\/lab\/wp-json\/wp\/v2\/posts\/1233\/revisions"}],"predecessor-version":[{"id":1396,"href":"https:\/\/cause.ch\/lab\/wp-json\/wp\/v2\/posts\/1233\/revisions\/1396"}],"wp:attachment":[{"href":"https:\/\/cause.ch\/lab\/wp-json\/wp\/v2\/media?parent=1233"}],"wp:term":[{"taxonomy":"category","embeddable":true,"href":"https:\/\/cause.ch\/lab\/wp-json\/wp\/v2\/categories?post=1233"},{"taxonomy":"post_tag","embeddable":true,"href":"https:\/\/cause.ch\/lab\/wp-json\/wp\/v2\/tags?post=1233"}],"curies":[{"name":"wp","href":"https:\/\/api.w.org\/{rel}","templated":true}]}}