{"id":1269,"date":"2014-08-27T14:15:29","date_gmt":"2014-08-27T12:15:29","guid":{"rendered":"http:\/\/cause.ch\/lab\/?p=1269"},"modified":"2014-08-28T14:43:08","modified_gmt":"2014-08-28T12:43:08","slug":"lamazone-au-fil-du-cossy","status":"publish","type":"post","link":"https:\/\/cause.ch\/lab\/we-are-the-cause\/lamazone-au-fil-du-cossy\/","title":{"rendered":"L&#8217;Amazone au fil du Cossy"},"content":{"rendered":"<div class=\"center_text arx_pad_2\">\n<a href=\"http:\/\/cause.ch\/lab\/wp-content\/uploads\/2014\/08\/l-asse-radio-amazonie-yann-gross-far2014.jpg\"><img loading=\"lazy\" decoding=\"async\" src=\"http:\/\/cause.ch\/lab\/wp-content\/uploads\/2014\/08\/l-asse-radio-amazonie-yann-gross-far2014.jpg\" alt=\"l-asse-radio-amazonie-yann-gross-far2014\" width=\"1000\" height=\"667\" class=\"alignnone size-full wp-image-1265\" srcset=\"https:\/\/cause.ch\/lab\/wp-content\/uploads\/2014\/08\/l-asse-radio-amazonie-yann-gross-far2014.jpg 1000w, https:\/\/cause.ch\/lab\/wp-content\/uploads\/2014\/08\/l-asse-radio-amazonie-yann-gross-far2014-300x200.jpg 300w, https:\/\/cause.ch\/lab\/wp-content\/uploads\/2014\/08\/l-asse-radio-amazonie-yann-gross-far2014-640x426.jpg 640w\" sizes=\"auto, (max-width: 1000px) 100vw, 1000px\" \/><\/a>\n<\/div>\n<p class=\"arx_1 arx_pad_1 center_content\" style=\"text-align:center\">\n&#8211; Mardi 19 ao\u00fbt \u00e0 la tomb\u00e9e de la nuit, gare cff c\u00f4t\u00e9 nord \u00e0 Nyon &#8211;\n<\/p>\n<p class=\"arx_1 arx_pad_0 center_content\">\nLe staff du <a href=\"http:\/\/www.festival-far.ch\/\">FAR\u00b0<\/a> (festival des arts vivants) accueille par vagues un public nombreux, tr\u00e9pignant d&#8217;impatience et d&#8217;excitation, attir\u00e9s par la rumeur du myst\u00e8re. Quelques passants anodins sourcillent \u00e0 la vue de ces festivaliers somme toute \u00e9trangement accoutr\u00e9s, par\u00e9s comme pour une exp\u00e9dition de forage en souterrain.\n<\/p>\n<p class=\"arx_1 arx_pad_1 center_content\">\nQuelques infortun\u00e9s sans billets tentent de n\u00e9gocier la possibilit\u00e9 de se joindre aux derni\u00e8res visites de la soir\u00e9e. On s&#8217;arrache les ultimes places, l&#8217;expo affiche complet, et pour cause.\n<\/p>\n<p class=\"arx_1 arx_pad_1 center_content\">\nIl faut dire qu&#8217;on est l\u00e0 pour d\u00e9couvrir <a href=\"http:\/\/www.festival-far.ch\/index.php?id=718\">Radio Amazonie<\/a>, la derni\u00e8re cr\u00e9ation du photographe suisse <a href=\"http:\/\/www.yanngross.com\">Yann Gross<\/a> (<a href=\"http:\/\/www.yanngross.com\/horizonville.htm\">Horizonville<\/a>, <a href=\"http:\/\/www.yanngross.com\/lavina.htm\">Lavina<\/a>, \u2026) Avec, conform\u00e9ment aux penchants du festival pour l&#8217;exp\u00e9rimental, une id\u00e9e originale \u00e0 la clef:\n<\/p>\n<p class=\"arx_1 arx_pad_0 center_content\">\nAu lieu de paradoxalement \u00e9touffer l&#8217;art entre les murs froids et insipides d&#8217;une galerie d&#8217;expo, le photographe a pu faire appel \u00e0 l&#8217;infrastructure la plus propice \u00e0 rendre son travail au monde sauvage qui l&#8217;a inspir\u00e9.\n<\/p>\n<p class=\"arx_1 arx_pad_1 center_content\">\nPas de guide, pas de textes, un minimum d&#8217;explications, le public comprend qu&#8217;il doit se faire explorateur, partir \u00e0 la rencontre de l&#8217;oeuvre, muni seulement d&#8217;une lampe torche, d&#8217;un lecteur mp3 et de bottes en plastique.\n<\/p>\n<p class=\"arx_1 arx_pad_1 center_content\">\nOn reste vague et \u00e9nigmatique quant aux d\u00e9tails du parcours: les ayant conduites jusqu&#8217;\u00e0 un ravin descendant vers le lit du Cossy, petit ruisseau nyonnais, le staff prend cong\u00e9 des cord\u00e9es successives, avec comme unique consigne: <i>&#8220;ne quittez pas la rivi\u00e8re!&#8221;<\/i>\n<\/p>\n<p class=\"arx_1 arx_pad_1 center_content\">\nLe public abandonne un instant son identit\u00e9 (sa carte d&#8217;identit\u00e9 d&#8217;ailleurs laiss\u00e9e en consigne pour l&#8217;emprunt du mat\u00e9riel audio) et plonge dans l&#8217;inconnu. Pataugeant dans l&#8217;eau, remontant \u00e0 contre courant, on ne tarde pas \u00e0 tomber sur une succession de caissons lumineux (r\u00e9alis\u00e9s par Bernard Delacoste) et d&#8217;\u00e9crans cin\u00e9ma d\u00e9chirant l&#8217;obscurit\u00e9, r\u00e9v\u00e9lant les documents et clich\u00e9s du photographe.\n<\/p>\n<p class=\"arx_1 arx_pad_1 center_content\">\n<i>&#8220;Dans son travail, Yann Gross s\u2019int\u00e9resse aux identit\u00e9s et aux sentiments\u00a0d\u2019appartenance \u00e0 une communaut\u00e9. En r\u00e9alisant un documentaire photographique\u00a0en Amazonie, qui cherche \u00e0 confronter une r\u00e9alit\u00e9 contemporaine avec l\u2019imaginaire\u00a0d\u2019un monde sauvage, il s\u2019interroge sur les notions d\u2019authenticit\u00e9 et de folklore.\u00a0&#8220;<\/i>, explique le site du FAR\u00b0.\n<\/p>\n<p class=\"arx_1 arx_pad_1 center_content\">\nPas de guide audio non-plus pour diss\u00e9quer \u00e0 la moelle le mat\u00e9riau de l&#8217;expo et contraindre l&#8217;intuition du spectateur \u00e0 une interpr\u00e9tation faussement objective le frustrant d&#8217;un sentiment d&#8217;ignorance et paralysant son imaginaire: \u00e0 la place, une \u00e9mission de radio (r\u00e9alis\u00e9e par Yann Gross sur la base de ses carnets de voyage) m\u00ealant anecdotes, histoire, sons, rythmes, l\u00e9gendes et visions r\u00e9colt\u00e9s le long d&#8217;une odyss\u00e9e amazonienne richement imag\u00e9e par le ma\u00eetre de c\u00e9r\u00e9monie.\n<\/p>\n<p class=\"arx_1 arx_pad_1 center_content\" style=\"text-align:center\">\n<i> <a href=\"http:\/\/www.festival-far.ch\/assets\/images\/2014\/web_2014\/web%20gallery%202014\/PART1_radioamazonie.mp3\">Partie 1     <\/a> <a href=\"http:\/\/www.festival-far.ch\/assets\/images\/2014\/web_2014\/web%20gallery%202014\/PART2_radioamazonie.mp3\">Partie 2     <\/a> <a href=\"http:\/\/www.festival-far.ch\/assets\/images\/2014\/web_2014\/PART3_radioamazonie.mp3\">Partie 3<\/a><\/i>\n<\/p>\n<p class=\"arx_1 arx_pad_1 center_content\">\nSoyons d&#8217;accord, l&#8217;illusion n&#8217;est jamais r\u00e9ellement compl\u00e8te, mais les d\u00e9cors et les installations sont assez subtilement agenc\u00e9s pour placer le spectateur \u00e0 mi-chemin hors de sa zone de confort: sous la couverture de la nuit et des arbres, les d\u00e9tails se combinent pour impr\u00e9gner son regard d&#8217;exotisme, et rendre aux \u00e9l\u00e9ments expos\u00e9s tout leur \u00e9clat. L&#8217;impression est forte, la conscience de l&#8217;observateur est maintenue en \u00e9tat d&#8217;\u00e9veil, sa vue se fait plus per\u00e7ante, sa curiosit\u00e9 est alerte, et sa sensibilit\u00e9 aux aguets: la fr\u00e9quence est id\u00e9ale pour lui permettre d&#8217;appr\u00e9cier \u00e0 juste titre l&#8217;oeuvre dans son \u00e9l\u00e9ment naturel.\n<\/p>\n<p class=\"arx_1 arx_pad_2 center_content\">\nApr\u00e8s une heure, on \u00e9merge du ravin. Les sensations ont \u00e9t\u00e9 suffisamment intenses pour \u00eatre surpris \u00e0 la sortie par la pr\u00e9sence imposante d&#8217;immeubles de la banlieue nyonnaise, la r\u00e9gularit\u00e9 de la coupe de la pelouse et la fra\u00eecheur de l&#8217;air. Une derni\u00e8re photo-souvenir avec la faune sauvage locale, avant un retour inspir\u00e9 \u00e0 la norme Suisse, \u00e9tonnamment banale pour le coup. D\u00e9paysement express r\u00e9ussi.\n<\/p>\n<div class=\"center_text arx_pad_2\">\n<a href=\"http:\/\/cause.ch\/lab\/wp-content\/uploads\/2014\/08\/photo-radio-amazonie-yann-gross-far2014.jpg\"><img loading=\"lazy\" decoding=\"async\" src=\"http:\/\/cause.ch\/lab\/wp-content\/uploads\/2014\/08\/photo-radio-amazonie-yann-gross-far2014.jpg\" alt=\"photo-radio-amazonie-yann-gross-far2014\" width=\"480\" height=\"720\" class=\"alignnone size-full wp-image-1267\" srcset=\"https:\/\/cause.ch\/lab\/wp-content\/uploads\/2014\/08\/photo-radio-amazonie-yann-gross-far2014.jpg 667w, https:\/\/cause.ch\/lab\/wp-content\/uploads\/2014\/08\/photo-radio-amazonie-yann-gross-far2014-200x300.jpg 200w\" sizes=\"auto, (max-width: 480px) 100vw, 480px\" \/><\/a>\n<\/div>\n<div class=\"center_text arx_pad_2\">\n<a href=\"http:\/\/cause.ch\/lab\/wp-content\/uploads\/2014\/08\/chasseur-radio-amazonie-yann-gross-far2014.jpg\"><img loading=\"lazy\" decoding=\"async\" src=\"http:\/\/cause.ch\/lab\/wp-content\/uploads\/2014\/08\/chasseur-radio-amazonie-yann-gross-far2014.jpg\" alt=\"chasseur-radio-amazonie-yann-gross-far2014\" width=\"1000\" height=\"667\" class=\"alignnone size-full wp-image-1263\" srcset=\"https:\/\/cause.ch\/lab\/wp-content\/uploads\/2014\/08\/chasseur-radio-amazonie-yann-gross-far2014.jpg 1000w, https:\/\/cause.ch\/lab\/wp-content\/uploads\/2014\/08\/chasseur-radio-amazonie-yann-gross-far2014-300x200.jpg 300w, https:\/\/cause.ch\/lab\/wp-content\/uploads\/2014\/08\/chasseur-radio-amazonie-yann-gross-far2014-640x426.jpg 640w\" sizes=\"auto, (max-width: 1000px) 100vw, 1000px\" \/><\/a>\n<\/div>\n<div class=\"center_text arx_pad_2\">\n<a href=\"http:\/\/cause.ch\/lab\/wp-content\/uploads\/2014\/08\/lion-radio-amazonie-yann-goss-far2014.jpg\"><img loading=\"lazy\" decoding=\"async\" src=\"http:\/\/cause.ch\/lab\/wp-content\/uploads\/2014\/08\/lion-radio-amazonie-yann-goss-far2014.jpg\" alt=\"lion-radio-amazonie-yann-goss-far2014\" width=\"1000\" height=\"667\" class=\"alignnone size-full wp-image-1266\" srcset=\"https:\/\/cause.ch\/lab\/wp-content\/uploads\/2014\/08\/lion-radio-amazonie-yann-goss-far2014.jpg 1000w, https:\/\/cause.ch\/lab\/wp-content\/uploads\/2014\/08\/lion-radio-amazonie-yann-goss-far2014-300x200.jpg 300w, https:\/\/cause.ch\/lab\/wp-content\/uploads\/2014\/08\/lion-radio-amazonie-yann-goss-far2014-640x426.jpg 640w\" sizes=\"auto, (max-width: 1000px) 100vw, 1000px\" \/><\/a>\n<\/div>\n<div class=\"center_text arx_pad_2\">\n<a href=\"http:\/\/cause.ch\/lab\/wp-content\/uploads\/2014\/08\/reflet-radio-amazonie-yann-gross-far2014.jpg\"><img loading=\"lazy\" decoding=\"async\" src=\"http:\/\/cause.ch\/lab\/wp-content\/uploads\/2014\/08\/reflet-radio-amazonie-yann-gross-far2014.jpg\" alt=\"reflet-radio-amazonie-yann-gross-far2014\" width=\"480\" height=\"720\" class=\"alignnone size-full wp-image-1268\" srcset=\"https:\/\/cause.ch\/lab\/wp-content\/uploads\/2014\/08\/reflet-radio-amazonie-yann-gross-far2014.jpg 667w, https:\/\/cause.ch\/lab\/wp-content\/uploads\/2014\/08\/reflet-radio-amazonie-yann-gross-far2014-200x300.jpg 200w\" sizes=\"auto, (max-width: 480px) 100vw, 480px\" \/><\/a>\n<\/div>\n<div class=\"center_text arx_pad_2\">\n<a href=\"http:\/\/cause.ch\/lab\/wp-content\/uploads\/2014\/08\/guepard-radio-amazonie-yann-gross-far2014.jpg\"><img loading=\"lazy\" decoding=\"async\" src=\"http:\/\/cause.ch\/lab\/wp-content\/uploads\/2014\/08\/guepard-radio-amazonie-yann-gross-far2014.jpg\" alt=\"guepard-radio-amazonie-yann-gross-far2014\" width=\"1000\" height=\"750\" class=\"alignnone size-full wp-image-1264\" srcset=\"https:\/\/cause.ch\/lab\/wp-content\/uploads\/2014\/08\/guepard-radio-amazonie-yann-gross-far2014.jpg 1000w, https:\/\/cause.ch\/lab\/wp-content\/uploads\/2014\/08\/guepard-radio-amazonie-yann-gross-far2014-300x225.jpg 300w\" sizes=\"auto, (max-width: 1000px) 100vw, 1000px\" \/><\/a>\n<\/div>\n","protected":false},"excerpt":{"rendered":"<p>&#8211; Mardi 19 ao\u00fbt \u00e0 la tomb\u00e9e de la nuit, gare cff c\u00f4t\u00e9 nord \u00e0 Nyon &#8211; Le staff du FAR\u00b0 (festival des arts vivants) accueille par vagues un public nombreux, tr\u00e9pignant d&#8217;impatience et d&#8217;excitation, attir\u00e9s par la rumeur du myst\u00e8re. Quelques passants anodins sourcillent \u00e0 la vue de ces festivaliers somme toute \u00e9trangement accoutr\u00e9s, [&hellip;]<\/p>\n","protected":false},"author":4,"featured_media":0,"comment_status":"open","ping_status":"open","sticky":false,"template":"","format":"standard","meta":{"footnotes":""},"categories":[1],"tags":[154,159,7,153,156,90,157,158,29,155],"class_list":["post-1269","post","type-post","status-publish","format-standard","hentry","category-we-are-the-cause","tag-154","tag-amazonie","tag-cause","tag-far","tag-gross","tag-nyon","tag-photographie","tag-radio","tag-wearethecause","tag-yann"],"_links":{"self":[{"href":"https:\/\/cause.ch\/lab\/wp-json\/wp\/v2\/posts\/1269","targetHints":{"allow":["GET"]}}],"collection":[{"href":"https:\/\/cause.ch\/lab\/wp-json\/wp\/v2\/posts"}],"about":[{"href":"https:\/\/cause.ch\/lab\/wp-json\/wp\/v2\/types\/post"}],"author":[{"embeddable":true,"href":"https:\/\/cause.ch\/lab\/wp-json\/wp\/v2\/users\/4"}],"replies":[{"embeddable":true,"href":"https:\/\/cause.ch\/lab\/wp-json\/wp\/v2\/comments?post=1269"}],"version-history":[{"count":14,"href":"https:\/\/cause.ch\/lab\/wp-json\/wp\/v2\/posts\/1269\/revisions"}],"predecessor-version":[{"id":1283,"href":"https:\/\/cause.ch\/lab\/wp-json\/wp\/v2\/posts\/1269\/revisions\/1283"}],"wp:attachment":[{"href":"https:\/\/cause.ch\/lab\/wp-json\/wp\/v2\/media?parent=1269"}],"wp:term":[{"taxonomy":"category","embeddable":true,"href":"https:\/\/cause.ch\/lab\/wp-json\/wp\/v2\/categories?post=1269"},{"taxonomy":"post_tag","embeddable":true,"href":"https:\/\/cause.ch\/lab\/wp-json\/wp\/v2\/tags?post=1269"}],"curies":[{"name":"wp","href":"https:\/\/api.w.org\/{rel}","templated":true}]}}