{"id":1295,"date":"2014-09-02T19:15:21","date_gmt":"2014-09-02T17:15:21","guid":{"rendered":"http:\/\/cause.ch\/lab\/?p=1295"},"modified":"2014-09-03T12:16:07","modified_gmt":"2014-09-03T10:16:07","slug":"b-i-f-f-l-2014","status":"publish","type":"post","link":"https:\/\/cause.ch\/lab\/we-are-the-cause\/b-i-f-f-l-2014\/","title":{"rendered":"B.I.F.F.L. 2014"},"content":{"rendered":"<div class=\"center_text arx_pad_2\">\n<a href=\"http:\/\/cause.ch\/lab\/wp-content\/uploads\/2014\/09\/affiche-biffl-2014.jpg\"><img loading=\"lazy\" decoding=\"async\" src=\"http:\/\/cause.ch\/lab\/wp-content\/uploads\/2014\/09\/affiche-biffl-2014.jpg\" alt=\"affiche-biffl-2014\" width=\"960\" height=\"589\" class=\"alignnone size-full wp-image-1294\" srcset=\"https:\/\/cause.ch\/lab\/wp-content\/uploads\/2014\/09\/affiche-biffl-2014.jpg 960w, https:\/\/cause.ch\/lab\/wp-content\/uploads\/2014\/09\/affiche-biffl-2014-300x184.jpg 300w\" sizes=\"auto, (max-width: 960px) 100vw, 960px\" \/><\/a>\n<\/div>\n<p class=\"arx_1 arx_pad_1 center_content\">\n\u00c0 tous ceux qui, aussi invraisemblable puisse-t-il para\u00eetre, sont jusqu&#8217;\u00e0 ce jour demeur\u00e9s dans une ignorance des plus improbables &#8211; autrement excusable que par le fait de s&#8217;\u00eatre, par exemple, tellement complu de 28 ans d&#8217;isolement absolu au fond d&#8217;un abri atomique dans la banlieue de Pripiat pour n&#8217;en \u00e9merger que maintenant (n&#8217;ayant pas vu filer le temps, faute de tant d&#8217;amusement) &#8211; nous annon\u00e7ons ici la premi\u00e8re \u00e9dition du BIFFL (Baumettaz International Film Festival of Lochness).\n<\/p>\n<p class=\"arx_1 arx_pad_1 center_content\">\nEn effet &#8211; et ce sera aussi l&#8217;occasion pour les rescap\u00e9s de Tchernobyl sus-cit\u00e9s de faire une mise au point culturelle pour compenser un trou historique d&#8217;un quart de si\u00e8cle &#8211; une vingtaine de courts m\u00e9trages sign\u00e9s du g\u00e9nie des plus hautes pointures du cin\u00e9ma exp\u00e9rimental international Crissi\u00e9rois seront en comp\u00e9tition ce samedi 6 septembre pour se disputer ce qui constitue sans doute la plus haute distinction \u00e0 convoiter actuellement  par tout agent du septi\u00e8me art.\n<\/p>\n<p class=\"arx_1 arx_pad_1 center_content\">\nSuite \u00e0 une palpitante mont\u00e9e des marches sur le tapis rouge d\u00e9ploy\u00e9 aux abords du palais des Baumettes qui verra d\u00e9filer une all\u00e9chante palette d&#8217;invit\u00e9s compos\u00e9e d&#8217;innombrables c\u00e9l\u00e9brit\u00e9s venus du quatre coins du monde assister \u00e0 l&#8217;\u00e9v\u00e9nement clef de notre \u00e8re, la c\u00e9r\u00e9monie d&#8217;ouverture d\u00e9butera d\u00e8s 16:00, avec une interpr\u00e9tation de l&#8217;anthem du festival par un duo des plus attendu entre Luciano Pavarotti et Lemmi Kilmister.\n<\/p>\n<p class=\"arx_1 arx_pad_1 center_content\">\nOn continuera avec notamment une intervention de Papa Didier B\u00fcrkhalter en personne, qui donnera un discours poignant sur l&#8217;extr\u00eame importance de ce genre d&#8217;action culturelle dans des r\u00e9gions aussi d\u00e9vast\u00e9es par l&#8217;\u00e9pid\u00e9mie du chol\u00e9ra psychosomatique, puis un num\u00e9ro de blattes acrobatiques par Patrick Sebastien, pour d\u00e9tendre une atmosph\u00e8re qui sera pleine de tension en l&#8217;attente du d\u00e9but des projections \u00e0 21:00.\n<\/p>\n<p class=\"arx_1 arx_pad_2 center_content\">\nPour plus d&#8217;informations, n&#8217;h\u00e9sitez pas \u00e0 visiter <a href=\"http:\/\/fjoord.com\/biffl\/\" target=\"_blank\">la page du site officiel du festival<\/a>, ou sa <a href=\"https:\/\/www.facebook.com\/lebiffl\" target=\"_blank\">page facebook<\/a>. On vous laisse avec quelques affiches parmi les pellicules in\u00e9dites que le BIFFL vous r\u00e9serve. \u00c0 samedi!\n<\/p>\n<div class=\"center_text arx_pad_2\">\n<a href=\"http:\/\/cause.ch\/lab\/wp-content\/uploads\/2014\/09\/sad-sally-pablo-prod-biffl-2014.jpg\"><img loading=\"lazy\" decoding=\"async\" src=\"http:\/\/cause.ch\/lab\/wp-content\/uploads\/2014\/09\/sad-sally-pablo-prod-biffl-2014.jpg\" alt=\"sad-sally-pablo-prod-biffl-2014\" width=\"480\" height=\"663\" class=\"alignnone size-full wp-image-1285\" srcset=\"https:\/\/cause.ch\/lab\/wp-content\/uploads\/2014\/09\/sad-sally-pablo-prod-biffl-2014.jpg 560w, https:\/\/cause.ch\/lab\/wp-content\/uploads\/2014\/09\/sad-sally-pablo-prod-biffl-2014-217x300.jpg 217w\" sizes=\"auto, (max-width: 480px) 100vw, 480px\" \/><\/a>\n<\/div>\n<div class=\"center_text arx_pad_2\">\n<a href=\"http:\/\/cause.ch\/lab\/wp-content\/uploads\/2014\/09\/barrio-seco-trio-triptico-leo-zaffaroni-biffl-2014.jpg\"><img loading=\"lazy\" decoding=\"async\" src=\"http:\/\/cause.ch\/lab\/wp-content\/uploads\/2014\/09\/barrio-seco-trio-triptico-leo-zaffaroni-biffl-2014.jpg\" alt=\"barrio-seco-trio-triptico-leo-zaffaroni-biffl-2014\" width=\"866\" height=\"488\" class=\"alignnone size-full wp-image-1292\" srcset=\"https:\/\/cause.ch\/lab\/wp-content\/uploads\/2014\/09\/barrio-seco-trio-triptico-leo-zaffaroni-biffl-2014.jpg 866w, https:\/\/cause.ch\/lab\/wp-content\/uploads\/2014\/09\/barrio-seco-trio-triptico-leo-zaffaroni-biffl-2014-300x169.jpg 300w\" sizes=\"auto, (max-width: 866px) 100vw, 866px\" \/><\/a>\n<\/div>\n<div class=\"center_text arx_pad_2\">\n<a href=\"http:\/\/cause.ch\/lab\/wp-content\/uploads\/2014\/09\/bon-comme-le-pain-saugy-biffl-2014.jpg\"><img loading=\"lazy\" decoding=\"async\" src=\"http:\/\/cause.ch\/lab\/wp-content\/uploads\/2014\/09\/bon-comme-le-pain-saugy-biffl-2014.jpg\" alt=\"bon-comme-le-pain-saugy-biffl-2014\" width=\"960\" height=\"569\" class=\"alignnone size-full wp-image-1291\" srcset=\"https:\/\/cause.ch\/lab\/wp-content\/uploads\/2014\/09\/bon-comme-le-pain-saugy-biffl-2014.jpg 960w, https:\/\/cause.ch\/lab\/wp-content\/uploads\/2014\/09\/bon-comme-le-pain-saugy-biffl-2014-300x177.jpg 300w\" sizes=\"auto, (max-width: 960px) 100vw, 960px\" \/><\/a>\n<\/div>\n<div class=\"center_text arx_pad_2\">\n<a href=\"http:\/\/cause.ch\/lab\/wp-content\/uploads\/2014\/09\/lonely-planet-bourg51-systems-biffl-2014.jpg\"><img loading=\"lazy\" decoding=\"async\" src=\"http:\/\/cause.ch\/lab\/wp-content\/uploads\/2014\/09\/lonely-planet-bourg51-systems-biffl-2014.jpg\" alt=\"lonely-planet-bourg51-systems-biffl-2014\" width=\"480\" height=\"637\" class=\"alignnone size-full wp-image-1288\" srcset=\"https:\/\/cause.ch\/lab\/wp-content\/uploads\/2014\/09\/lonely-planet-bourg51-systems-biffl-2014.jpg 592w, https:\/\/cause.ch\/lab\/wp-content\/uploads\/2014\/09\/lonely-planet-bourg51-systems-biffl-2014-225x300.jpg 225w\" sizes=\"auto, (max-width: 480px) 100vw, 480px\" \/><\/a>\n<\/div>\n<div class=\"center_text arx_pad_2\">\n<a href=\"http:\/\/cause.ch\/lab\/wp-content\/uploads\/2014\/09\/air-mortel-goncerut-favrod-biffl-2014.jpg\"><img loading=\"lazy\" decoding=\"async\" src=\"http:\/\/cause.ch\/lab\/wp-content\/uploads\/2014\/09\/air-mortel-goncerut-favrod-biffl-2014.jpg\" alt=\"air-mortel-goncerut-favrod-biffl-2014\" width=\"960\" height=\"525\" class=\"alignnone size-full wp-image-1293\" srcset=\"https:\/\/cause.ch\/lab\/wp-content\/uploads\/2014\/09\/air-mortel-goncerut-favrod-biffl-2014.jpg 960w, https:\/\/cause.ch\/lab\/wp-content\/uploads\/2014\/09\/air-mortel-goncerut-favrod-biffl-2014-300x164.jpg 300w\" sizes=\"auto, (max-width: 960px) 100vw, 960px\" \/><\/a>\n<\/div>\n<div class=\"center_text arx_pad_2\">\n<a href=\"http:\/\/cause.ch\/lab\/wp-content\/uploads\/2014\/09\/motown-wotown-perrin-biffl-2014.jpg\"><img loading=\"lazy\" decoding=\"async\" src=\"http:\/\/cause.ch\/lab\/wp-content\/uploads\/2014\/09\/motown-wotown-perrin-biffl-2014.jpg\" alt=\"motown-wotown-perrin-biffl-2014\" width=\"640\" height=\"480\" class=\"alignnone size-full wp-image-1287\" srcset=\"https:\/\/cause.ch\/lab\/wp-content\/uploads\/2014\/09\/motown-wotown-perrin-biffl-2014.jpg 640w, https:\/\/cause.ch\/lab\/wp-content\/uploads\/2014\/09\/motown-wotown-perrin-biffl-2014-300x225.jpg 300w\" sizes=\"auto, (max-width: 640px) 100vw, 640px\" \/><\/a>\n<\/div>\n<div class=\"center_text arx_pad_2\">\n<a href=\"http:\/\/cause.ch\/lab\/wp-content\/uploads\/2014\/09\/light-my-line-fifad-biffl-2014.jpg\"><img loading=\"lazy\" decoding=\"async\" src=\"http:\/\/cause.ch\/lab\/wp-content\/uploads\/2014\/09\/light-my-line-fifad-biffl-2014.jpg\" alt=\"light-my-line-fifad-biffl-2014\" width=\"480\" height=\"586\" class=\"alignnone size-full wp-image-1289\" srcset=\"https:\/\/cause.ch\/lab\/wp-content\/uploads\/2014\/09\/light-my-line-fifad-biffl-2014.jpg 786w, https:\/\/cause.ch\/lab\/wp-content\/uploads\/2014\/09\/light-my-line-fifad-biffl-2014-245x300.jpg 245w\" sizes=\"auto, (max-width: 480px) 100vw, 480px\" \/><\/a>\n<\/div>\n<div class=\"center_text arx_pad_2\">\n<a href=\"http:\/\/cause.ch\/lab\/wp-content\/uploads\/2014\/09\/oui-merci-fasel-carl-biffl-2014.jpg\"><img loading=\"lazy\" decoding=\"async\" src=\"http:\/\/cause.ch\/lab\/wp-content\/uploads\/2014\/09\/oui-merci-fasel-carl-biffl-2014.jpg\" alt=\"oui-merci-fasel-carl-biffl-2014\" width=\"800\" height=\"441\" class=\"alignnone size-full wp-image-1286\" srcset=\"https:\/\/cause.ch\/lab\/wp-content\/uploads\/2014\/09\/oui-merci-fasel-carl-biffl-2014.jpg 800w, https:\/\/cause.ch\/lab\/wp-content\/uploads\/2014\/09\/oui-merci-fasel-carl-biffl-2014-300x165.jpg 300w\" sizes=\"auto, (max-width: 800px) 100vw, 800px\" \/><\/a>\n<\/div>\n<div class=\"center_text arx_pad_2\">\n<a href=\"http:\/\/cause.ch\/lab\/wp-content\/uploads\/2014\/09\/space-roger-jean-grishka-gilles-momo-gautier-biffl-2014.jpg\"><img loading=\"lazy\" decoding=\"async\" src=\"http:\/\/cause.ch\/lab\/wp-content\/uploads\/2014\/09\/space-roger-jean-grishka-gilles-momo-gautier-biffl-2014.jpg\" alt=\"space-roger-jean-grishka-gilles-momo-gautier-biffl-2014\" width=\"960\" height=\"613\" class=\"alignnone size-full wp-image-1284\" srcset=\"https:\/\/cause.ch\/lab\/wp-content\/uploads\/2014\/09\/space-roger-jean-grishka-gilles-momo-gautier-biffl-2014.jpg 960w, https:\/\/cause.ch\/lab\/wp-content\/uploads\/2014\/09\/space-roger-jean-grishka-gilles-momo-gautier-biffl-2014-300x191.jpg 300w\" sizes=\"auto, (max-width: 960px) 100vw, 960px\" \/><\/a>\n<\/div>\n<div class=\"center_text arx_pad_2\">\n<a href=\"http:\/\/cause.ch\/lab\/wp-content\/uploads\/2014\/09\/clown-carabine-boite-a-henri-biffl-2014.jpg\"><img loading=\"lazy\" decoding=\"async\" src=\"http:\/\/cause.ch\/lab\/wp-content\/uploads\/2014\/09\/clown-carabine-boite-a-henri-biffl-2014.jpg\" alt=\"clown-carabine-boite-a-henri-biffl-2014\" width=\"480\" height=\"650\" class=\"alignnone size-full wp-image-1290\" srcset=\"https:\/\/cause.ch\/lab\/wp-content\/uploads\/2014\/09\/clown-carabine-boite-a-henri-biffl-2014.jpg 628w, https:\/\/cause.ch\/lab\/wp-content\/uploads\/2014\/09\/clown-carabine-boite-a-henri-biffl-2014-221x300.jpg 221w\" sizes=\"auto, (max-width: 480px) 100vw, 480px\" \/><\/a>\n<\/div>\n","protected":false},"excerpt":{"rendered":"<p>\u00c0 tous ceux qui, aussi invraisemblable puisse-t-il para\u00eetre, sont jusqu&#8217;\u00e0 ce jour demeur\u00e9s dans une ignorance des plus improbables &#8211; autrement excusable que par le fait de s&#8217;\u00eatre, par exemple, tellement complu de 28 ans d&#8217;isolement absolu au fond d&#8217;un abri atomique dans la banlieue de Pripiat pour n&#8217;en \u00e9merger que maintenant (n&#8217;ayant pas vu [&hellip;]<\/p>\n","protected":false},"author":4,"featured_media":0,"comment_status":"open","ping_status":"open","sticky":false,"template":"","format":"standard","meta":{"footnotes":""},"categories":[1],"tags":[161,160,7,165,162,164,163,107,166,108,29],"class_list":["post-1295","post","type-post","status-publish","format-standard","hentry","category-we-are-the-cause","tag-baumettaz","tag-biffl","tag-cause","tag-courts","tag-crissier","tag-culture","tag-festival","tag-film","tag-metrages","tag-short","tag-wearethecause"],"_links":{"self":[{"href":"https:\/\/cause.ch\/lab\/wp-json\/wp\/v2\/posts\/1295","targetHints":{"allow":["GET"]}}],"collection":[{"href":"https:\/\/cause.ch\/lab\/wp-json\/wp\/v2\/posts"}],"about":[{"href":"https:\/\/cause.ch\/lab\/wp-json\/wp\/v2\/types\/post"}],"author":[{"embeddable":true,"href":"https:\/\/cause.ch\/lab\/wp-json\/wp\/v2\/users\/4"}],"replies":[{"embeddable":true,"href":"https:\/\/cause.ch\/lab\/wp-json\/wp\/v2\/comments?post=1295"}],"version-history":[{"count":11,"href":"https:\/\/cause.ch\/lab\/wp-json\/wp\/v2\/posts\/1295\/revisions"}],"predecessor-version":[{"id":1306,"href":"https:\/\/cause.ch\/lab\/wp-json\/wp\/v2\/posts\/1295\/revisions\/1306"}],"wp:attachment":[{"href":"https:\/\/cause.ch\/lab\/wp-json\/wp\/v2\/media?parent=1295"}],"wp:term":[{"taxonomy":"category","embeddable":true,"href":"https:\/\/cause.ch\/lab\/wp-json\/wp\/v2\/categories?post=1295"},{"taxonomy":"post_tag","embeddable":true,"href":"https:\/\/cause.ch\/lab\/wp-json\/wp\/v2\/tags?post=1295"}],"curies":[{"name":"wp","href":"https:\/\/api.w.org\/{rel}","templated":true}]}}