{"id":1323,"date":"2014-10-08T18:58:50","date_gmt":"2014-10-08T16:58:50","guid":{"rendered":"http:\/\/cause.ch\/lab\/?p=1323"},"modified":"2014-10-09T12:22:52","modified_gmt":"2014-10-09T10:22:52","slug":"surfaces","status":"publish","type":"post","link":"https:\/\/cause.ch\/lab\/we-are-the-cause\/surfaces\/","title":{"rendered":"Surface(s)"},"content":{"rendered":"<div class=\"arx_pad_2 center_text\">\n<iframe loading=\"lazy\" src=\"\/\/player.vimeo.com\/video\/107963131?title=0&amp;byline=0&amp;portrait=0&amp;color=f277e8\" width=\"640\" height=\"273\" frameborder=\"0\" webkitallowfullscreen mozallowfullscreen allowfullscreen><\/iframe>\n<\/div>\n<p class=\"arx_1 center_content arx_pad_0\">\nL&#8217;exposition <a href=\"https:\/\/www.facebook.com\/events\/286968714827815\/?fref=ts\">Surface(s)<\/a> pr\u00e9sente les projets r\u00e9alis\u00e9s par la classe 2014 des \u00e9tudiants de la section master en architecture \u00e0 L&#8217;<a href=\"http:\/\/www.epfl.ch\/\">EPFL<\/a>. Le d\u00e9veloppement de la plupart d&#8217;entre eux n&#8217;ayant pour motivation que l&#8217;ambition d&#8217;un dipl\u00f4me, le but de cet \u00e9v\u00e8nement public est de permettre \u00e0 une foule d&#8217;\u00e9laborations aussi vari\u00e9es qu&#8217;int\u00e9ressantes de b\u00e9n\u00e9ficier de l&#8217;attention qu&#8217;elles m\u00e9ritent et d&#8217;\u00eatre appr\u00e9ci\u00e9es \u00e0 leur juste potentiel.\n<\/p>\n<p class=\"arx_1 center_content arx_pad_1\">\nIl s&#8217;agit d&#8217;une initiative du MAP14, un comit\u00e9 d&#8217;\u00e9tudiants membres de l&#8217;<a href=\"http:\/\/asar.epfl.ch\/\">ASAR<\/a>, l&#8217;association repr\u00e9sentative de la section architecture de l&#8217;EPFL, qui permet ainsi chaque ann\u00e9e depuis 2011 \u00e0 tous les int\u00e9ress\u00e9s externes \u00e0 l&#8217;universit\u00e9 de d\u00e9couvrir les perles architecturales prometteuses issues de la nouvelle g\u00e9n\u00e9ration.\n<\/p>\n<p class=\"arx_1 center_content arx_pad_0\">\nLe cadre est des plus propices, le d\u00e9cor quasi-futuristique: s&#8217;\u00e9talant sur deux \u00e9tages dans les souterrains du Flon de Lausanne, deux \u00e9normes halls d\u00e9serts d&#8217;un ancien supermarch\u00e9, reli\u00e9s par un tapis roulant allant d&#8217;un niveau \u00e0 l&#8217;autre.\n<\/p>\n<p class=\"arx_1 center_content arx_pad_0\">\nL&#8217;exposition se pr\u00e9sente de fa\u00e7on simple et efficace: au premier niveau une galerie circulaire des affiches des projets avec \u00e9l\u00e9ments conceptuels, techniques et informatifs au verso. \u00c0 chacune de ces larges pancartes est attribu\u00e9 un num\u00e9ro, celui-ci renvoyant \u00e0 la salle des maquettes correspondantes au niveau inf\u00e9rieur.\n<\/p>\n<p class=\"arx_1 center_content arx_pad_1\">\n\u00c0 la clef, des interventions orales par des invit\u00e9s sp\u00e9ciaux s\u00e9lectionn\u00e9s par les organisateurs, le vendredi 10 octobre d\u00e8s 18:30. D&#8217;autre part, la mise en vente du livre SURFACE(S), brochure am\u00e9lior\u00e9e de l&#8217;exposition, \u00e9dit\u00e9e pour l&#8217;occasion par le MAP14.\n<\/p>\n<p class=\"arx_1 center_content arx_pad_2\">\nVenez nombreux.\n<\/p>\n<div class=\"center_text arx_pad_2\">\n<a href=\"http:\/\/cause.ch\/lab\/wp-content\/uploads\/2014\/10\/surfaces-affiche-projets-epfl-architecture-master-2014.jpg\"><img loading=\"lazy\" decoding=\"async\" src=\"http:\/\/cause.ch\/lab\/wp-content\/uploads\/2014\/10\/surfaces-affiche-projets-epfl-architecture-master-2014.jpg\" alt=\"surfaces-affiche-projets-epfl-architecture-master-2014\" width=\"960\" height=\"367\" class=\"alignnone size-full wp-image-1318\" srcset=\"https:\/\/cause.ch\/lab\/wp-content\/uploads\/2014\/10\/surfaces-affiche-projets-epfl-architecture-master-2014.jpg 960w, https:\/\/cause.ch\/lab\/wp-content\/uploads\/2014\/10\/surfaces-affiche-projets-epfl-architecture-master-2014-300x114.jpg 300w\" sizes=\"auto, (max-width: 960px) 100vw, 960px\" \/><\/a>\n<\/div>\n<p class=\"arx_1 center_content center_text arx_pad_1\">\nLocalisation :<br \/>\nRue de Gen\u00e8ve 33, 1003 Lausanne. 1e et 2e sous-sols.<br \/>\nAcc\u00e8s :<br \/>\nRue de Gen\u00e8ve et Place Flon-ville. A c\u00f4t\u00e9 de l&#8217;athleticum du Flon. Anciennement hyper Casino.\n<\/p>\n<p class=\"arx_1 center_content center_text arx_pad_2\">\nDates :<br \/>\n6-18 octobre 2014. Entr\u00e9e libre.<br \/>\nHoraires :<br \/>\nmardi, mercredi, jeudi, vendredi : 12.00-19.00 \/ samedi : 10.00-19.00 \/ dimanche, lundi : ferm\u00e9\n<\/p>\n<div class=\"center_text arx_pad_2\">\n<a href=\"http:\/\/cause.ch\/lab\/wp-content\/uploads\/2014\/10\/surfaces-galerie-projets-epfl-architecture-master-2014.jpg\"><img loading=\"lazy\" decoding=\"async\" src=\"http:\/\/cause.ch\/lab\/wp-content\/uploads\/2014\/10\/surfaces-galerie-projets-epfl-architecture-master-2014.jpg\" alt=\"surfaces-galerie-projets-epfl-architecture-master-2014\" width=\"1000\" height=\"667\" class=\"alignnone size-full wp-image-1322\" srcset=\"https:\/\/cause.ch\/lab\/wp-content\/uploads\/2014\/10\/surfaces-galerie-projets-epfl-architecture-master-2014.jpg 1000w, https:\/\/cause.ch\/lab\/wp-content\/uploads\/2014\/10\/surfaces-galerie-projets-epfl-architecture-master-2014-300x200.jpg 300w, https:\/\/cause.ch\/lab\/wp-content\/uploads\/2014\/10\/surfaces-galerie-projets-epfl-architecture-master-2014-640x426.jpg 640w\" sizes=\"auto, (max-width: 1000px) 100vw, 1000px\" \/><\/a>\n<\/div>\n<div class=\"center_text arx_pad_2\">\n<a href=\"http:\/\/cause.ch\/lab\/wp-content\/uploads\/2014\/10\/surfaces-maquettes-5-projets-epfl-architecture-master-2014.jpg\"><img loading=\"lazy\" decoding=\"async\" src=\"http:\/\/cause.ch\/lab\/wp-content\/uploads\/2014\/10\/surfaces-maquettes-5-projets-epfl-architecture-master-2014.jpg\" alt=\"surfaces-maquettes-5-projets-epfl-architecture-master-2014\" width=\"1000\" height=\"667\" class=\"alignnone size-full wp-image-1319\" srcset=\"https:\/\/cause.ch\/lab\/wp-content\/uploads\/2014\/10\/surfaces-maquettes-5-projets-epfl-architecture-master-2014.jpg 1000w, https:\/\/cause.ch\/lab\/wp-content\/uploads\/2014\/10\/surfaces-maquettes-5-projets-epfl-architecture-master-2014-300x200.jpg 300w, https:\/\/cause.ch\/lab\/wp-content\/uploads\/2014\/10\/surfaces-maquettes-5-projets-epfl-architecture-master-2014-640x426.jpg 640w\" sizes=\"auto, (max-width: 1000px) 100vw, 1000px\" \/><\/a>\n<\/div>\n<div class=\"center_text arx_pad_2\">\n<a href=\"http:\/\/cause.ch\/lab\/wp-content\/uploads\/2014\/10\/surfaces-maquettes-3-projets-epfl-architecture-master-2014.jpg\"><img loading=\"lazy\" decoding=\"async\" src=\"http:\/\/cause.ch\/lab\/wp-content\/uploads\/2014\/10\/surfaces-maquettes-3-projets-epfl-architecture-master-2014.jpg\" alt=\"surfaces-maquettes-3-projets-epfl-architecture-master-2014\" width=\"1000\" height=\"667\" class=\"alignnone size-full wp-image-1321\" srcset=\"https:\/\/cause.ch\/lab\/wp-content\/uploads\/2014\/10\/surfaces-maquettes-3-projets-epfl-architecture-master-2014.jpg 1000w, https:\/\/cause.ch\/lab\/wp-content\/uploads\/2014\/10\/surfaces-maquettes-3-projets-epfl-architecture-master-2014-300x200.jpg 300w, https:\/\/cause.ch\/lab\/wp-content\/uploads\/2014\/10\/surfaces-maquettes-3-projets-epfl-architecture-master-2014-640x426.jpg 640w\" sizes=\"auto, (max-width: 1000px) 100vw, 1000px\" \/><\/a>\n<\/div>\n<div class=\"center_text arx_pad_2\">\n<a href=\"http:\/\/cause.ch\/lab\/wp-content\/uploads\/2014\/10\/surfaces-maquettes-4-projets-epfl-architecture-master-2014.jpg\"><img loading=\"lazy\" decoding=\"async\" src=\"http:\/\/cause.ch\/lab\/wp-content\/uploads\/2014\/10\/surfaces-maquettes-4-projets-epfl-architecture-master-2014.jpg\" alt=\"surfaces-maquettes-4-projets-epfl-architecture-master-2014\" width=\"1000\" height=\"317\" class=\"alignnone size-full wp-image-1320\" srcset=\"https:\/\/cause.ch\/lab\/wp-content\/uploads\/2014\/10\/surfaces-maquettes-4-projets-epfl-architecture-master-2014.jpg 1000w, https:\/\/cause.ch\/lab\/wp-content\/uploads\/2014\/10\/surfaces-maquettes-4-projets-epfl-architecture-master-2014-300x95.jpg 300w\" sizes=\"auto, (max-width: 1000px) 100vw, 1000px\" \/><\/a>\n<\/div>\n<p class=\"arx_1 center_content center_text arx_pad_0\">\nVideo: <b>A. Meredith<\/b>\n<\/p>\n<p class=\"arx_1 center_content center_text arx_pad_2\">\nTexte &#038; Photos: <b>P. von Arx<\/b><\/p>\n","protected":false},"excerpt":{"rendered":"<p>L&#8217;exposition Surface(s) pr\u00e9sente les projets r\u00e9alis\u00e9s par la classe 2014 des \u00e9tudiants de la section master en architecture \u00e0 L&#8217;EPFL. Le d\u00e9veloppement de la plupart d&#8217;entre eux n&#8217;ayant pour motivation que l&#8217;ambition d&#8217;un dipl\u00f4me, le but de cet \u00e9v\u00e8nement public est de permettre \u00e0 une foule d&#8217;\u00e9laborations aussi vari\u00e9es qu&#8217;int\u00e9ressantes de b\u00e9n\u00e9ficier de l&#8217;attention qu&#8217;elles [&hellip;]<\/p>\n","protected":false},"author":4,"featured_media":0,"comment_status":"open","ping_status":"open","sticky":false,"template":"","format":"standard","meta":{"footnotes":""},"categories":[1],"tags":[154,64,169,7,5,168,170,66,29],"class_list":["post-1323","post","type-post","status-publish","format-standard","hentry","category-we-are-the-cause","tag-154","tag-architecture","tag-asar","tag-cause","tag-epfl","tag-lausanne","tag-map14","tag-master","tag-wearethecause"],"_links":{"self":[{"href":"https:\/\/cause.ch\/lab\/wp-json\/wp\/v2\/posts\/1323","targetHints":{"allow":["GET"]}}],"collection":[{"href":"https:\/\/cause.ch\/lab\/wp-json\/wp\/v2\/posts"}],"about":[{"href":"https:\/\/cause.ch\/lab\/wp-json\/wp\/v2\/types\/post"}],"author":[{"embeddable":true,"href":"https:\/\/cause.ch\/lab\/wp-json\/wp\/v2\/users\/4"}],"replies":[{"embeddable":true,"href":"https:\/\/cause.ch\/lab\/wp-json\/wp\/v2\/comments?post=1323"}],"version-history":[{"count":13,"href":"https:\/\/cause.ch\/lab\/wp-json\/wp\/v2\/posts\/1323\/revisions"}],"predecessor-version":[{"id":1336,"href":"https:\/\/cause.ch\/lab\/wp-json\/wp\/v2\/posts\/1323\/revisions\/1336"}],"wp:attachment":[{"href":"https:\/\/cause.ch\/lab\/wp-json\/wp\/v2\/media?parent=1323"}],"wp:term":[{"taxonomy":"category","embeddable":true,"href":"https:\/\/cause.ch\/lab\/wp-json\/wp\/v2\/categories?post=1323"},{"taxonomy":"post_tag","embeddable":true,"href":"https:\/\/cause.ch\/lab\/wp-json\/wp\/v2\/tags?post=1323"}],"curies":[{"name":"wp","href":"https:\/\/api.w.org\/{rel}","templated":true}]}}