{"id":1357,"date":"2014-11-06T08:40:59","date_gmt":"2014-11-06T07:40:59","guid":{"rendered":"http:\/\/cause.ch\/lab\/?p=1357"},"modified":"2014-11-06T08:43:50","modified_gmt":"2014-11-06T07:43:50","slug":"the-ghost-of-piramida","status":"publish","type":"post","link":"https:\/\/cause.ch\/lab\/we-are-the-cause\/the-ghost-of-piramida\/","title":{"rendered":"The Ghost of Piramida"},"content":{"rendered":"<div class=\"arx_pad_2 center_text\">\n<iframe loading=\"lazy\" src=\"\/\/player.vimeo.com\/video\/71355466\" width=\"640\" height=\"359\" frameborder=\"0\" webkitallowfullscreen mozallowfullscreen allowfullscreen><\/iframe>\n<\/div>\n<p class=\"arx_1 center_content arx_pad_1\">\nUn film documentaire o\u00f9 se m\u00e9langent l&#8217;histoire d&#8217;une cit\u00e9 mini\u00e8re russe oubli\u00e9e et son r\u00f4le dans la cr\u00e9ation de l&#8217;album &#8220;Piramida&#8221; du groupe danois Efterklang.\n<\/p>\n<p class=\"arx_1 center_text arx_pad_0\">\nLe film peut \u00eatre achet\u00e9 ou lou\u00e9 ici: <\/br> <a href=\"https:\/\/vimeo.com\/ondemand\/piramida\">https:\/\/vimeo.com\/ondemand\/piramida<\/a><\/p>\n","protected":false},"excerpt":{"rendered":"<p>Un film documentaire o\u00f9 se m\u00e9langent l&#8217;histoire d&#8217;une cit\u00e9 mini\u00e8re russe oubli\u00e9e et son r\u00f4le dans la cr\u00e9ation de l&#8217;album &#8220;Piramida&#8221; du groupe danois Efterklang. Le film peut \u00eatre achet\u00e9 ou lou\u00e9 ici: https:\/\/vimeo.com\/ondemand\/piramida<\/p>\n","protected":false},"author":6,"featured_media":0,"comment_status":"open","ping_status":"open","sticky":false,"template":"","format":"standard","meta":{"footnotes":""},"categories":[1],"tags":[],"class_list":["post-1357","post","type-post","status-publish","format-standard","hentry","category-we-are-the-cause"],"_links":{"self":[{"href":"https:\/\/cause.ch\/lab\/wp-json\/wp\/v2\/posts\/1357","targetHints":{"allow":["GET"]}}],"collection":[{"href":"https:\/\/cause.ch\/lab\/wp-json\/wp\/v2\/posts"}],"about":[{"href":"https:\/\/cause.ch\/lab\/wp-json\/wp\/v2\/types\/post"}],"author":[{"embeddable":true,"href":"https:\/\/cause.ch\/lab\/wp-json\/wp\/v2\/users\/6"}],"replies":[{"embeddable":true,"href":"https:\/\/cause.ch\/lab\/wp-json\/wp\/v2\/comments?post=1357"}],"version-history":[{"count":5,"href":"https:\/\/cause.ch\/lab\/wp-json\/wp\/v2\/posts\/1357\/revisions"}],"predecessor-version":[{"id":1362,"href":"https:\/\/cause.ch\/lab\/wp-json\/wp\/v2\/posts\/1357\/revisions\/1362"}],"wp:attachment":[{"href":"https:\/\/cause.ch\/lab\/wp-json\/wp\/v2\/media?parent=1357"}],"wp:term":[{"taxonomy":"category","embeddable":true,"href":"https:\/\/cause.ch\/lab\/wp-json\/wp\/v2\/categories?post=1357"},{"taxonomy":"post_tag","embeddable":true,"href":"https:\/\/cause.ch\/lab\/wp-json\/wp\/v2\/tags?post=1357"}],"curies":[{"name":"wp","href":"https:\/\/api.w.org\/{rel}","templated":true}]}}