{"id":1370,"date":"2014-11-29T15:23:57","date_gmt":"2014-11-29T14:23:57","guid":{"rendered":"http:\/\/cause.ch\/lab\/?p=1370"},"modified":"2015-02-09T09:38:18","modified_gmt":"2015-02-09T08:38:18","slug":"hexa-fondation-engelberts","status":"publish","type":"post","link":"https:\/\/cause.ch\/lab\/we-are-the-cause\/hexa-fondation-engelberts\/","title":{"rendered":"Hexa @ Fondation Engelberts"},"content":{"rendered":"<div class=\"center_text arx_pad_2\">\n<a href=\"http:\/\/cause.ch\/lab\/wp-content\/uploads\/2014\/11\/hexa-elliot-vaucher-engelberts-conte-contemporain-monolithe.jpg\"><img loading=\"lazy\" decoding=\"async\" src=\"http:\/\/cause.ch\/lab\/wp-content\/uploads\/2014\/11\/hexa-elliot-vaucher-engelberts-conte-contemporain-monolithe.jpg\" alt=\"hexa-elliot-vaucher-engelberts-conte-contemporain-monolithe\" width=\"480\" height=\"720\" class=\"alignnone size-full wp-image-1385\" srcset=\"https:\/\/cause.ch\/lab\/wp-content\/uploads\/2014\/11\/hexa-elliot-vaucher-engelberts-conte-contemporain-monolithe.jpg 480w, https:\/\/cause.ch\/lab\/wp-content\/uploads\/2014\/11\/hexa-elliot-vaucher-engelberts-conte-contemporain-monolithe-200x300.jpg 200w\" sizes=\"auto, (max-width: 480px) 100vw, 480px\" \/><\/a>\n<\/div>\n<p class=\"arx_1 arx_pad_1 center_content\">\nLe 27 novembre dernier, une d\u00e9l\u00e9gation d&#8217;agents de Cause se rendait \u00e0 Mies pour y assister \u00e0 un \u00e9v\u00e8nement de pr\u00e9sentation d&#8217;oeuvres parrain\u00e9es par la <i><a href=\"http:\/\/www.fondation-engelberts.org\/\" target=\"_blank\">Fondation Engelberts pour les arts et la culture<\/a><\/i>. Parmi celles-ci figurait le projet <a href=\"http:\/\/http:\/\/hexa.cause.ch\/premiere\/\" target=\"_blank\">HEXA<\/a>, d\u00e9crit \u00e0 la fois comme conte po\u00e9tique et acoustique, et installation contemporaine minimaliste.\n<\/p>\n<p class=\"arx_1 arx_pad_1 center_content\">\nHEXA raconte le parcours initiatique d&#8217;un jeune homme depuis son enfance ayant re\u00e7u le pouvoir surnaturel de percevoir et d&#8217;agir sur l&#8217;aura des personnes qu&#8217;il rencontre \u00e0 l&#8217;aide d&#8217;un myst\u00e9rieux cube magique. Ses visions se peuplent d&#8217;orbes \u00e9nerg\u00e9tiques translucides, d\u00e9clinant les multiples tonalit\u00e9s du spectre lumineux, tant\u00f4t vives, tant\u00f4t douces. Guid\u00e9 par un \u00e9lan de compassion, notre personnage poursuit l&#8217;art occulte de convertir la gravit\u00e9 de la souffrance en la s\u00e9r\u00e9nit\u00e9 de sourires tranquilles.\n<\/p>\n<p class=\"arx_1 arx_pad_1 center_content\">\nPour d\u00e9couvrir le r\u00e9cit, le public est plac\u00e9 dans une salle plong\u00e9e dans une obscurit\u00e9 que d\u00e9chirent des rayons de lumi\u00e8res blanches \u00e9manant des ar\u00eates d&#8217;un monolithe noir plac\u00e9 en son centre. Un dispositif \u00e9lectromagn\u00e9tique con\u00e7u et r\u00e9alis\u00e9 par <a href=\"http:\/\/fredericgoncerut.com\" target=\"_blank\">Fr\u00e9d\u00e9ric Goncerut<\/a>, se d\u00e9clenche lorsqu&#8217;un cube noir est pos\u00e9 sur ce socle imposant, lan\u00e7ant l&#8217;enregistrement audio du conte narr\u00e9 par une voix grave et chaleureuse. Pour fonder l&#8217;\u00e2me vibrante du conte, la bande son hypnotique de Boris Getaz se juxtapose \u00e0 l&#8217;ensemble, et vient compl\u00e9ter les conditions de submersion de la conscience du spectateur.\n<\/p>\n<p class=\"arx_1 arx_pad_1 center_content\">\nOn voudrait f\u00e9liciter son cr\u00e9ateur Elliot Vaucher pour sa calme dext\u00e9rit\u00e9 dans le maniement du myst\u00e8re po\u00e9tique que ses mots, images et m\u00e9taphores ont soin de ne faire qu&#8217;effleurer et caresser avec finesse et sensualit\u00e9, gages d&#8217;un haut tact, de clairvoyance, et de juste mesure.\n<\/p>\n<p class=\"arx_1 arx_pad_1 center_content\">\nD&#8217;une ma\u00eetre intuition, Elliot ose explorer les riches formes de son innovation en s&#8217;aventurant hors du lin\u00e9aire, loin du conventionnel et de l&#8217;\u00e9vidence des structures rassurantes. Ceci, bien entendu, au risque assum\u00e9 de heurter, ou de frustrer d&#8217;incompr\u00e9hension les sensibilit\u00e9s inaccoutum\u00e9es \u00e0 l&#8217;envo\u00fbtement narquois de l&#8217;\u00e9nigme.\n<\/p>\n<p class=\"arx_1 arx_pad_1 center_content\">\nHEXA ne fait aucune promesse. Il faut y aller sans attentes. Se garder de demander des comptes, de r\u00e9clamer des explications. Se laisser aller au charme de l&#8217;\u00e9trange. Fermer les yeux. Respirer lentement. L\u00e2cher prise. D\u00e9crisper l&#8217;\u00e9treinte de la raison. C&#8217;est une immersion enivrante, un voyage int\u00e9rieur, une m\u00e9ditation collective qui nous est propos\u00e9e. Un appel \u00e0 renouer avec les transports de l&#8217;imaginaire, trop souvent refoul\u00e9s dans nos enfances, une exhortation au r\u00eave.\n<\/p>\n<p class=\"arx_1 arx_pad_2 center_content\">\nPour vivre cette exp\u00e9rience interactive, rendez-vous <b>jeudi prochain, 4 d\u00e9cembre, de 18:00 \u00e0 21:00, \u00e0 la salle de la Grenette, place du march\u00e9 2 \u00e0 Nyon<\/b>. Ce sera au m\u00eame temps l&#8217;occasion de partager une verr\u00e9e conviviale en compagnie des protagonistes du projet.\n<\/p>\n<div class=\"arx_pad_2 center_text\">\n<iframe loading=\"lazy\" src=\"\/\/player.vimeo.com\/video\/108560311?title=0&amp;byline=0&amp;portrait=0&amp;color=ffffff\" width=\"640\" height=\"360\" frameborder=\"0\" webkitallowfullscreen mozallowfullscreen allowfullscreen><\/iframe>\n<\/div>\n<div class=\"arx_pad_2 center_text\">\n<a href=\"http:\/\/cause.ch\/lab\/wp-content\/uploads\/2014\/11\/hexa-lustre-engelberts.jpg\"><img loading=\"lazy\" decoding=\"async\" src=\"http:\/\/cause.ch\/lab\/wp-content\/uploads\/2014\/11\/hexa-lustre-engelberts.jpg\" alt=\"hexa-lustre-engelberts\" width=\"1000\" height=\"667\" class=\"alignnone size-full wp-image-1386\" srcset=\"https:\/\/cause.ch\/lab\/wp-content\/uploads\/2014\/11\/hexa-lustre-engelberts.jpg 1000w, https:\/\/cause.ch\/lab\/wp-content\/uploads\/2014\/11\/hexa-lustre-engelberts-300x200.jpg 300w, https:\/\/cause.ch\/lab\/wp-content\/uploads\/2014\/11\/hexa-lustre-engelberts-640x426.jpg 640w\" sizes=\"auto, (max-width: 1000px) 100vw, 1000px\" \/><\/a>\n<\/div>\n<div class=\"arx_pad_2 center_text\">\n<a href=\"http:\/\/cause.ch\/lab\/wp-content\/uploads\/2015\/01\/7_hexa-vaucher-goncerut-staedler-sanz-engelberts.jpg\"><img loading=\"lazy\" decoding=\"async\" src=\"http:\/\/cause.ch\/lab\/wp-content\/uploads\/2015\/01\/7_hexa-vaucher-goncerut-staedler-sanz-engelberts-1024x576.jpg\" alt=\"7_hexa-vaucher-goncerut-staedler-sanz-engelberts\" width=\"1024\" height=\"576\" class=\"alignnone size-large wp-image-1429\" srcset=\"https:\/\/cause.ch\/lab\/wp-content\/uploads\/2015\/01\/7_hexa-vaucher-goncerut-staedler-sanz-engelberts-1024x576.jpg 1024w, https:\/\/cause.ch\/lab\/wp-content\/uploads\/2015\/01\/7_hexa-vaucher-goncerut-staedler-sanz-engelberts-300x168.jpg 300w, https:\/\/cause.ch\/lab\/wp-content\/uploads\/2015\/01\/7_hexa-vaucher-goncerut-staedler-sanz-engelberts.jpg 1280w\" sizes=\"auto, (max-width: 1024px) 100vw, 1024px\" \/><\/a>\n<\/div>\n","protected":false},"excerpt":{"rendered":"<p>Le 27 novembre dernier, une d\u00e9l\u00e9gation d&#8217;agents de Cause se rendait \u00e0 Mies pour y assister \u00e0 un \u00e9v\u00e8nement de pr\u00e9sentation d&#8217;oeuvres parrain\u00e9es par la Fondation Engelberts pour les arts et la culture. Parmi celles-ci figurait le projet HEXA, d\u00e9crit \u00e0 la fois comme conte po\u00e9tique et acoustique, et installation contemporaine minimaliste. HEXA raconte le [&hellip;]<\/p>\n","protected":false},"author":6,"featured_media":0,"comment_status":"open","ping_status":"open","sticky":false,"template":"","format":"standard","meta":{"footnotes":""},"categories":[1],"tags":[],"class_list":["post-1370","post","type-post","status-publish","format-standard","hentry","category-we-are-the-cause"],"_links":{"self":[{"href":"https:\/\/cause.ch\/lab\/wp-json\/wp\/v2\/posts\/1370","targetHints":{"allow":["GET"]}}],"collection":[{"href":"https:\/\/cause.ch\/lab\/wp-json\/wp\/v2\/posts"}],"about":[{"href":"https:\/\/cause.ch\/lab\/wp-json\/wp\/v2\/types\/post"}],"author":[{"embeddable":true,"href":"https:\/\/cause.ch\/lab\/wp-json\/wp\/v2\/users\/6"}],"replies":[{"embeddable":true,"href":"https:\/\/cause.ch\/lab\/wp-json\/wp\/v2\/comments?post=1370"}],"version-history":[{"count":8,"href":"https:\/\/cause.ch\/lab\/wp-json\/wp\/v2\/posts\/1370\/revisions"}],"predecessor-version":[{"id":1486,"href":"https:\/\/cause.ch\/lab\/wp-json\/wp\/v2\/posts\/1370\/revisions\/1486"}],"wp:attachment":[{"href":"https:\/\/cause.ch\/lab\/wp-json\/wp\/v2\/media?parent=1370"}],"wp:term":[{"taxonomy":"category","embeddable":true,"href":"https:\/\/cause.ch\/lab\/wp-json\/wp\/v2\/categories?post=1370"},{"taxonomy":"post_tag","embeddable":true,"href":"https:\/\/cause.ch\/lab\/wp-json\/wp\/v2\/tags?post=1370"}],"curies":[{"name":"wp","href":"https:\/\/api.w.org\/{rel}","templated":true}]}}