{"id":1490,"date":"2015-02-17T15:00:23","date_gmt":"2015-02-17T14:00:23","guid":{"rendered":"http:\/\/cause.ch\/lab\/?p=1490"},"modified":"2015-02-19T12:51:46","modified_gmt":"2015-02-19T11:51:46","slug":"off-piste-world-premiere","status":"publish","type":"post","link":"https:\/\/cause.ch\/lab\/we-are-the-cause\/off-piste-world-premiere\/","title":{"rendered":"Off-Piste: World Premiere"},"content":{"rendered":"<div class=\"arx_pad_2 center_text\">\n<a href=\"http:\/\/cause.ch\/lab\/wp-content\/uploads\/2015\/02\/Affiche_Off_Piste.jpg\" target=\"_blank\"><img loading=\"lazy\" decoding=\"async\" src=\"http:\/\/cause.ch\/lab\/wp-content\/uploads\/2015\/02\/Affiche_Off_Piste.jpg\" alt=\"Affiche_Off_Piste\" width=\"874\" height=\"1240\" class=\"alignnone size-full wp-image-1491\" srcset=\"https:\/\/cause.ch\/lab\/wp-content\/uploads\/2015\/02\/Affiche_Off_Piste.jpg 874w, https:\/\/cause.ch\/lab\/wp-content\/uploads\/2015\/02\/Affiche_Off_Piste-211x300.jpg 211w, https:\/\/cause.ch\/lab\/wp-content\/uploads\/2015\/02\/Affiche_Off_Piste-721x1024.jpg 721w\" sizes=\"auto, (max-width: 874px) 100vw, 874px\" \/><\/a>\n<\/div>\n<p class=\"arx_1 center_content arx_pad_1\">\n<i> [&#8230;]  \u201cA une heure de route de T\u00e9h\u00e9ran, au fond d\u02bcune vall\u00e9e se trouve Dizin, la plus grande station de ski du Moyen-Orient.\u201d [&#8230;]  \u201cLes pistes n\u02bcont pas chang\u00e9 depuis plus de 30 ans. Les remont\u00e9es m\u00e9caniques et les restaurants non plus d\u02bcailleurs. Seul un petit coup de peinture sporadique me donne l\u02bcimpression que le temps ne s\u02bcest pas compl\u00e8tement arr\u00eat\u00e9.\u201d [\u2026] \u201cUn paradis enferm\u00e9 entre des sommets \u00e0 plus de 4000m et une s\u00e9rie de grilles us\u00e9es par les d\u00e9cennies.\u201d [&#8230;]  \u201cDizin n\u02bcest pas hors d\u02bcIran, ce monde n\u02bcest qu\u02bcune couche artificielle et fragile, pos\u00e9e en filigrane sur une r\u00e9alit\u00e9 bien diff\u00e9rente.\u201d [&#8230;] <\/i>\n<\/p>\n<p class=\"arx_1 center_content arx_pad_0\">\n<i>Lors de mon premier voyage au c\u0153ur des montagnes iraniennes, j\u02bcai d\u00e9couvert une facette d\u02bcun Iran dont je croyais pourtant tout savoir : un Iran \u00e9pris de libert\u00e9 vivant \u00e0 travers le ski l\u02bcillusion d\u02bcun pass\u00e9 toujours pr\u00e9sent.\n<\/p>\n<p class=\"arx_1 center_content arx_pad_1\">\nCam\u00e9ra planqu\u00e9e dans mes bagages, je d\u00e9cide d\u02bcy retourner, guid\u00e9 par l\u02bcirr\u00e9sistible envie de raconter l\u02bcune des communaut\u00e9s les plus insolites d\u02bcIran.<\/i>\n<\/p>\n<p class=\"arx_1 center_content arx_pad_0\">\nLes agents de Cause sont fiers de vous annoncer la pr\u00e9sentation prochaine de <b>Off-Piste<\/b>, un court-m\u00e9trage documentaire produit et r\u00e9alis\u00e9 par Nikola Sanz, Beno\u00eet Goncerut, et Arnaud Cottet au cours et suite \u00e0 leurs nombreux voyages \u00e0 Dizin depuis 2013.\n<\/p>\n<p class=\"arx_1 center_content arx_pad_0\">\nNous vous donnons rendez-vous le 26 mars 2015 pour d\u00e9couvrir cette nouvelle cr\u00e9ation rapportant les exp\u00e9riences humaines et singuli\u00e8res visions cueillies au coeur d&#8217;une vall\u00e9e perdue parmi les hautes montagnes iraniennes.\n<\/p>\n<p class=\"arx_1 center_content arx_pad_0\">\nPour l\u2019occurence, Cause ouvrira les portes de ses locaux \u00e0 Gland, Rte de Nyon 48, o\u00f9 tout public sera attendu d\u00e8s 18:00 pour trinquer et savourer la restauration iranienne concoct\u00e9e par les insignes et amicales tenantes du c\u00e9l\u00e8bre caf\u00e9\/terrasse <a href=\"http:\/\/laroulotte.ch\/\"><i>la Roulotte<\/i><\/a> de la gare de Nyon.\n<\/p>\n<div class=\"arx_pad_0 center_text\">\n<a href=\"http:\/\/laroulotte.ch\/\" target=\"_blank\"><img loading=\"lazy\" decoding=\"async\" src=\"http:\/\/cause.ch\/lab\/wp-content\/uploads\/2015\/02\/logo-roulotte.jpg\" alt=\"logo-roulotte\" width=\"80\" height=\"155\" class=\"alignnone size-full wp-image-1493\" \/><\/a>\n<\/div>\n<p class=\"arx_1 center_content arx_pad_0\">\n\u00c0 20:00 se d\u00e9roulera la <i>seule<\/i> et <i>unique<\/i> projection du film (~30min) dans sa version int\u00e9grale non-censur\u00e9e, en attendant une future distribution aux m\u00e9dias t\u00e9l\u00e9visuels, sous format adapt\u00e9.\n<\/p>\n<p class=\"arx_1 center_content arx_pad_1\">\nCe sera aussi simultan\u00e9ment l\u2019occasion de c\u00e9l\u00e9brer le d\u00e9part imminent de notre cher Niko pour son audacieux p\u00e9riple \u00e0 dos de v\u00e9lo qui l&#8217;emm\u00e8nera sur les routes d&#8217;Asie centrale et d&#8217;Europe de l&#8217;Est.\n<\/p>\n<p class=\"arx_1 center_content arx_pad_1\">\nVenez nombreux!\n<\/p>\n<p class=\"arx_1 center_content arx_pad_2 center_text\"\">\n<b>&#8211; Entr\u00e9e: Libre &#8211; <i>Chapeau pour les &#8220;artistes&#8221; \u00e0 la sortie<\/i><\/b>\n<\/p>\n<div class=\"arx_pad_2 center_text\">\n<a href=\"http:\/\/cause.ch\/\" target=\"_blank\"><img loading=\"lazy\" decoding=\"async\" src=\"http:\/\/cause.ch\/lab\/wp-content\/uploads\/2014\/01\/icon.jpg\" alt=\"icon\" width=\"36\" height=\"50\" class=\"alignnone size-full wp-image-431\" \/><\/a>\n<\/div>\n","protected":false},"excerpt":{"rendered":"<p>[&#8230;] \u201cA une heure de route de T\u00e9h\u00e9ran, au fond d\u02bcune vall\u00e9e se trouve Dizin, la plus grande station de ski du Moyen-Orient.\u201d [&#8230;] \u201cLes pistes n\u02bcont pas chang\u00e9 depuis plus de 30 ans. Les remont\u00e9es m\u00e9caniques et les restaurants non plus d\u02bcailleurs. Seul un petit coup de peinture sporadique me donne l\u02bcimpression que le [&hellip;]<\/p>\n","protected":false},"author":4,"featured_media":0,"comment_status":"open","ping_status":"open","sticky":false,"template":"","format":"standard","meta":{"footnotes":""},"categories":[1],"tags":[],"class_list":["post-1490","post","type-post","status-publish","format-standard","hentry","category-we-are-the-cause"],"_links":{"self":[{"href":"https:\/\/cause.ch\/lab\/wp-json\/wp\/v2\/posts\/1490","targetHints":{"allow":["GET"]}}],"collection":[{"href":"https:\/\/cause.ch\/lab\/wp-json\/wp\/v2\/posts"}],"about":[{"href":"https:\/\/cause.ch\/lab\/wp-json\/wp\/v2\/types\/post"}],"author":[{"embeddable":true,"href":"https:\/\/cause.ch\/lab\/wp-json\/wp\/v2\/users\/4"}],"replies":[{"embeddable":true,"href":"https:\/\/cause.ch\/lab\/wp-json\/wp\/v2\/comments?post=1490"}],"version-history":[{"count":11,"href":"https:\/\/cause.ch\/lab\/wp-json\/wp\/v2\/posts\/1490\/revisions"}],"predecessor-version":[{"id":1504,"href":"https:\/\/cause.ch\/lab\/wp-json\/wp\/v2\/posts\/1490\/revisions\/1504"}],"wp:attachment":[{"href":"https:\/\/cause.ch\/lab\/wp-json\/wp\/v2\/media?parent=1490"}],"wp:term":[{"taxonomy":"category","embeddable":true,"href":"https:\/\/cause.ch\/lab\/wp-json\/wp\/v2\/categories?post=1490"},{"taxonomy":"post_tag","embeddable":true,"href":"https:\/\/cause.ch\/lab\/wp-json\/wp\/v2\/tags?post=1490"}],"curies":[{"name":"wp","href":"https:\/\/api.w.org\/{rel}","templated":true}]}}