{"id":1578,"date":"2015-03-16T22:25:53","date_gmt":"2015-03-16T21:25:53","guid":{"rendered":"http:\/\/cause.ch\/lab\/?p=1578"},"modified":"2015-04-18T16:54:13","modified_gmt":"2015-04-18T14:54:13","slug":"srf-zwei-sportlounge-16-03-15-2225","status":"publish","type":"post","link":"https:\/\/cause.ch\/lab\/presse\/srf-zwei-sportlounge-16-03-15-2225\/","title":{"rendered":"SRF ZWEI sportlounge 16.03.15 22:25"},"content":{"rendered":"<div class=\"arx_pad_1 center_text\">\n<a href=\"http:\/\/www.srf.ch\/play\/tv\/sportlounge\/video\/skifahren-im-iran-%E2%80%93-ein-abenteuer-mit-hindernissen?id=b543c90a-1bed-40ef-8251-82080953deea#\" target=\"_blank\"><img loading=\"lazy\" decoding=\"async\" src=\"http:\/\/cause.ch\/lab\/wp-content\/uploads\/2015\/04\/srf.zwei_.werideiniran.16.3.15.jpg\" alt=\"srf.zwei.werideiniran.16.3.15\" width=\"855\" height=\"699\" class=\"alignnone size-full wp-image-1580\" srcset=\"https:\/\/cause.ch\/lab\/wp-content\/uploads\/2015\/04\/srf.zwei_.werideiniran.16.3.15.jpg 855w, https:\/\/cause.ch\/lab\/wp-content\/uploads\/2015\/04\/srf.zwei_.werideiniran.16.3.15-300x245.jpg 300w\" sizes=\"auto, (max-width: 855px) 100vw, 855px\" \/><\/a>\n<\/div>\n<p class=\"arx_1 center_content arx_pad_2\">\nD\u00e9couvrez le reportage par la SRF ZWEI dans l&#8217;\u00e9mission <b>sport<\/b>lounge sur le projet WERIDEINIRAN \u00e0 l&#8217;occasion de l&#8217;avant-premi\u00e8re du documentaire Off-Piste, par Arnaud Cottet, Beno\u00eet Goncerut, et Nikola Sanz.<\/p>\n","protected":false},"excerpt":{"rendered":"<p>D\u00e9couvrez le reportage par la SRF ZWEI dans l&#8217;\u00e9mission sportlounge sur le projet WERIDEINIRAN \u00e0 l&#8217;occasion de l&#8217;avant-premi\u00e8re du documentaire Off-Piste, par Arnaud Cottet, Beno\u00eet Goncerut, et Nikola Sanz.<\/p>\n","protected":false},"author":4,"featured_media":0,"comment_status":"open","ping_status":"open","sticky":false,"template":"","format":"standard","meta":{"footnotes":""},"categories":[182],"tags":[186,40,41,27,32,185,183,29,31,184],"class_list":["post-1578","post","type-post","status-publish","format-standard","hentry","category-presse","tag-cottet","tag-freeride","tag-freestyle","tag-goncerut","tag-iran","tag-sanz","tag-srf","tag-wearethecause","tag-werideiniran","tag-zwei"],"_links":{"self":[{"href":"https:\/\/cause.ch\/lab\/wp-json\/wp\/v2\/posts\/1578","targetHints":{"allow":["GET"]}}],"collection":[{"href":"https:\/\/cause.ch\/lab\/wp-json\/wp\/v2\/posts"}],"about":[{"href":"https:\/\/cause.ch\/lab\/wp-json\/wp\/v2\/types\/post"}],"author":[{"embeddable":true,"href":"https:\/\/cause.ch\/lab\/wp-json\/wp\/v2\/users\/4"}],"replies":[{"embeddable":true,"href":"https:\/\/cause.ch\/lab\/wp-json\/wp\/v2\/comments?post=1578"}],"version-history":[{"count":5,"href":"https:\/\/cause.ch\/lab\/wp-json\/wp\/v2\/posts\/1578\/revisions"}],"predecessor-version":[{"id":1584,"href":"https:\/\/cause.ch\/lab\/wp-json\/wp\/v2\/posts\/1578\/revisions\/1584"}],"wp:attachment":[{"href":"https:\/\/cause.ch\/lab\/wp-json\/wp\/v2\/media?parent=1578"}],"wp:term":[{"taxonomy":"category","embeddable":true,"href":"https:\/\/cause.ch\/lab\/wp-json\/wp\/v2\/categories?post=1578"},{"taxonomy":"post_tag","embeddable":true,"href":"https:\/\/cause.ch\/lab\/wp-json\/wp\/v2\/tags?post=1578"}],"curies":[{"name":"wp","href":"https:\/\/api.w.org\/{rel}","templated":true}]}}