{"id":1654,"date":"2015-05-09T10:56:15","date_gmt":"2015-05-09T08:56:15","guid":{"rendered":"http:\/\/cause.ch\/lab\/?p=1654"},"modified":"2015-07-09T11:15:51","modified_gmt":"2015-07-09T09:15:51","slug":"le-temps-9-5-2015","status":"publish","type":"post","link":"https:\/\/cause.ch\/lab\/presse\/le-temps-9-5-2015\/","title":{"rendered":"Le Temps 9.5.2015"},"content":{"rendered":"<div class=\"arx_pad_2 center_text\">\n<a href=\"http:\/\/www.letemps.ch\/Page\/Uuid\/5d917708-f5a1-11e4-bb1f-074820583190\/Ils_glissent_au_pays_des_mollahs\" target=\"_blank\"><img loading=\"lazy\" decoding=\"async\" src=\"http:\/\/cause.ch\/lab\/wp-content\/uploads\/2015\/07\/le-temps-9.5.2015-web.png\" alt=\"le-temps-9.5.2015-web\" width=\"828\" height=\"658\" class=\"alignnone size-full wp-image-1656\" srcset=\"https:\/\/cause.ch\/lab\/wp-content\/uploads\/2015\/07\/le-temps-9.5.2015-web.png 828w, https:\/\/cause.ch\/lab\/wp-content\/uploads\/2015\/07\/le-temps-9.5.2015-web-300x238.png 300w\" sizes=\"auto, (max-width: 828px) 100vw, 828px\" \/><\/a>\n<\/div>\n<div class=\"arx_pad_2 center_text\"><a href=\"http:\/\/cause.ch\/lab\/wp-content\/uploads\/2015\/07\/le-temps-9.5.2015.jpeg\"><img loading=\"lazy\" decoding=\"async\" src=\"http:\/\/cause.ch\/lab\/wp-content\/uploads\/2015\/07\/le-temps-9.5.2015.jpeg\" alt=\"le-temps-9.5.2015\" width=\"2376\" height=\"2376\" class=\"alignnone size-full wp-image-1655\" srcset=\"https:\/\/cause.ch\/lab\/wp-content\/uploads\/2015\/07\/le-temps-9.5.2015.jpeg 2376w, https:\/\/cause.ch\/lab\/wp-content\/uploads\/2015\/07\/le-temps-9.5.2015-150x150.jpeg 150w, https:\/\/cause.ch\/lab\/wp-content\/uploads\/2015\/07\/le-temps-9.5.2015-300x300.jpeg 300w, https:\/\/cause.ch\/lab\/wp-content\/uploads\/2015\/07\/le-temps-9.5.2015-1024x1024.jpeg 1024w\" sizes=\"auto, (max-width: 2376px) 100vw, 2376px\" \/><\/a>\n<\/div>\n<p class=\"arx_1 center_content arx_pad_2\">\nUn article du Temps consacr\u00e9 au projet <i>We Ride in Iran<\/i> sign\u00e9 Caroline Christinaz, \u00e0 parcourir dans son int\u00e9gralit\u00e9 en suivant <b><a href=\"http:\/\/www.letemps.ch\/Page\/Uuid\/5d917708-f5a1-11e4-bb1f-074820583190\/Ils_glissent_au_pays_des_mollahs\" target=\"_blank\">ce lien<\/a><\/b>!<\/p>\n","protected":false},"excerpt":{"rendered":"<p>Un article du Temps consacr\u00e9 au projet We Ride in Iran sign\u00e9 Caroline Christinaz, \u00e0 parcourir dans son int\u00e9gralit\u00e9 en suivant ce lien!<\/p>\n","protected":false},"author":4,"featured_media":0,"comment_status":"open","ping_status":"open","sticky":false,"template":"","format":"standard","meta":{"footnotes":""},"categories":[182],"tags":[33,190,34,7,32,189,73,29],"class_list":["post-1654","post","type-post","status-publish","format-standard","hentry","category-presse","tag-arnaud-cottet","tag-article","tag-benoit-goncerut","tag-cause","tag-iran","tag-le-temps","tag-we-ride-in-iran","tag-wearethecause"],"_links":{"self":[{"href":"https:\/\/cause.ch\/lab\/wp-json\/wp\/v2\/posts\/1654","targetHints":{"allow":["GET"]}}],"collection":[{"href":"https:\/\/cause.ch\/lab\/wp-json\/wp\/v2\/posts"}],"about":[{"href":"https:\/\/cause.ch\/lab\/wp-json\/wp\/v2\/types\/post"}],"author":[{"embeddable":true,"href":"https:\/\/cause.ch\/lab\/wp-json\/wp\/v2\/users\/4"}],"replies":[{"embeddable":true,"href":"https:\/\/cause.ch\/lab\/wp-json\/wp\/v2\/comments?post=1654"}],"version-history":[{"count":5,"href":"https:\/\/cause.ch\/lab\/wp-json\/wp\/v2\/posts\/1654\/revisions"}],"predecessor-version":[{"id":1661,"href":"https:\/\/cause.ch\/lab\/wp-json\/wp\/v2\/posts\/1654\/revisions\/1661"}],"wp:attachment":[{"href":"https:\/\/cause.ch\/lab\/wp-json\/wp\/v2\/media?parent=1654"}],"wp:term":[{"taxonomy":"category","embeddable":true,"href":"https:\/\/cause.ch\/lab\/wp-json\/wp\/v2\/categories?post=1654"},{"taxonomy":"post_tag","embeddable":true,"href":"https:\/\/cause.ch\/lab\/wp-json\/wp\/v2\/tags?post=1654"}],"curies":[{"name":"wp","href":"https:\/\/api.w.org\/{rel}","templated":true}]}}