{"id":1662,"date":"2015-07-13T17:46:07","date_gmt":"2015-07-13T15:46:07","guid":{"rendered":"http:\/\/cause.ch\/lab\/?p=1662"},"modified":"2015-07-14T06:56:08","modified_gmt":"2015-07-14T04:56:08","slug":"juste-pour-le-plaisir","status":"publish","type":"post","link":"https:\/\/cause.ch\/lab\/we-are-the-cause\/juste-pour-le-plaisir\/","title":{"rendered":"Juste pour le plaisir&#8230;"},"content":{"rendered":"<div class=\"arx_pad_2 center_text\">\n<a href=\"http:\/\/www.fjoord.com\/biffl\/main.html\" target=\"_blank\"><img loading=\"lazy\" decoding=\"async\" src=\"http:\/\/cause.ch\/lab\/wp-content\/uploads\/2015\/07\/Affiche-biffl-2015.jpg\" alt=\"Affiche-biffl-2015\" width=\"480\" height=\"1000\" class=\"alignnone size-full wp-image-1676\" \/><\/a>\n<\/div>\n<p class=\"arx_1 center_content arx_pad_0\">\n<i>Cause \u00e0 l&#8217;immense honneur d&#8217;accueillir en ses locaux l&#8217;\u00e9dition 2015 du prestigieux&#8230;<\/i>\n<\/p>\n<p class=\"arx_0 center_content arx_pad_1\">\n<b>B.I.F.F.L.<\/b><br \/>\n<i><b>juste pour le plaisir<\/b><\/i><br \/>\n<b>Festival de courts-m\u00e9trages amateurs<\/b><br \/>\n<b>Z.I. de la Ballasti\u00e8re, Rte de nyon 48, Gland<\/b><br \/>\n<b>Vendredi 11 Septembre 2015<\/b>\n<\/p>\n<p class=\"arx_1 center_content arx_pad_1\">\nRegarder des films c&#8217;est beau, en r\u00e9aliser c&#8217;est encore mieux! Venez donc partager vos id\u00e9es, vos avis, vos histoires, vos \u00e9motions au BIFFL 2015!\n<\/p>\n<p class=\"arx_1 center_content arx_pad_1\">\n<i><b>&#8220;BIFFL, le festival qui claque!&#8221;<\/i><\/b>\n<\/p>\n<p class=\"arx_1 center_content arx_pad_1\">\nLe but du BIFFL est de donner \u00e0 chacun l&#8217;occasion de pr\u00e9senter ses cr\u00e9ations audiovisuelles en bonne compagnie lors d&#8217;une soir\u00e9e de projections.\n<\/p>\n<p class=\"arx_1 center_content arx_pad_1\">\n<b><u>Conditions formelles et techniques de participation :<\/b><\/u>\n<\/p>\n<p class=\"arx_1 center_content arx_pad_0\">\n&#8211; Dur\u00e9e des films: de 30 secondes \u00e0 3 minutes 30 maximum (plus, on coupe)\n<\/p>\n<p class=\"arx_1 center_content arx_pad_0\">\n&#8211; Format: .mov ou .mp4 (ProRes ou H.264) \u00e0 envoyer avant le 25 ao\u00fbt par wetransfer ou \u00e9quivalent \u00e0 biffl@fjoord.com\n<\/p>\n<p class=\"arx_1 center_content arx_pad_0\">\n&#8211; Th\u00e8me: libre (Le comit\u00e9 de s\u00e9lection se r\u00e9serve le droit de refuser un film si son contenu s&#8217;av\u00e9rait irrespectueux)\n<\/p>\n<p class=\"arx_1 center_content arx_pad_0\">\n&#8211; Type: libre (fiction\/documentaire\/clip\/animation\/exp\u00e9rimental\/&#8230;)\n<\/p>\n<p class=\"arx_1 center_content arx_pad_0\">\n&#8211; Jury: le Jury est compos\u00e9 de passionn\u00e9s de cin\u00e9ma en tout genre et sera d\u00e9voil\u00e9 peu avant le festival afin d&#8217;\u00e9viter toute tentative de corruption.\n<\/p>\n<p class=\"arx_1 center_content arx_pad_1\">\n&#8211; Des prix dont la nature sera annonc\u00e9e plus tard r\u00e9compenseront les meilleurs chef d&#8217;oeuvres!\n<\/p>\n<p class=\"arx_1 center_content arx_pad_2\">\nOn vous laisse avec quelques clich\u00e9s-souvenirs m\u00e9morables tir\u00e9s des perles pr\u00e9sent\u00e9es l&#8217;ann\u00e9e pass\u00e9e, \u00e0 (re)d\u00e9couvrir pour la plupart sur le <b><a href=\"http:\/\/www.fjoord.com\/biffl\/main.html\" target=\"_blank\">site<\/a><\/b> ou la page <b><a href=\"https:\/\/www.facebook.com\/lebiffl?fref=ts\" target=\"_blank\">facebook<\/a><\/b> de l&#8217;\u00e9v\u00e8nement, ainsi qu&#8217;en cliquant sur chacune des images!\n<\/p>\n<div class=\"arx_pad_2 center_text\">\n<a href=\"https:\/\/vimeo.com\/107379380\" target=\"_blank\"><img loading=\"lazy\" decoding=\"async\" src=\"http:\/\/cause.ch\/lab\/wp-content\/uploads\/2015\/07\/oui-merci-screenshot-biffl-2014.jpg\" alt=\"oui-merci-screenshot-biffl-2014\" width=\"1280\" height=\"800\" class=\"alignnone size-full wp-image-1672\" srcset=\"https:\/\/cause.ch\/lab\/wp-content\/uploads\/2015\/07\/oui-merci-screenshot-biffl-2014.jpg 1280w, https:\/\/cause.ch\/lab\/wp-content\/uploads\/2015\/07\/oui-merci-screenshot-biffl-2014-300x188.jpg 300w, https:\/\/cause.ch\/lab\/wp-content\/uploads\/2015\/07\/oui-merci-screenshot-biffl-2014-1024x640.jpg 1024w\" sizes=\"auto, (max-width: 1280px) 100vw, 1280px\" \/><\/a>\n<\/div>\n<div class=\"arx_pad_2 center_text\">\n<a href=\"https:\/\/vimeo.com\/132414557\" target=\"_blank\"><img loading=\"lazy\" decoding=\"async\" src=\"http:\/\/cause.ch\/lab\/wp-content\/uploads\/2015\/07\/jenny-fish-screenshot-biffl-2014.jpg\" alt=\"jenny-fish-screenshot-biffl-2014\" width=\"1280\" height=\"800\" class=\"alignnone size-full wp-image-1666\" srcset=\"https:\/\/cause.ch\/lab\/wp-content\/uploads\/2015\/07\/jenny-fish-screenshot-biffl-2014.jpg 1280w, https:\/\/cause.ch\/lab\/wp-content\/uploads\/2015\/07\/jenny-fish-screenshot-biffl-2014-300x188.jpg 300w, https:\/\/cause.ch\/lab\/wp-content\/uploads\/2015\/07\/jenny-fish-screenshot-biffl-2014-1024x640.jpg 1024w\" sizes=\"auto, (max-width: 1280px) 100vw, 1280px\" \/><\/a>\n<\/div>\n<div class=\"arx_pad_2 center_text\">\n<a href=\"https:\/\/vimeo.com\/106786185\" target=\"_blank\"><img loading=\"lazy\" decoding=\"async\" src=\"http:\/\/cause.ch\/lab\/wp-content\/uploads\/2015\/07\/lonely-planet-screenshot-biffl-2014.jpg\" alt=\"lonely-planet-screenshot-biffl-2014\" width=\"1280\" height=\"800\" class=\"alignnone size-full wp-image-1671\" srcset=\"https:\/\/cause.ch\/lab\/wp-content\/uploads\/2015\/07\/lonely-planet-screenshot-biffl-2014.jpg 1280w, https:\/\/cause.ch\/lab\/wp-content\/uploads\/2015\/07\/lonely-planet-screenshot-biffl-2014-300x188.jpg 300w, https:\/\/cause.ch\/lab\/wp-content\/uploads\/2015\/07\/lonely-planet-screenshot-biffl-2014-1024x640.jpg 1024w\" sizes=\"auto, (max-width: 1280px) 100vw, 1280px\" \/><\/a>\n<\/div>\n<div class=\"arx_pad_2 center_text\">\n<a href=\"https:\/\/vimeo.com\/105649817\" target=\"_blank\"><img loading=\"lazy\" decoding=\"async\" src=\"http:\/\/cause.ch\/lab\/wp-content\/uploads\/2015\/07\/la-peur-screenshot-biffl-2014.jpg\" alt=\"la-peur-screenshot-biffl-2014\" width=\"1280\" height=\"800\" class=\"alignnone size-full wp-image-1670\" srcset=\"https:\/\/cause.ch\/lab\/wp-content\/uploads\/2015\/07\/la-peur-screenshot-biffl-2014.jpg 1280w, https:\/\/cause.ch\/lab\/wp-content\/uploads\/2015\/07\/la-peur-screenshot-biffl-2014-300x188.jpg 300w, https:\/\/cause.ch\/lab\/wp-content\/uploads\/2015\/07\/la-peur-screenshot-biffl-2014-1024x640.jpg 1024w\" sizes=\"auto, (max-width: 1280px) 100vw, 1280px\" \/><\/a>\n<\/div>\n<div class=\"arx_pad_2 center_text\">\n<a href=\"http:\/\/vimeo.com\/105741265\" target=\"_blank\"><img loading=\"lazy\" decoding=\"async\" src=\"http:\/\/cause.ch\/lab\/wp-content\/uploads\/2015\/07\/lapin-roadkill-screenshot-biffl-2014.jpg\" alt=\"lapin-roadkill-screenshot-biffl-2014\" width=\"1280\" height=\"800\" class=\"alignnone size-full wp-image-1669\" srcset=\"https:\/\/cause.ch\/lab\/wp-content\/uploads\/2015\/07\/lapin-roadkill-screenshot-biffl-2014.jpg 1280w, https:\/\/cause.ch\/lab\/wp-content\/uploads\/2015\/07\/lapin-roadkill-screenshot-biffl-2014-300x188.jpg 300w, https:\/\/cause.ch\/lab\/wp-content\/uploads\/2015\/07\/lapin-roadkill-screenshot-biffl-2014-1024x640.jpg 1024w\" sizes=\"auto, (max-width: 1280px) 100vw, 1280px\" \/><\/a>\n<\/div>\n<div class=\"arx_pad_2 center_text\">\n<a href=\"https:\/\/vimeo.com\/105772825\" target=\"_blank\"><img loading=\"lazy\" decoding=\"async\" src=\"http:\/\/cause.ch\/lab\/wp-content\/uploads\/2015\/07\/l-air-mortel-screenshot-biffl-2014.jpg\" alt=\"l-air-mortel-screenshot-biffl-2014\" width=\"1280\" height=\"800\" class=\"alignnone size-full wp-image-1668\" srcset=\"https:\/\/cause.ch\/lab\/wp-content\/uploads\/2015\/07\/l-air-mortel-screenshot-biffl-2014.jpg 1280w, https:\/\/cause.ch\/lab\/wp-content\/uploads\/2015\/07\/l-air-mortel-screenshot-biffl-2014-300x188.jpg 300w, https:\/\/cause.ch\/lab\/wp-content\/uploads\/2015\/07\/l-air-mortel-screenshot-biffl-2014-1024x640.jpg 1024w\" sizes=\"auto, (max-width: 1280px) 100vw, 1280px\" \/><\/a>\n<\/div>\n<div class=\"arx_pad_2 center_text\">\n<a href=\"https:\/\/vimeo.com\/107843722\" target=\"_blank\"><img loading=\"lazy\" decoding=\"async\" src=\"http:\/\/cause.ch\/lab\/wp-content\/uploads\/2015\/07\/kuklos-screenshot-biffl-2014.jpg\" alt=\"kuklos-screenshot-biffl-2014\" width=\"1280\" height=\"800\" class=\"alignnone size-full wp-image-1667\" srcset=\"https:\/\/cause.ch\/lab\/wp-content\/uploads\/2015\/07\/kuklos-screenshot-biffl-2014.jpg 1280w, https:\/\/cause.ch\/lab\/wp-content\/uploads\/2015\/07\/kuklos-screenshot-biffl-2014-300x188.jpg 300w, https:\/\/cause.ch\/lab\/wp-content\/uploads\/2015\/07\/kuklos-screenshot-biffl-2014-1024x640.jpg 1024w\" sizes=\"auto, (max-width: 1280px) 100vw, 1280px\" \/><\/a>\n<\/div>\n<div class=\"arx_pad_2 center_text\">\n<a href=\"https:\/\/vimeo.com\/105640648\" target=\"_blank\"><img loading=\"lazy\" decoding=\"async\" src=\"http:\/\/cause.ch\/lab\/wp-content\/uploads\/2015\/07\/jaune-de-rire-screenshot-biffl-2014.jpg\" alt=\"jaune-de-rire-screenshot-biffl-2014\" width=\"1280\" height=\"800\" class=\"alignnone size-full wp-image-1665\" srcset=\"https:\/\/cause.ch\/lab\/wp-content\/uploads\/2015\/07\/jaune-de-rire-screenshot-biffl-2014.jpg 1280w, https:\/\/cause.ch\/lab\/wp-content\/uploads\/2015\/07\/jaune-de-rire-screenshot-biffl-2014-300x188.jpg 300w, https:\/\/cause.ch\/lab\/wp-content\/uploads\/2015\/07\/jaune-de-rire-screenshot-biffl-2014-1024x640.jpg 1024w\" sizes=\"auto, (max-width: 1280px) 100vw, 1280px\" \/><\/a>\n<\/div>\n<div class=\"arx_pad_2 center_text\">\n<a href=\"https:\/\/vimeo.com\/112034553\" target=\"_blank\"><img loading=\"lazy\" decoding=\"async\" src=\"http:\/\/cause.ch\/lab\/wp-content\/uploads\/2015\/07\/syndrome-malevitch-screenshot-biffl-2014.jpg\" alt=\"syndrome-malevitch-screenshot-biffl-2014\" width=\"1280\" height=\"800\" class=\"alignnone size-full wp-image-1675\" srcset=\"https:\/\/cause.ch\/lab\/wp-content\/uploads\/2015\/07\/syndrome-malevitch-screenshot-biffl-2014.jpg 1280w, https:\/\/cause.ch\/lab\/wp-content\/uploads\/2015\/07\/syndrome-malevitch-screenshot-biffl-2014-300x188.jpg 300w, https:\/\/cause.ch\/lab\/wp-content\/uploads\/2015\/07\/syndrome-malevitch-screenshot-biffl-2014-1024x640.jpg 1024w\" sizes=\"auto, (max-width: 1280px) 100vw, 1280px\" \/><\/a>\n<\/div>\n<div class=\"arx_pad_2 center_text\">\n<a href=\"https:\/\/vimeo.com\/108579922\" target=\"_blank\"><img loading=\"lazy\" decoding=\"async\" src=\"http:\/\/cause.ch\/lab\/wp-content\/uploads\/2015\/07\/space-roger-screenshot-biffl-2014.jpg\" alt=\"space-roger-screenshot-biffl-2014\" width=\"1280\" height=\"800\" class=\"alignnone size-full wp-image-1674\" srcset=\"https:\/\/cause.ch\/lab\/wp-content\/uploads\/2015\/07\/space-roger-screenshot-biffl-2014.jpg 1280w, https:\/\/cause.ch\/lab\/wp-content\/uploads\/2015\/07\/space-roger-screenshot-biffl-2014-300x188.jpg 300w, https:\/\/cause.ch\/lab\/wp-content\/uploads\/2015\/07\/space-roger-screenshot-biffl-2014-1024x640.jpg 1024w\" sizes=\"auto, (max-width: 1280px) 100vw, 1280px\" \/><\/a>\n<\/div>\n<div class=\"arx_pad_2 center_text\">\n<a href=\"https:\/\/vimeo.com\/112045645\" target=\"_blank\"><img loading=\"lazy\" decoding=\"async\" src=\"http:\/\/cause.ch\/lab\/wp-content\/uploads\/2015\/07\/para-dokce-screenshot-biffl-2014.jpg\" alt=\"para-dokce-screenshot-biffl-2014\" width=\"1280\" height=\"800\" class=\"alignnone size-full wp-image-1673\" srcset=\"https:\/\/cause.ch\/lab\/wp-content\/uploads\/2015\/07\/para-dokce-screenshot-biffl-2014.jpg 1280w, https:\/\/cause.ch\/lab\/wp-content\/uploads\/2015\/07\/para-dokce-screenshot-biffl-2014-300x188.jpg 300w, https:\/\/cause.ch\/lab\/wp-content\/uploads\/2015\/07\/para-dokce-screenshot-biffl-2014-1024x640.jpg 1024w\" sizes=\"auto, (max-width: 1280px) 100vw, 1280px\" \/><\/a>\n<\/div>\n<div class=\"arx_pad_2 center_text\">\n<a href=\"https:\/\/vimeo.com\/132930360\" target=\"_blank\"><img loading=\"lazy\" decoding=\"async\" src=\"http:\/\/cause.ch\/lab\/wp-content\/uploads\/2015\/07\/2-minutes-sur-terre-screenshot-biffl-2014.jpg\" alt=\"2-minutes-sur-terre-screenshot-biffl-2014\" width=\"1280\" height=\"800\" class=\"alignnone size-full wp-image-1663\" srcset=\"https:\/\/cause.ch\/lab\/wp-content\/uploads\/2015\/07\/2-minutes-sur-terre-screenshot-biffl-2014.jpg 1280w, https:\/\/cause.ch\/lab\/wp-content\/uploads\/2015\/07\/2-minutes-sur-terre-screenshot-biffl-2014-300x188.jpg 300w, https:\/\/cause.ch\/lab\/wp-content\/uploads\/2015\/07\/2-minutes-sur-terre-screenshot-biffl-2014-1024x640.jpg 1024w\" sizes=\"auto, (max-width: 1280px) 100vw, 1280px\" \/><\/a>\n<\/div>\n","protected":false},"excerpt":{"rendered":"<p>Cause \u00e0 l&#8217;immense honneur d&#8217;accueillir en ses locaux l&#8217;\u00e9dition 2015 du prestigieux&#8230; B.I.F.F.L. juste pour le plaisir Festival de courts-m\u00e9trages amateurs Z.I. de la Ballasti\u00e8re, Rte de nyon 48, Gland Vendredi 11 Septembre 2015 Regarder des films c&#8217;est beau, en r\u00e9aliser c&#8217;est encore mieux! Venez donc partager vos id\u00e9es, vos avis, vos histoires, vos \u00e9motions [&hellip;]<\/p>\n","protected":false},"author":4,"featured_media":0,"comment_status":"open","ping_status":"open","sticky":false,"template":"","format":"standard","meta":{"footnotes":""},"categories":[1],"tags":[193,194,160,7,191,192,27,29],"class_list":["post-1662","post","type-post","status-publish","format-standard","hentry","category-we-are-the-cause","tag-amateur","tag-ballastiere","tag-biffl","tag-cause","tag-cinema","tag-court-metrage","tag-goncerut","tag-wearethecause"],"_links":{"self":[{"href":"https:\/\/cause.ch\/lab\/wp-json\/wp\/v2\/posts\/1662","targetHints":{"allow":["GET"]}}],"collection":[{"href":"https:\/\/cause.ch\/lab\/wp-json\/wp\/v2\/posts"}],"about":[{"href":"https:\/\/cause.ch\/lab\/wp-json\/wp\/v2\/types\/post"}],"author":[{"embeddable":true,"href":"https:\/\/cause.ch\/lab\/wp-json\/wp\/v2\/users\/4"}],"replies":[{"embeddable":true,"href":"https:\/\/cause.ch\/lab\/wp-json\/wp\/v2\/comments?post=1662"}],"version-history":[{"count":12,"href":"https:\/\/cause.ch\/lab\/wp-json\/wp\/v2\/posts\/1662\/revisions"}],"predecessor-version":[{"id":1687,"href":"https:\/\/cause.ch\/lab\/wp-json\/wp\/v2\/posts\/1662\/revisions\/1687"}],"wp:attachment":[{"href":"https:\/\/cause.ch\/lab\/wp-json\/wp\/v2\/media?parent=1662"}],"wp:term":[{"taxonomy":"category","embeddable":true,"href":"https:\/\/cause.ch\/lab\/wp-json\/wp\/v2\/categories?post=1662"},{"taxonomy":"post_tag","embeddable":true,"href":"https:\/\/cause.ch\/lab\/wp-json\/wp\/v2\/tags?post=1662"}],"curies":[{"name":"wp","href":"https:\/\/api.w.org\/{rel}","templated":true}]}}