{"id":1707,"date":"2015-10-15T15:35:24","date_gmt":"2015-10-15T13:35:24","guid":{"rendered":"http:\/\/cause.ch\/lab\/?p=1707"},"modified":"2015-10-19T14:09:32","modified_gmt":"2015-10-19T12:09:32","slug":"salam-azizam","status":"publish","type":"post","link":"https:\/\/cause.ch\/lab\/we-are-the-cause\/salam-azizam\/","title":{"rendered":"Salam Azizam"},"content":{"rendered":"<div class=\"arx_pad_2 center_text\">\n<iframe loading=\"lazy\" src=\"https:\/\/player.vimeo.com\/video\/138105786?color=ffffff&#038;title=0&#038;byline=0&#038;portrait=0\" width=\"640\" height=\"360\" frameborder=\"0\" webkitallowfullscreen mozallowfullscreen allowfullscreen><\/iframe>\n<\/div>\n<p class=\"arx_2_pages center_content arx_pad_2\">\n<b>Salam Azizam<\/b> est un court m\u00e9trage documentaire sur la communaut\u00e9 freeride en Iran, r\u00e9alis\u00e9 par <a href=\"http:\/\/blog.julesg.ch\/\" target=\"_blank\">Jules Guarneri<\/a> et produit par Arnaud Cottet.\n<\/p>\n<div class=\"arx_pad_2 center_text\">\n<img loading=\"lazy\" decoding=\"async\" src=\"http:\/\/cause.ch\/lab\/wp-content\/uploads\/2015\/09\/poster-salam-azizam.jpg\" alt=\"poster-salam-azizam\" width=\"463\" height=\"650\" class=\"alignnone size-full wp-image-1717\" srcset=\"https:\/\/cause.ch\/lab\/wp-content\/uploads\/2015\/09\/poster-salam-azizam.jpg 463w, https:\/\/cause.ch\/lab\/wp-content\/uploads\/2015\/09\/poster-salam-azizam-214x300.jpg 214w\" sizes=\"auto, (max-width: 463px) 100vw, 463px\" \/>\n<\/div>\n<p class=\"arx_1 center_content arx_pad_1\">\nEn f\u00e9vrier 2015, sous l&#8217;embl\u00e8me du projet <a href=\"http:\/\/cause.ch\/lab\/portfolio\/we-ride-in-iran\/\" target=\"_blank\">WERIDEINIRAN<\/a>, Arnaud Cottet, Greg Tuscher, Rolf Bissig et Benoit Goncerut partent retrouver leurs amis Sina et Reza pour un ski trip \u00e0 travers le pays des Mollahs. En toute d\u00e9contraction, sur fond quasi perp\u00e9tuel de panoramas \u00e9piques \u00e0 couper le souffle, la crew helv\u00e9tique se laisse guider \u00e0 la rencontre de nombreux repr\u00e9sentants iraniens de leurs passions extr\u00eames, exer\u00e7ant leur sport sans aucun compromis parmi les hauts reliefs d&#8217;un pays peupl\u00e9 de contrastes.\n<\/p>\n<p class=\"arx_1 center_content arx_pad_1\">\nPhotographi\u00e9 par <a href=\"http:\/\/ruediflueck.ch\/\" target=\"_blank\">Ruedi Fl\u00fcck<\/a> et film\u00e9 par <a href=\"http:\/\/blog.julesg.ch\/\" target=\"_blank\">Jules Guarneri<\/a>, le voyage a donn\u00e9 lieu \u00e0 la cr\u00e9ation d&#8217;un film de 10 minutes qui sera pr\u00e9sent\u00e9 pour la premi\u00e8re fois dans le cadre itin\u00e9rant du <a href=\"http:\/\/www.freeride-filmfestival.com\/filme\" target=\"_blank\">Freeride Film Festival<\/a>, en novembre 2015: le 7 novembre \u00e0 Innsbruck (AT), le 8 \u00e0 Munich (DE), le 9 \u00e0 Cracovie (POL), le 10 \u00e0 Varsovie (POL), le 11 \u00e0 Berlin (DE) et le 12 \u00e0 Vienne (AT). Des soir\u00e9es de pr\u00e9sentation sont ensuite pr\u00e9vues \u00e0 Gen\u00e8ve le 18 novembre au sein de l&#8217;espace de coworking <i><a href=\"http:\/\/www.voisins.ch\/\" target=\"_blank\">Voisins<\/a><\/i>, puis \u00e0 Schwytz le 20 novembre au <a href=\"http:\/\/www.3sixty.ch\/content\/schwyz\" target=\"_blank\">3 Sixty Shop<\/a>. Des projections \u00e0 Champ\u00e9ry ainsi qu&#8217;\u00e0 Lausanne seront aussi agend\u00e9es autour de la semaine du 13 au 21 novembre, alors restez en alerte et suivez <a href=\"https:\/\/www.facebook.com\/werideiniran\" target=\"_blank\">la page facebook<\/a> de nos dadashs!\n<\/p>\n<p class=\"arx_1 center_content arx_pad_2\">\nPour une autre perspective, et quelques magnifiques clich\u00e9s de Ruedi, allez consulter l&#8217;article consacr\u00e9 \u00e0 Salam Azizam sur <a href=\"http:\/\/www.skipass.com\/news\/121959-salam-azizam-teaser-du-ski-en-ira.html\" target=\"_blank\">Skipass.com<\/a>!\n<\/p>\n<div class=\"arx_pad_1 center_content\">\n<div class=\"center_text arx_pad_2\" style=\"float:left\">\n<p><a href=\"http:\/\/www.werideiniran.com\/we\/\" target=\"_blank\"><img loading=\"lazy\" decoding=\"async\" src=\"http:\/\/cause.ch\/lab\/wp-content\/uploads\/2014\/05\/wrii_logo_small.jpg\" alt=\"wrii_logo_small\" width=\"160\" height=\"125\" class=\"alignnone size-full wp-image-1078\" \/><\/a>\n<\/div>\n<div class=\"center_text arx_pad_2\" style=\"float:right\">\n<p><a href=\"http:\/\/www.freeride-filmfestival.com\/tour\" target=\"_blank\"><img loading=\"lazy\" decoding=\"async\" src=\"http:\/\/cause.ch\/lab\/wp-content\/uploads\/2015\/09\/freeride-film-festival-logo-1.jpg\" alt=\"freeride-film-festival-logo-1\" width=\"240\" height=\"125\" class=\"alignnone size-full wp-image-1728\" \/><\/a><\/p>\n<\/div>\n<\/div>\n<div class=\"arx_pad_2 center_text\" style=\"clear:both\">\n<a href=\"http:\/\/cause.ch\/lab\/wp-content\/uploads\/2015\/09\/trailer-snapshot-1.jpg\"><img loading=\"lazy\" decoding=\"async\" src=\"http:\/\/cause.ch\/lab\/wp-content\/uploads\/2015\/09\/trailer-snapshot-1.jpg\" alt=\"trailer-snapshot-1\" width=\"520\" height=\"299\" class=\"alignnone size-full wp-image-1708\" srcset=\"https:\/\/cause.ch\/lab\/wp-content\/uploads\/2015\/09\/trailer-snapshot-1.jpg 520w, https:\/\/cause.ch\/lab\/wp-content\/uploads\/2015\/09\/trailer-snapshot-1-300x173.jpg 300w\" sizes=\"auto, (max-width: 520px) 100vw, 520px\" \/><\/a>\n<\/div>\n<div class=\"arx_pad_2 center_text\">\n<a href=\"http:\/\/cause.ch\/lab\/wp-content\/uploads\/2015\/09\/trailer-snapshot-2.jpg\"><img loading=\"lazy\" decoding=\"async\" src=\"http:\/\/cause.ch\/lab\/wp-content\/uploads\/2015\/09\/trailer-snapshot-2.jpg\" alt=\"trailer-snapshot-2\" width=\"519\" height=\"297\" class=\"alignnone size-full wp-image-1709\" srcset=\"https:\/\/cause.ch\/lab\/wp-content\/uploads\/2015\/09\/trailer-snapshot-2.jpg 519w, https:\/\/cause.ch\/lab\/wp-content\/uploads\/2015\/09\/trailer-snapshot-2-300x172.jpg 300w\" sizes=\"auto, (max-width: 519px) 100vw, 519px\" \/><\/a>\n<\/div>\n<div class=\"arx_pad_2 center_text\">\n<a href=\"http:\/\/cause.ch\/lab\/wp-content\/uploads\/2015\/09\/trailer-snapshot-3.jpg\"><img loading=\"lazy\" decoding=\"async\" src=\"http:\/\/cause.ch\/lab\/wp-content\/uploads\/2015\/09\/trailer-snapshot-3.jpg\" alt=\"trailer-snapshot-3\" width=\"519\" height=\"299\" class=\"alignnone size-full wp-image-1710\" srcset=\"https:\/\/cause.ch\/lab\/wp-content\/uploads\/2015\/09\/trailer-snapshot-3.jpg 519w, https:\/\/cause.ch\/lab\/wp-content\/uploads\/2015\/09\/trailer-snapshot-3-300x173.jpg 300w\" sizes=\"auto, (max-width: 519px) 100vw, 519px\" \/><\/a>\n<\/div>\n","protected":false},"excerpt":{"rendered":"<p>Salam Azizam est un court m\u00e9trage documentaire sur la communaut\u00e9 freeride en Iran, r\u00e9alis\u00e9 par Jules Guarneri et produit par Arnaud Cottet. En f\u00e9vrier 2015, sous l&#8217;embl\u00e8me du projet WERIDEINIRAN, Arnaud Cottet, Greg Tuscher, Rolf Bissig et Benoit Goncerut partent retrouver leurs amis Sina et Reza pour un ski trip \u00e0 travers le pays des [&hellip;]<\/p>\n","protected":false},"author":4,"featured_media":0,"comment_status":"open","ping_status":"open","sticky":false,"template":"","format":"standard","meta":{"footnotes":""},"categories":[1],"tags":[7,40,197,32,195,137,196,29,31],"class_list":["post-1707","post","type-post","status-publish","format-standard","hentry","category-we-are-the-cause","tag-cause","tag-freeride","tag-freeride-film-festival","tag-iran","tag-jules-guarneri","tag-ruedi-fluck","tag-salam-azizam","tag-wearethecause","tag-werideiniran"],"_links":{"self":[{"href":"https:\/\/cause.ch\/lab\/wp-json\/wp\/v2\/posts\/1707","targetHints":{"allow":["GET"]}}],"collection":[{"href":"https:\/\/cause.ch\/lab\/wp-json\/wp\/v2\/posts"}],"about":[{"href":"https:\/\/cause.ch\/lab\/wp-json\/wp\/v2\/types\/post"}],"author":[{"embeddable":true,"href":"https:\/\/cause.ch\/lab\/wp-json\/wp\/v2\/users\/4"}],"replies":[{"embeddable":true,"href":"https:\/\/cause.ch\/lab\/wp-json\/wp\/v2\/comments?post=1707"}],"version-history":[{"count":20,"href":"https:\/\/cause.ch\/lab\/wp-json\/wp\/v2\/posts\/1707\/revisions"}],"predecessor-version":[{"id":2009,"href":"https:\/\/cause.ch\/lab\/wp-json\/wp\/v2\/posts\/1707\/revisions\/2009"}],"wp:attachment":[{"href":"https:\/\/cause.ch\/lab\/wp-json\/wp\/v2\/media?parent=1707"}],"wp:term":[{"taxonomy":"category","embeddable":true,"href":"https:\/\/cause.ch\/lab\/wp-json\/wp\/v2\/categories?post=1707"},{"taxonomy":"post_tag","embeddable":true,"href":"https:\/\/cause.ch\/lab\/wp-json\/wp\/v2\/tags?post=1707"}],"curies":[{"name":"wp","href":"https:\/\/api.w.org\/{rel}","templated":true}]}}