{"id":1738,"date":"2015-09-15T15:20:27","date_gmt":"2015-09-15T13:20:27","guid":{"rendered":"http:\/\/cause.ch\/lab\/?p=1738"},"modified":"2015-09-15T21:45:43","modified_gmt":"2015-09-15T19:45:43","slug":"off-piste-a-geneve","status":"publish","type":"post","link":"https:\/\/cause.ch\/lab\/we-are-the-cause\/off-piste-a-geneve\/","title":{"rendered":"Off-Piste \u00e0 Gen\u00e8ve"},"content":{"rendered":"<div class=\"arx_pad_2 center_text\">\n<a href=\"http:\/\/cause.ch\/lab\/wp-content\/uploads\/2015\/09\/Affiche-Off-PISTE.jpg\" target=\"_blank\"><img loading=\"lazy\" decoding=\"async\" src=\"http:\/\/cause.ch\/lab\/wp-content\/uploads\/2015\/09\/Affiche-Off-PISTE.jpg\" alt=\"Affiche-Off-PISTE\" width=\"1413\" height=\"2001\" class=\"alignnone size-full wp-image-1739\" srcset=\"https:\/\/cause.ch\/lab\/wp-content\/uploads\/2015\/09\/Affiche-Off-PISTE.jpg 1413w, https:\/\/cause.ch\/lab\/wp-content\/uploads\/2015\/09\/Affiche-Off-PISTE-212x300.jpg 212w, https:\/\/cause.ch\/lab\/wp-content\/uploads\/2015\/09\/Affiche-Off-PISTE-723x1024.jpg 723w\" sizes=\"auto, (max-width: 1413px) 100vw, 1413px\" \/><\/a>\n<\/div>\n<p class=\"arx_2_pages center_content arx_pad_1\">\n<b>Sc\u00e9ance de rattrapage: <\/b>\n<\/p>\n<p class=\"arx_1 center_content arx_pad_0\">\nSouvenez-vous, <a href=\"http:\/\/cause.ch\/lab\/we-are-the-cause\/off-piste-world-premiere\/\" target=\"_blank\">il y a 6 mois<\/a>, Cause vous annon\u00e7ait la premi\u00e8re &#8211; et simultan\u00e9ment la derni\u00e8re &#8211; du <i>directors cut<\/i> de sa nouvelle production: &#8220;OFF-Piste &#8211; A journey in an Iranian ski resort&#8221;.\n<\/p>\n<p class=\"arx_1 center_content arx_pad_0\">\nA tous ceux qui ont eu l&#8217;immense peine de manquer l&#8217;\u00e9v\u00e8nement, sachez que l&#8217;\u00e9dition officielle du film fera sa <a href=\"https:\/\/www.facebook.com\/events\/1485733611723730\/\" target=\"_blank\">premi\u00e8re pr\u00e9sentation<\/a> au grand public ce jeudi 17 Septembre \u00e0 Gen\u00e8ve, une affiche flambant-neuve \u00e0 la cl\u00e9, sign\u00e9e l&#8217;audacieux talent de notre ami <a href=\"http:\/\/www.simonmager.com\/\" target=\"_blank\">Simon Mager<\/a>.\n<\/p>\n<p class=\"arx_1 center_content arx_pad_0\">\nL&#8217;occasion pour tous les assoiff\u00e9s d&#8217;\u00e9vasion de venir (re)d\u00e9couvrir les personnalit\u00e9s charismatiques de l&#8217;insolite station alpine de Dizin, improbable oasis de libert\u00e9 au c\u0153ur des montagnes d&#8217;Alborz surplombant Tehran, \u00e0 travers les regards passionn\u00e9s d&#8217;Arnaud Cottet, Beno\u00eet Goncerut et Nikola Sanz.\n<\/p>\n<p class=\"arx_1 center_content arx_pad_1\">\nLa projection est accueillie par nos amis de <i><a href=\"http:\/\/www.voisins.ch\/\" target=\"_blank\">Voisins<\/a><\/i>, sous les effluves vivifiantes du bois frais et des cellules grises en fusion, un espace dynamique de co-working au coeur de Gen\u00e8ve, &#8220;<i>lieu de vie au croisement de l&#8217;\u00e9change et la cr\u00e9ation ; des places de travail, des salles de conf\u00e9rence et de formation, divers services et un caf\u00e9.&#8221;<\/i>\n<\/p>\n<p class=\"arx_1 center_content center_text arx_pad_2\">\n<b>Programme :<\/b><br \/>\n18h00 : ap\u00e9ro<br \/>\n20h00 : projection<br \/>\n20h30 : questions &#038; discussion<br \/>\n21h00 : Mr Riddler sort ses Vinyls<\/p>\n","protected":false},"excerpt":{"rendered":"<p>Sc\u00e9ance de rattrapage: Souvenez-vous, il y a 6 mois, Cause vous annon\u00e7ait la premi\u00e8re &#8211; et simultan\u00e9ment la derni\u00e8re &#8211; du directors cut de sa nouvelle production: &#8220;OFF-Piste &#8211; A journey in an Iranian ski resort&#8221;. A tous ceux qui ont eu l&#8217;immense peine de manquer l&#8217;\u00e9v\u00e8nement, sachez que l&#8217;\u00e9dition officielle du film fera sa [&hellip;]<\/p>\n","protected":false},"author":4,"featured_media":0,"comment_status":"open","ping_status":"open","sticky":false,"template":"","format":"standard","meta":{"footnotes":""},"categories":[1],"tags":[7,186,36,27,199,185,29,198],"class_list":["post-1738","post","type-post","status-publish","format-standard","hentry","category-we-are-the-cause","tag-cause","tag-cottet","tag-dizin","tag-goncerut","tag-off-piste","tag-sanz","tag-wearethecause","tag-werideinian"],"_links":{"self":[{"href":"https:\/\/cause.ch\/lab\/wp-json\/wp\/v2\/posts\/1738","targetHints":{"allow":["GET"]}}],"collection":[{"href":"https:\/\/cause.ch\/lab\/wp-json\/wp\/v2\/posts"}],"about":[{"href":"https:\/\/cause.ch\/lab\/wp-json\/wp\/v2\/types\/post"}],"author":[{"embeddable":true,"href":"https:\/\/cause.ch\/lab\/wp-json\/wp\/v2\/users\/4"}],"replies":[{"embeddable":true,"href":"https:\/\/cause.ch\/lab\/wp-json\/wp\/v2\/comments?post=1738"}],"version-history":[{"count":11,"href":"https:\/\/cause.ch\/lab\/wp-json\/wp\/v2\/posts\/1738\/revisions"}],"predecessor-version":[{"id":1783,"href":"https:\/\/cause.ch\/lab\/wp-json\/wp\/v2\/posts\/1738\/revisions\/1783"}],"wp:attachment":[{"href":"https:\/\/cause.ch\/lab\/wp-json\/wp\/v2\/media?parent=1738"}],"wp:term":[{"taxonomy":"category","embeddable":true,"href":"https:\/\/cause.ch\/lab\/wp-json\/wp\/v2\/categories?post=1738"},{"taxonomy":"post_tag","embeddable":true,"href":"https:\/\/cause.ch\/lab\/wp-json\/wp\/v2\/tags?post=1738"}],"curies":[{"name":"wp","href":"https:\/\/api.w.org\/{rel}","templated":true}]}}