{"id":1788,"date":"2015-09-23T14:15:57","date_gmt":"2015-09-23T12:15:57","guid":{"rendered":"http:\/\/cause.ch\/lab\/?p=1788"},"modified":"2015-10-15T19:28:37","modified_gmt":"2015-10-15T17:28:37","slug":"expo-epfl-masters-projects-2015","status":"publish","type":"post","link":"https:\/\/cause.ch\/lab\/mandats\/expo-epfl-masters-projects-2015\/","title":{"rendered":"EPFL ARCHITECTURE SECTION &#8211; MASTER PROJECT"},"content":{"rendered":"<div class=\"center_text arx_pad_2\">\n<iframe loading=\"lazy\" src=\"https:\/\/player.vimeo.com\/video\/135371715?color=ffffff&#038;byline=0&#038;portrait=0\" width=\"640\" height=\"272\" frameborder=\"0\" webkitallowfullscreen mozallowfullscreen allowfullscreen><\/iframe>\n<\/div>\n<p class=\"arx_0 center_content arx_pad_1\">\nProjet: <b>Clip de Pr\u00e9sentation<\/b><br \/>\nTeam Cause: <b>Adrian Meredith<\/b><br \/>\nClient: <b>E.P.F.L. Section Architecture<\/b>\n<\/p>\n<div class=\"center_text arx_pad_2\">\n<a href=\"https:\/\/www.epfl.ch\/\" target=\"_blank\"><img loading=\"lazy\" decoding=\"async\" src=\"http:\/\/cause.ch\/lab\/wp-content\/uploads\/2015\/09\/Logo-EPFL.jpg\" alt=\"Logo-EPFL\" width=\"150\" height=\"97\" class=\"alignnone size-full wp-image-1789\" \/><\/a>\n<\/div>\n<p class=\"center_content arx_pad_1 arx_1\">\nAdrian Meredith pr\u00eate ici une nouvelle fois ses talents cin\u00e9matographiques au service de la <a href=\"http:\/\/enac.epfl.ch\/architecture\" target=\"_blank\">Section Architecture de l&#8217;EPFL<\/a>, avec la r\u00e9alisation de ce clip vid\u00e9o consacr\u00e9 \u00e0 l\u2019exposition des Projets De Master 2015 qui s&#8217;est d\u00e9roul\u00e9 dans le b\u00e2timent SG (Hall et Foyer) de l&#8217;\u00e9cole polytechnique du 13 au 24 juillet 2015.\n<\/p>\n<p class=\"center_content arx_pad_2 arx_1\">\nOn retrouve avec une appr\u00e9ciation constante le style professionnel d&#8217;Adrian, son affinit\u00e9 avec les lents travellings, la pr\u00e9cision de ses mises au points \u00e0 petites profondeur de champ, le tout sur un choix musical en coh\u00e9rence tonale et rythmique avec son sujet, pour un r\u00e9sultat empreint de simplicit\u00e9, propret\u00e9, fra\u00eecheur et finesse.<\/p>\n","protected":false},"excerpt":{"rendered":"<p class=\"arx_excerpt arx_pad_2\">\nProjet: <b>Clip de Pr\u00e9sentation<\/b><br \/>\nTeam Cause: <b>Adrian Meredith<\/b><br \/>\nClient: <b>E.P.F.L.<\/b><\/p>\n","protected":false},"author":4,"featured_media":0,"comment_status":"open","ping_status":"open","sticky":false,"template":"","format":"standard","meta":{"footnotes":""},"categories":[13],"tags":[53,64,7,54,5,56,55,29],"class_list":["post-1788","post","type-post","status-publish","format-standard","hentry","category-mandats","tag-adrian-meredith","tag-architecture","tag-cause","tag-clip","tag-epfl","tag-mandat","tag-video","tag-wearethecause"],"_links":{"self":[{"href":"https:\/\/cause.ch\/lab\/wp-json\/wp\/v2\/posts\/1788","targetHints":{"allow":["GET"]}}],"collection":[{"href":"https:\/\/cause.ch\/lab\/wp-json\/wp\/v2\/posts"}],"about":[{"href":"https:\/\/cause.ch\/lab\/wp-json\/wp\/v2\/types\/post"}],"author":[{"embeddable":true,"href":"https:\/\/cause.ch\/lab\/wp-json\/wp\/v2\/users\/4"}],"replies":[{"embeddable":true,"href":"https:\/\/cause.ch\/lab\/wp-json\/wp\/v2\/comments?post=1788"}],"version-history":[{"count":9,"href":"https:\/\/cause.ch\/lab\/wp-json\/wp\/v2\/posts\/1788\/revisions"}],"predecessor-version":[{"id":1803,"href":"https:\/\/cause.ch\/lab\/wp-json\/wp\/v2\/posts\/1788\/revisions\/1803"}],"wp:attachment":[{"href":"https:\/\/cause.ch\/lab\/wp-json\/wp\/v2\/media?parent=1788"}],"wp:term":[{"taxonomy":"category","embeddable":true,"href":"https:\/\/cause.ch\/lab\/wp-json\/wp\/v2\/categories?post=1788"},{"taxonomy":"post_tag","embeddable":true,"href":"https:\/\/cause.ch\/lab\/wp-json\/wp\/v2\/tags?post=1788"}],"curies":[{"name":"wp","href":"https:\/\/api.w.org\/{rel}","templated":true}]}}