{"id":1823,"date":"2015-09-23T12:00:56","date_gmt":"2015-09-23T10:00:56","guid":{"rendered":"http:\/\/cause.ch\/lab\/?p=1823"},"modified":"2015-09-23T22:37:51","modified_gmt":"2015-09-23T20:37:51","slug":"se7en-j-dcbm","status":"publish","type":"post","link":"https:\/\/cause.ch\/lab\/we-are-the-cause\/se7en-j-dcbm\/","title":{"rendered":"Se7en J &#8211; DCBM"},"content":{"rendered":"<div class=\"center_text arx_pad_2\">\n<a href=\"http:\/\/se7enj.bandcamp.com\/album\/dcbm\" target=\"_blank\"><img loading=\"lazy\" decoding=\"async\" src=\"http:\/\/cause.ch\/lab\/wp-content\/uploads\/2015\/09\/logo-\u00a9se7en-j-dcbm.jpg\" alt=\"logo-\u00a9se7en-j-dcbm\" width=\"480\" height=\"173\" class=\"alignnone size-full wp-image-1824\" srcset=\"https:\/\/cause.ch\/lab\/wp-content\/uploads\/2015\/09\/logo-\u00a9se7en-j-dcbm.jpg 480w, https:\/\/cause.ch\/lab\/wp-content\/uploads\/2015\/09\/logo-\u00a9se7en-j-dcbm-300x108.jpg 300w\" sizes=\"auto, (max-width: 480px) 100vw, 480px\" \/><\/a>\n<\/div>\n<p class=\"center_content arx_pad_1 arx_1\">\nOn prend un grand plaisir \u00e0 vous relayer des nouvelles toutes fra\u00eeches des activit\u00e9s de notre ami <i><a href=\"http:\/\/se7enj.bandcamp.com\/album\/dcbm\" target=\"_blank\">Se7en J<\/a><\/i>, le rappeur nyonnais fondateur du label Gryphin Records sp\u00e9cialis\u00e9 dans le hip hop ind\u00e9pendant <i>\u00e0 l&#8217;am\u00e9ricaine<\/i>, nous r\u00e9v\u00e9lant la r\u00e9cente sortie de sa tout \u00e0 fait fulmineuse production, l&#8217;album <i><a href=\"http:\/\/se7enj.bandcamp.com\/album\/dcbm\" target=\"_blank\">DCBM<\/a><\/i>.\n<\/p>\n<p class=\"center_content arx_pad_1 arx_1\">\nConnu aussi sous le nom de Fabe Gryphin, avec qui Cause s&#8217;est vu collaborer autour du projet <i><a href=\"http:\/\/cause.ch\/lab\/portfolio\/golden-prison\/\" target=\"_blank\">Golden Prison<\/a><\/i> en 2014, ainsi que sur la bande son du film <i><a href=\"http:\/\/cause.ch\/lab\/portfolio\/toml\/\">Time of my Life<\/a><\/i> en 2012, l&#8217;artiste vient de nous gratifier d&#8217;une rafale de beats qui claquent, de samples croustillants et de lyrics embras\u00e9s, vibrant de rage et de la verve inspirante qu&#8217;on lui connait, soulevant une foule de souvenirs m\u00e9morables d&#8217;instants partag\u00e9s avec lui au fil des ann\u00e9es. Il a refait ses tiroirs pour d\u00e9poussi\u00e9rer toutes ses perles du pass\u00e9 sous la forme d&#8217;une compilation de &#8220;lost-tapes&#8221;, regroupant des titres compos\u00e9s jusqu&#8217;\u00e0 il y a 10 ans en arri\u00e8re.\n<\/p>\n<p class=\"center_content arx_pad_1 arx_1\">\nIl tente de faire mijoter de cette fa\u00e7on un public d\u00e9j\u00e0 euphoris\u00e9 \u00e0 l&#8217;imminente release d&#8217;un premier opus officiel enti\u00e8rement produit par le beatmaker lausannois FRZ qui contiendra quelques featurings de la cr\u00e8me de l&#8217;underground US comme Rasco, M-Dot et Krumb Snatcha ainsi que des pointures du rap romand comme Tweek ou Lord RC.\n<\/p>\n<p class=\"center_content arx_pad_1 arx_1\">\nLe hors-d&#8217;oeuvre <i>DCBM<\/i>, ou <i>Dual Cassette Boombox Made<\/i> est ainsi quant \u00e0 lui d\u00e9j\u00e0 disponible en t\u00e9l\u00e9chargement libre sur <a href=\"http:\/\/se7enj.bandcamp.com\/album\/dcbm\" target=\"_blank\">bandcamp<\/a> et <a href=\"http:\/\/www.mediafire.com\/download\/k5suuq85dr2smb4\/Se7en+J+-+DCBM.zip\" target=\"_blank\">mediafire<\/a>, o\u00f9 nous vous invitons vivement \u00e0 soutenir le d\u00e9vouement et la classe admirable de notre camarade cr\u00e9ateur. Vous y d\u00e9couvrirez notamment la piste #4 <i>Great Come Correct<\/i> featuring Steezy-C, v\u00e9ritable hommage et \u00e9loge de grande puissance au collectif <i>GCC-02<\/i> \u00e0 l&#8217;origine de la fondation de notre association Cause.\n<\/p>\n<p class=\"center_content center_text arx_pad_2 arx_2_pages\">\nBig-up Fabe! <i>Se7en J repreZent!<\/i>\n<\/p>\n<div class=\"center_text arx_pad_2\">\n<img loading=\"lazy\" decoding=\"async\" src=\"http:\/\/cause.ch\/lab\/wp-content\/uploads\/2015\/09\/album-front-\u00a9se7en-j-dcbm.jpg\" alt=\"album-front-\u00a9se7en-j-dcbm\" width=\"700\" height=\"700\" class=\"alignnone size-full wp-image-1827\" srcset=\"https:\/\/cause.ch\/lab\/wp-content\/uploads\/2015\/09\/album-front-\u00a9se7en-j-dcbm.jpg 700w, https:\/\/cause.ch\/lab\/wp-content\/uploads\/2015\/09\/album-front-\u00a9se7en-j-dcbm-150x150.jpg 150w, https:\/\/cause.ch\/lab\/wp-content\/uploads\/2015\/09\/album-front-\u00a9se7en-j-dcbm-300x300.jpg 300w\" sizes=\"auto, (max-width: 700px) 100vw, 700px\" \/>\n<\/div>\n<div class=\"center_text arx_pad_2\">\n<img loading=\"lazy\" decoding=\"async\" src=\"http:\/\/cause.ch\/lab\/wp-content\/uploads\/2015\/09\/album-back-\u00a9se7en-j-dcbm.jpg\" alt=\"album-back-\u00a9se7en-j-dcbm\" width=\"1024\" height=\"921\" class=\"alignnone size-full wp-image-1826\" srcset=\"https:\/\/cause.ch\/lab\/wp-content\/uploads\/2015\/09\/album-back-\u00a9se7en-j-dcbm.jpg 1024w, https:\/\/cause.ch\/lab\/wp-content\/uploads\/2015\/09\/album-back-\u00a9se7en-j-dcbm-300x270.jpg 300w\" sizes=\"auto, (max-width: 1024px) 100vw, 1024px\" \/>\n<\/div>\n","protected":false},"excerpt":{"rendered":"<p>On prend un grand plaisir \u00e0 vous relayer des nouvelles toutes fra\u00eeches des activit\u00e9s de notre ami Se7en J, le rappeur nyonnais fondateur du label Gryphin Records sp\u00e9cialis\u00e9 dans le hip hop ind\u00e9pendant \u00e0 l&#8217;am\u00e9ricaine, nous r\u00e9v\u00e9lant la r\u00e9cente sortie de sa tout \u00e0 fait fulmineuse production, l&#8217;album DCBM. Connu aussi sous le nom de [&hellip;]<\/p>\n","protected":false},"author":4,"featured_media":0,"comment_status":"open","ping_status":"open","sticky":false,"template":"","format":"standard","meta":{"footnotes":""},"categories":[1],"tags":[7,211,84,210,214,90,212,209,213,29],"class_list":["post-1823","post","type-post","status-publish","format-standard","hentry","category-we-are-the-cause","tag-cause","tag-dcbm","tag-fabe-gryphin","tag-fabrice-chollet","tag-hip-hop","tag-nyon","tag-rap","tag-seven-j","tag-underground-us","tag-wearethecause"],"_links":{"self":[{"href":"https:\/\/cause.ch\/lab\/wp-json\/wp\/v2\/posts\/1823","targetHints":{"allow":["GET"]}}],"collection":[{"href":"https:\/\/cause.ch\/lab\/wp-json\/wp\/v2\/posts"}],"about":[{"href":"https:\/\/cause.ch\/lab\/wp-json\/wp\/v2\/types\/post"}],"author":[{"embeddable":true,"href":"https:\/\/cause.ch\/lab\/wp-json\/wp\/v2\/users\/4"}],"replies":[{"embeddable":true,"href":"https:\/\/cause.ch\/lab\/wp-json\/wp\/v2\/comments?post=1823"}],"version-history":[{"count":10,"href":"https:\/\/cause.ch\/lab\/wp-json\/wp\/v2\/posts\/1823\/revisions"}],"predecessor-version":[{"id":1838,"href":"https:\/\/cause.ch\/lab\/wp-json\/wp\/v2\/posts\/1823\/revisions\/1838"}],"wp:attachment":[{"href":"https:\/\/cause.ch\/lab\/wp-json\/wp\/v2\/media?parent=1823"}],"wp:term":[{"taxonomy":"category","embeddable":true,"href":"https:\/\/cause.ch\/lab\/wp-json\/wp\/v2\/categories?post=1823"},{"taxonomy":"post_tag","embeddable":true,"href":"https:\/\/cause.ch\/lab\/wp-json\/wp\/v2\/tags?post=1823"}],"curies":[{"name":"wp","href":"https:\/\/api.w.org\/{rel}","templated":true}]}}