{"id":1875,"date":"2015-09-28T14:09:14","date_gmt":"2015-09-28T12:09:14","guid":{"rendered":"http:\/\/cause.ch\/lab\/?p=1875"},"modified":"2015-10-15T19:28:09","modified_gmt":"2015-10-15T17:28:09","slug":"bertrand-bochez-gestion-comptabilite","status":"publish","type":"post","link":"https:\/\/cause.ch\/lab\/mandats\/bertrand-bochez-gestion-comptabilite\/","title":{"rendered":"Bertrand Bochez &#8211; Gestion &#038; Comptabilit\u00e9"},"content":{"rendered":"<div class=\"center_text arx_pad_0\">\n<a href=\"http:\/\/cause.ch\/lab\/wp-content\/uploads\/2015\/09\/logo_bochez_\u00a9cause.jpg\"><img loading=\"lazy\" decoding=\"async\" src=\"http:\/\/cause.ch\/lab\/wp-content\/uploads\/2015\/09\/logo_bochez_\u00a9cause.jpg\" alt=\"logo_bochez_\u00a9cause\" width=\"1000\" height=\"705\" class=\"alignnone size-full wp-image-1884\" srcset=\"https:\/\/cause.ch\/lab\/wp-content\/uploads\/2015\/09\/logo_bochez_\u00a9cause.jpg 1000w, https:\/\/cause.ch\/lab\/wp-content\/uploads\/2015\/09\/logo_bochez_\u00a9cause-300x212.jpg 300w\" sizes=\"auto, (max-width: 1000px) 100vw, 1000px\" \/><\/a>\n<\/div>\n<p class=\"arx_0 center_content arx_pad_1\">\nProjet: <b>Conception en Communication Visuelle<\/b><br \/>\nTeam Cause: <b>Pierre Andrey<\/b><br \/>\nClient: <b>Bertrand Bochez<\/b>\n<\/p>\n<p class=\"center_content arx_pad_0 arx_1\">\nDans la branche graphisme et communication visuelle des activit\u00e9s Cause, Pierre Andrey rel\u00e8ve un mandat pour la soci\u00e9t\u00e9 fiduciaire <i><b>Bertrand Bochez &#8211; Gestion &#038; Comptabilit\u00e9<\/i><\/b> de Nyon.\n<\/p>\n<p class=\"center_content arx_pad_1 arx_1\">\nLa demande consiste d&#8217;abord en la conception d&#8217;une nouvelle carte de visite avec une mise \u00e0 jour du logotype de la bo\u00eete. Au bout d&#8217;une r\u00e9flexion autour du potentiel de moderniser l&#8217;image de son client, Pierre propose la r\u00e9alisation d&#8217;un nouvel embl\u00e8me, actualisant le graphisme de la carte de visite et changeant le choix de la papeterie.\n<\/p>\n<p class=\"center_content arx_pad_0 arx_1\">\nCe nouveau logo se sert de repr\u00e9sentations typiques de l&#8217;\u00e9conomie dans la m\u00e9moire collective: le pilier renvoie \u00e0 l&#8217;id\u00e9e stabilit\u00e9, la force des fondations solides, et ainsi par extension, il indique un renfort fiable, mettant le fiduciaire en valeur dans son r\u00f4le d&#8217;appui sur lequel sa client\u00e8le peut toujours compter.\n<\/p>\n<p class=\"center_content arx_pad_2 arx_1\">\nRejetant au maximum le symbolisme brut et archa\u00efque qui leste l&#8217;identit\u00e9 du monde de l&#8217;\u00e9conomie, le graphiste a souhait\u00e9 innover ici avec un objectif de plus de l\u00e9g\u00e8ret\u00e9, de jeunesse et d&#8217;humanit\u00e9 dans son expression.\n<\/p>\n<div class=\"center_text arx_pad_2\">\n<a href=\"http:\/\/cause.ch\/lab\/wp-content\/uploads\/2015\/09\/mockup-cartes-de-visite-bertrand-bochez-\u00a9cause.jpg\"><img loading=\"lazy\" decoding=\"async\" src=\"http:\/\/cause.ch\/lab\/wp-content\/uploads\/2015\/09\/mockup-cartes-de-visite-bertrand-bochez-\u00a9cause.jpg\" alt=\"mockup-cartes-de-visite-bertrand-bochez-\u00a9cause\" width=\"1000\" height=\"727\" class=\"alignnone size-full wp-image-1878\" srcset=\"https:\/\/cause.ch\/lab\/wp-content\/uploads\/2015\/09\/mockup-cartes-de-visite-bertrand-bochez-\u00a9cause.jpg 1000w, https:\/\/cause.ch\/lab\/wp-content\/uploads\/2015\/09\/mockup-cartes-de-visite-bertrand-bochez-\u00a9cause-300x218.jpg 300w\" sizes=\"auto, (max-width: 1000px) 100vw, 1000px\" \/><\/a>\n<\/div>\n","protected":false},"excerpt":{"rendered":"<p class=\"arx_excerpt arx_pad_2\">\nProjet: <b>Conception en Communication Visuelle<\/b><br \/>\nTeam Cause: <b>Pierre Andrey<\/b><br \/>\nClient: <b>Bertrand Bochez<\/b><\/p>\n","protected":false},"author":4,"featured_media":0,"comment_status":"open","ping_status":"open","sticky":false,"template":"","format":"standard","meta":{"footnotes":""},"categories":[13],"tags":[215,7,216,206,56,59,29],"class_list":["post-1875","post","type-post","status-publish","format-standard","hentry","category-mandats","tag-bochez","tag-cause","tag-communication","tag-graphisme","tag-mandat","tag-pierre-andrey","tag-wearethecause"],"_links":{"self":[{"href":"https:\/\/cause.ch\/lab\/wp-json\/wp\/v2\/posts\/1875","targetHints":{"allow":["GET"]}}],"collection":[{"href":"https:\/\/cause.ch\/lab\/wp-json\/wp\/v2\/posts"}],"about":[{"href":"https:\/\/cause.ch\/lab\/wp-json\/wp\/v2\/types\/post"}],"author":[{"embeddable":true,"href":"https:\/\/cause.ch\/lab\/wp-json\/wp\/v2\/users\/4"}],"replies":[{"embeddable":true,"href":"https:\/\/cause.ch\/lab\/wp-json\/wp\/v2\/comments?post=1875"}],"version-history":[{"count":8,"href":"https:\/\/cause.ch\/lab\/wp-json\/wp\/v2\/posts\/1875\/revisions"}],"predecessor-version":[{"id":1887,"href":"https:\/\/cause.ch\/lab\/wp-json\/wp\/v2\/posts\/1875\/revisions\/1887"}],"wp:attachment":[{"href":"https:\/\/cause.ch\/lab\/wp-json\/wp\/v2\/media?parent=1875"}],"wp:term":[{"taxonomy":"category","embeddable":true,"href":"https:\/\/cause.ch\/lab\/wp-json\/wp\/v2\/categories?post=1875"},{"taxonomy":"post_tag","embeddable":true,"href":"https:\/\/cause.ch\/lab\/wp-json\/wp\/v2\/tags?post=1875"}],"curies":[{"name":"wp","href":"https:\/\/api.w.org\/{rel}","templated":true}]}}