{"id":1913,"date":"2015-09-29T20:52:27","date_gmt":"2015-09-29T18:52:27","guid":{"rendered":"http:\/\/cause.ch\/lab\/?p=1913"},"modified":"2015-10-15T19:15:51","modified_gmt":"2015-10-15T17:15:51","slug":"retour-en-images-sur-le-b-i-f-f-l-2015","status":"publish","type":"post","link":"https:\/\/cause.ch\/lab\/we-are-the-cause\/retour-en-images-sur-le-b-i-f-f-l-2015\/","title":{"rendered":"Retour en images sur le B.I.F.F.L. 2015"},"content":{"rendered":"<div class=\"arx_pad_2 center_text\">\n<a href=\"http:\/\/cause.ch\/lab\/wp-content\/uploads\/2015\/09\/le-public-biffl-2015-\u00a9cause-adrian-meredith.jpg\"><img loading=\"lazy\" decoding=\"async\" src=\"http:\/\/cause.ch\/lab\/wp-content\/uploads\/2015\/09\/le-public-biffl-2015-\u00a9cause-adrian-meredith.jpg\" alt=\"le-public-biffl-2015-\u00a9cause-adrian-meredith\" width=\"1000\" height=\"667\" class=\"alignnone size-full wp-image-1908\" srcset=\"https:\/\/cause.ch\/lab\/wp-content\/uploads\/2015\/09\/le-public-biffl-2015-\u00a9cause-adrian-meredith.jpg 1000w, https:\/\/cause.ch\/lab\/wp-content\/uploads\/2015\/09\/le-public-biffl-2015-\u00a9cause-adrian-meredith-300x200.jpg 300w, https:\/\/cause.ch\/lab\/wp-content\/uploads\/2015\/09\/le-public-biffl-2015-\u00a9cause-adrian-meredith-640x426.jpg 640w\" sizes=\"auto, (max-width: 1000px) 100vw, 1000px\" \/><\/a>\n<\/div>\n<p class=\"arx_1 center_content arx_pad_1\">\nUn petit flash-back imag\u00e9 sur l&#8217;\u00e9v\u00e8nement cin\u00e9matographique de prestige qui s&#8217;est tenu au sein de l&#8217;amphith\u00e9\u00e2tre Marcel Perrin du complexe Cause \u00e0 Gland le 11 Septembre dernier: le <i><a href=\"http:\/\/www.fjoord.com\/biffl\/index.html\" target=\"_blank\">Ballasti\u00e8re International Film Festival of Lessismore?<\/a><\/i> y avait en effet \u00e9lu r\u00e9sidence pour une tr\u00e8s attendue seconde \u00e9dition, \u00e0 la plus grande joie d&#8217;une foule de cin\u00e9astes en herbe, exp\u00e9rimentateurs de l&#8217;image avides de moments forts et de rires, venus pr\u00e9senter leurs perles nouvelles dans une ambiance joyeusement d\u00e9cal\u00e9e (de plusieurs degr\u00e9s).\n<\/p>\n<p class=\"arx_1 center_content arx_pad_1\">\nLe <i>B.I.F.F.L.<\/i>, c&#8217;est beaucoup plus qu&#8217;un simple festival de courts-m\u00e9trages amateurs. Pour citer le grand absent de cet incontournable rendez-vous pour tout adepte du 7\u00e8me art, son co-fondateur Nikola Sanz, <i>&#8220;l&#8217;id\u00e9e principale derri\u00e8re ce projet c&#8217;\u00e9tait de promouvoir la cr\u00e9ation audio-visuelle autour de nous, et de faire partager un petit peu de ce plaisir!&#8221;<\/i>\n<\/p>\n<p class=\"arx_1 center_content arx_pad_1\">\nUn appel \u00e0 la cr\u00e9ativit\u00e9 donc, ouverte \u00e0 tous, sur l&#8217;\u00e9lan de l&#8217;accessibilit\u00e9 croissante \u00e0 la pratique pourvue par les gadgets de la technologie moderne. Un espace de partage, o\u00f9 le temps d&#8217;une soir\u00e9e, chacun peut s&#8217;offrir le loisir de se glisser dans la peau de l&#8217;artiste et ressentir la gloire d&#8217;une part, et d&#8217;autre cette vuln\u00e9rabilit\u00e9 connue de tout cr\u00e9ateur, qui nait de l&#8217;\u00e9preuve de mise \u00e0 nu expos\u00e9e au regard ext\u00e9rieur. Un moment de d\u00e9tente enfin, o\u00f9 humour et convivialit\u00e9 se m\u00ealent <i>juste pour le plaisir<\/i>.\n<\/p>\n<p class=\"arx_1 center_content arx_pad_1\">\nLe format modifi\u00e9 cette ann\u00e9e, restreignant la dur\u00e9e des films \u00e0 3-4 minutes au maximum, a amen\u00e9 le plein de satisfaction \u00e0 Fr\u00e9d\u00e9ric Goncerut, l&#8217;autre moiti\u00e9 du duo gagnant \u00e0 l&#8217;origine du concept: le public a eu le temps d&#8217;arriver, de profiter des saveurs au buffet, de trinquer une bonne bi\u00e8re \u00e0 la pompe &#8211; ou, \u00e0 d\u00e9faut, autres surfs, spritz et criquets \u00e0 la carte &#8211; avant d&#8217;entamer les projections qui devaient b\u00e9n\u00e9ficier cette fois d&#8217;une entr&#8217;acte, au grand soulagement du jury soumis aux rudes pressions du r\u00f4le de partialit\u00e9 face \u00e0 l&#8217;abondance de visions brutales et b\u00e9ates d\u00e9bordant de l&#8217;\u00e9cran.\n<\/p>\n<p class=\"arx_1 center_content arx_pad_1\">\nOn ne peut r\u00e9sister ici l&#8217;impulsion de faire une immense r\u00e9v\u00e9rence \u00e0 l&#8217;initiative et la spontan\u00e9it\u00e9 des apports de tous les amis impliqu\u00e9s dans la r\u00e9ussite de cette soir\u00e9e, particuli\u00e8rement aux efforts et talents culinaires de <b>Claudia V\u00e9ron<\/b>, <b>Jonathan Manansala<\/b> et <b>Max Jaccaud<\/b>, ainsi qu&#8217;\u00e0 la prodigalit\u00e9 de tous les p\u00e2tissiers parmi la bienveillante audience du Biffl, \u00e0 l&#8217;art viticole et la copieuse bont\u00e9 de la famille Ris au <b><a href=\"http:\/\/domainedefischer.ch\/\" target=\"_blank\">Domaine de Fischer<\/a><\/b>, et bien s\u00fbr \u00e0 la g\u00e9n\u00e9rosit\u00e9 et l&#8217;illustre savoir-faire des ma\u00eetres houblonneurs de la <b><a href=\"http:\/\/brasseriebfm.ch\/\" target=\"_blank\">Brasserie BFM<\/a><\/b>. <i>Last but not least<\/i>, une ovation c\u00e9leste et la Biffle d&#8217;Or \u00e0 <b>Fred<\/b> pour sa magnanime pr\u00e9sidence sur toute l&#8217;organisation!\n<\/p>\n<p class=\"arx_1 center_content arx_pad_1\">\nPassons au palmar\u00e8s de cette magnifique \u00e9dition 2015 o\u00f9 les cin\u00e9astes nous ont tant fait rire et r\u00eaver: parmi la grande vingtaine de films en comp\u00e9tition, 6 d&#8217;entre eux ont \u00e9t\u00e9 r\u00e9compens\u00e9s selon des cat\u00e9gories bien d\u00e9termin\u00e9es:\n<\/p>\n<p class=\"arx_2_pages center_content arx_pad_1 center_text\">\nle <i><b>Prix Bertrand Piccard<\/b><\/i> du film qui fait le plus voyager a \u00e9t\u00e9 d\u00e9cern\u00e9 \u00e0 Charlotte Goncerut et Beno\u00eet de Buren pour leur film <i><b>Chale-Chalo<\/i><\/b>:\n<\/p>\n<div class=\"arx_pad_2 center_text\">\n<a href=\"http:\/\/cause.ch\/lab\/wp-content\/uploads\/2015\/09\/affiche-chale-chalo-biffl-2015.jpg\"><img loading=\"lazy\" decoding=\"async\" src=\"http:\/\/cause.ch\/lab\/wp-content\/uploads\/2015\/09\/affiche-chale-chalo-biffl-2015.jpg\" alt=\"affiche-chale-chalo-biffl-2015\" width=\"1000\" height=\"667\" class=\"alignnone size-full wp-image-1894\" srcset=\"https:\/\/cause.ch\/lab\/wp-content\/uploads\/2015\/09\/affiche-chale-chalo-biffl-2015.jpg 1000w, https:\/\/cause.ch\/lab\/wp-content\/uploads\/2015\/09\/affiche-chale-chalo-biffl-2015-300x200.jpg 300w, https:\/\/cause.ch\/lab\/wp-content\/uploads\/2015\/09\/affiche-chale-chalo-biffl-2015-640x426.jpg 640w\" sizes=\"auto, (max-width: 1000px) 100vw, 1000px\" \/><\/a>\n<\/div>\n<div class=\"arx_pad_2 center_text\">\n<a href=\"http:\/\/cause.ch\/lab\/wp-content\/uploads\/2015\/09\/benoit-goncerut-charlotte-de-buren-biffl-2015-\u00a9cause-adrian-meredith.jpg\"><img loading=\"lazy\" decoding=\"async\" src=\"http:\/\/cause.ch\/lab\/wp-content\/uploads\/2015\/09\/benoit-goncerut-charlotte-de-buren-biffl-2015-\u00a9cause-adrian-meredith.jpg\" alt=\"benoit-goncerut-charlotte-de-buren-biffl-2015-\u00a9cause-adrian-meredith\" width=\"1000\" height=\"667\" class=\"alignnone size-full wp-image-1899\" srcset=\"https:\/\/cause.ch\/lab\/wp-content\/uploads\/2015\/09\/benoit-goncerut-charlotte-de-buren-biffl-2015-\u00a9cause-adrian-meredith.jpg 1000w, https:\/\/cause.ch\/lab\/wp-content\/uploads\/2015\/09\/benoit-goncerut-charlotte-de-buren-biffl-2015-\u00a9cause-adrian-meredith-300x200.jpg 300w, https:\/\/cause.ch\/lab\/wp-content\/uploads\/2015\/09\/benoit-goncerut-charlotte-de-buren-biffl-2015-\u00a9cause-adrian-meredith-640x426.jpg 640w\" sizes=\"auto, (max-width: 1000px) 100vw, 1000px\" \/><\/a>\n<\/div>\n<p class=\"arx_2_pages center_content arx_pad_1 center_text\">\nle <b><i>Prix Jean-Marc Richard<\/b><\/i> du film qui transmet le plus beau message, les plus belles valeurs, a \u00e9t\u00e9 d\u00e9cern\u00e9 \u00e0 Claudia V\u00e9ron, Chantal Affentrager et Val\u00e9rie Sordet pour leur film <i><b>Narcissistic \u00e0 Dubrovnik<\/i><\/b>:\n<\/p>\n<div class=\"arx_pad_2 center_text\">\n<a href=\"http:\/\/cause.ch\/lab\/wp-content\/uploads\/2015\/09\/affiche-narcissistik-dubrovnik-biffl-2015.jpg\"><img loading=\"lazy\" decoding=\"async\" src=\"http:\/\/cause.ch\/lab\/wp-content\/uploads\/2015\/09\/affiche-narcissistik-dubrovnik-biffl-2015.jpg\" alt=\"affiche-narcissistik-dubrovnik-biffl-2015\" width=\"1000\" height=\"667\" class=\"alignnone size-full wp-image-1896\" srcset=\"https:\/\/cause.ch\/lab\/wp-content\/uploads\/2015\/09\/affiche-narcissistik-dubrovnik-biffl-2015.jpg 1000w, https:\/\/cause.ch\/lab\/wp-content\/uploads\/2015\/09\/affiche-narcissistik-dubrovnik-biffl-2015-300x200.jpg 300w, https:\/\/cause.ch\/lab\/wp-content\/uploads\/2015\/09\/affiche-narcissistik-dubrovnik-biffl-2015-640x426.jpg 640w\" sizes=\"auto, (max-width: 1000px) 100vw, 1000px\" \/><\/a>\n<\/div>\n<div class=\"arx_pad_2 center_text\">\n<a href=\"http:\/\/cause.ch\/lab\/wp-content\/uploads\/2015\/09\/claudia-veron-chantal-affentranger-biffl-2015-\u00a9cause-adrian-meredith.jpg\"><img loading=\"lazy\" decoding=\"async\" src=\"http:\/\/cause.ch\/lab\/wp-content\/uploads\/2015\/09\/claudia-veron-chantal-affentranger-biffl-2015-\u00a9cause-adrian-meredith.jpg\" alt=\"claudia-veron-chantal-affentranger-biffl-2015-\u00a9cause-adrian-meredith\" width=\"1000\" height=\"667\" class=\"alignnone size-full wp-image-1901\" srcset=\"https:\/\/cause.ch\/lab\/wp-content\/uploads\/2015\/09\/claudia-veron-chantal-affentranger-biffl-2015-\u00a9cause-adrian-meredith.jpg 1000w, https:\/\/cause.ch\/lab\/wp-content\/uploads\/2015\/09\/claudia-veron-chantal-affentranger-biffl-2015-\u00a9cause-adrian-meredith-300x200.jpg 300w, https:\/\/cause.ch\/lab\/wp-content\/uploads\/2015\/09\/claudia-veron-chantal-affentranger-biffl-2015-\u00a9cause-adrian-meredith-640x426.jpg 640w\" sizes=\"auto, (max-width: 1000px) 100vw, 1000px\" \/><\/a>\n<\/div>\n<p class=\"arx_2_pages center_content arx_pad_1 center_text\">\nle <b><i>Prix Bastian Baker<\/b><\/i> du film avec la meilleure utilisation du son a \u00e9t\u00e9 d\u00e9cern\u00e9 au Facilicateur J\u00e9r\u00f4me Saugy pour son film <i><b>le D\u00e9lit de Sale Gueule<\/i><\/b>:\n<\/p>\n<div class=\"arx_pad_2 center_text\">\n<a href=\"http:\/\/cause.ch\/lab\/wp-content\/uploads\/2015\/09\/affiche-le-delit-de-sale-gueule-biffl-2015.jpg\"><img loading=\"lazy\" decoding=\"async\" src=\"http:\/\/cause.ch\/lab\/wp-content\/uploads\/2015\/09\/affiche-le-delit-de-sale-gueule-biffl-2015.jpg\" alt=\"affiche-le-delit-de-sale-gueule-biffl-2015\" width=\"1000\" height=\"1326\" class=\"alignnone size-full wp-image-1895\" srcset=\"https:\/\/cause.ch\/lab\/wp-content\/uploads\/2015\/09\/affiche-le-delit-de-sale-gueule-biffl-2015.jpg 1000w, https:\/\/cause.ch\/lab\/wp-content\/uploads\/2015\/09\/affiche-le-delit-de-sale-gueule-biffl-2015-226x300.jpg 226w, https:\/\/cause.ch\/lab\/wp-content\/uploads\/2015\/09\/affiche-le-delit-de-sale-gueule-biffl-2015-772x1024.jpg 772w\" sizes=\"auto, (max-width: 1000px) 100vw, 1000px\" \/><\/a>\n<\/div>\n<div class=\"arx_pad_2 center_text\">\n<a href=\"http:\/\/cause.ch\/lab\/wp-content\/uploads\/2015\/09\/jerome-saugy-2015-\u00a9cause-adrian-meredith.jpg\"><img loading=\"lazy\" decoding=\"async\" src=\"http:\/\/cause.ch\/lab\/wp-content\/uploads\/2015\/09\/jerome-saugy-2015-\u00a9cause-adrian-meredith.jpg\" alt=\"jerome-saugy-2015-\u00a9cause-adrian-meredith\" width=\"1000\" height=\"667\" class=\"alignnone size-full wp-image-1906\" srcset=\"https:\/\/cause.ch\/lab\/wp-content\/uploads\/2015\/09\/jerome-saugy-2015-\u00a9cause-adrian-meredith.jpg 1000w, https:\/\/cause.ch\/lab\/wp-content\/uploads\/2015\/09\/jerome-saugy-2015-\u00a9cause-adrian-meredith-300x200.jpg 300w, https:\/\/cause.ch\/lab\/wp-content\/uploads\/2015\/09\/jerome-saugy-2015-\u00a9cause-adrian-meredith-640x426.jpg 640w\" sizes=\"auto, (max-width: 1000px) 100vw, 1000px\" \/><\/a>\n<\/div>\n<p class=\"arx_2_pages center_content arx_pad_1 center_text\">\nle <b><i>Prix Jean-Claude Van Damme<\/b><\/i> du film qui tabasse le plus, qui d\u00e9coiffe, a \u00e9t\u00e9 d\u00e9cern\u00e9 \u00e0 Mathieu Fasel, Tomas Carl et Samuel L. Matthews pour leur film <i><b>11 Septembre<\/i><\/b>:\n<\/p>\n<div class=\"arx_pad_2 center_text\">\n<a href=\"http:\/\/cause.ch\/lab\/wp-content\/uploads\/2015\/09\/affiche-11-septembre-biffl-2015.jpg\"><img loading=\"lazy\" decoding=\"async\" src=\"http:\/\/cause.ch\/lab\/wp-content\/uploads\/2015\/09\/affiche-11-septembre-biffl-2015.jpg\" alt=\"affiche-11-septembre-biffl-2015\" width=\"1000\" height=\"561\" class=\"alignnone size-full wp-image-1893\" srcset=\"https:\/\/cause.ch\/lab\/wp-content\/uploads\/2015\/09\/affiche-11-septembre-biffl-2015.jpg 1000w, https:\/\/cause.ch\/lab\/wp-content\/uploads\/2015\/09\/affiche-11-septembre-biffl-2015-300x168.jpg 300w\" sizes=\"auto, (max-width: 1000px) 100vw, 1000px\" \/><\/a>\n<\/div>\n<div class=\"arx_pad_2 center_text\">\n<a href=\"http:\/\/cause.ch\/lab\/wp-content\/uploads\/2015\/09\/mathieu-fasel-thomas-carl-samuel-l-matthews-2015-\u00a9cause-adrian-meredith.jpg\"><img loading=\"lazy\" decoding=\"async\" src=\"http:\/\/cause.ch\/lab\/wp-content\/uploads\/2015\/09\/mathieu-fasel-thomas-carl-samuel-l-matthews-2015-\u00a9cause-adrian-meredith.jpg\" alt=\"mathieu-fasel-thomas-carl-samuel-l-matthews-2015-\u00a9cause-adrian-meredith\" width=\"1000\" height=\"667\" class=\"alignnone size-full wp-image-1910\" srcset=\"https:\/\/cause.ch\/lab\/wp-content\/uploads\/2015\/09\/mathieu-fasel-thomas-carl-samuel-l-matthews-2015-\u00a9cause-adrian-meredith.jpg 1000w, https:\/\/cause.ch\/lab\/wp-content\/uploads\/2015\/09\/mathieu-fasel-thomas-carl-samuel-l-matthews-2015-\u00a9cause-adrian-meredith-300x200.jpg 300w, https:\/\/cause.ch\/lab\/wp-content\/uploads\/2015\/09\/mathieu-fasel-thomas-carl-samuel-l-matthews-2015-\u00a9cause-adrian-meredith-640x426.jpg 640w\" sizes=\"auto, (max-width: 1000px) 100vw, 1000px\" \/><\/a>\n<\/div>\n<p class=\"arx_2_pages center_content arx_pad_1 center_text\">\nle <b><i>Prix Toulouse-Lautrec<\/b><\/i> du film avec la plus belle photographie a \u00e9t\u00e9 d\u00e9cern\u00e9 \u00e0 Guillaume Levallois pour son film <i><b>le Trait\u00e9 de Langue et d&#8217;Absurdit\u00e9<\/i><\/b>:\n<\/p>\n<div class=\"arx_pad_2 center_text\">\n<a href=\"http:\/\/cause.ch\/lab\/wp-content\/uploads\/2015\/09\/guillaume-levallois-biffl-2015-\u00a9cause-adrian-meredith.jpg\"><img loading=\"lazy\" decoding=\"async\" src=\"http:\/\/cause.ch\/lab\/wp-content\/uploads\/2015\/09\/guillaume-levallois-biffl-2015-\u00a9cause-adrian-meredith.jpg\" alt=\"guillaume-levallois-biffl-2015-\u00a9cause-adrian-meredith\" width=\"1000\" height=\"667\" class=\"alignnone size-full wp-image-1904\" srcset=\"https:\/\/cause.ch\/lab\/wp-content\/uploads\/2015\/09\/guillaume-levallois-biffl-2015-\u00a9cause-adrian-meredith.jpg 1000w, https:\/\/cause.ch\/lab\/wp-content\/uploads\/2015\/09\/guillaume-levallois-biffl-2015-\u00a9cause-adrian-meredith-300x200.jpg 300w, https:\/\/cause.ch\/lab\/wp-content\/uploads\/2015\/09\/guillaume-levallois-biffl-2015-\u00a9cause-adrian-meredith-640x426.jpg 640w\" sizes=\"auto, (max-width: 1000px) 100vw, 1000px\" \/><\/a>\n<\/div>\n<p class=\"arx_2_pages center_content arx_pad_1 center_text\">\nEt finalement, le <b><i>PrixJean-Marie Bigard<\/b><\/i> du film qui fait le plus rire a \u00e9t\u00e9 d\u00e9cern\u00e9 \u00e0 Vladimir Sanz pour son film <i><b>Hug<\/i><\/b>:\n<\/p>\n<div class=\"arx_pad_2 center_text\">\n<a href=\"http:\/\/cause.ch\/lab\/wp-content\/uploads\/2015\/09\/vladimir-sanz-biffl-2015-\u00a9cause-adrian-meredith.jpg\"><img loading=\"lazy\" decoding=\"async\" src=\"http:\/\/cause.ch\/lab\/wp-content\/uploads\/2015\/09\/vladimir-sanz-biffl-2015-\u00a9cause-adrian-meredith.jpg\" alt=\"vladimir-sanz-biffl-2015-\u00a9cause-adrian-meredith\" width=\"1000\" height=\"667\" class=\"alignnone size-full wp-image-1911\" srcset=\"https:\/\/cause.ch\/lab\/wp-content\/uploads\/2015\/09\/vladimir-sanz-biffl-2015-\u00a9cause-adrian-meredith.jpg 1000w, https:\/\/cause.ch\/lab\/wp-content\/uploads\/2015\/09\/vladimir-sanz-biffl-2015-\u00a9cause-adrian-meredith-300x200.jpg 300w, https:\/\/cause.ch\/lab\/wp-content\/uploads\/2015\/09\/vladimir-sanz-biffl-2015-\u00a9cause-adrian-meredith-640x426.jpg 640w\" sizes=\"auto, (max-width: 1000px) 100vw, 1000px\" \/><\/a>\n<\/div>\n<p class=\"arx_2_pages center_content arx_pad_2\">\nOn se quitte sur les beaux clich\u00e9s de la soir\u00e9e captur\u00e9s par l&#8217;objectif d&#8217;Adrian Meredith, avec l&#8217;espoir de vous (re)voir l&#8217;ann\u00e9e prochaine toujours plus passionn\u00e9s sur le tapis rouge du <b>B.i.f.f.l.<\/b>, <i>le festival qui claque!<\/i>\n<\/p>\n<div class=\"arx_pad_2 center_text\">\n<a href=\"http:\/\/cause.ch\/lab\/wp-content\/uploads\/2015\/09\/amphitheatre-ballastiere-\u00a9cause-adrian-meredith.jpg\"><img loading=\"lazy\" decoding=\"async\" src=\"http:\/\/cause.ch\/lab\/wp-content\/uploads\/2015\/09\/amphitheatre-ballastiere-\u00a9cause-adrian-meredith.jpg\" alt=\"amphitheatre-ballastiere-\u00a9cause-adrian-meredith\" width=\"1000\" height=\"667\" class=\"alignnone size-full wp-image-1897\" srcset=\"https:\/\/cause.ch\/lab\/wp-content\/uploads\/2015\/09\/amphitheatre-ballastiere-\u00a9cause-adrian-meredith.jpg 1000w, https:\/\/cause.ch\/lab\/wp-content\/uploads\/2015\/09\/amphitheatre-ballastiere-\u00a9cause-adrian-meredith-300x200.jpg 300w, https:\/\/cause.ch\/lab\/wp-content\/uploads\/2015\/09\/amphitheatre-ballastiere-\u00a9cause-adrian-meredith-640x426.jpg 640w\" sizes=\"auto, (max-width: 1000px) 100vw, 1000px\" \/><\/a>\n<\/div>\n<div class=\"arx_pad_2 center_text\">\n<a href=\"http:\/\/cause.ch\/lab\/wp-content\/uploads\/2015\/09\/entracte-biffl-2015-\u00a9cause-adrian-meredith.jpg\"><img loading=\"lazy\" decoding=\"async\" src=\"http:\/\/cause.ch\/lab\/wp-content\/uploads\/2015\/09\/entracte-biffl-2015-\u00a9cause-adrian-meredith.jpg\" alt=\"entr&#039;acte-biffl-2015-\u00a9cause-adrian-meredith\" width=\"1000\" height=\"667\" class=\"alignnone size-full wp-image-1902\" srcset=\"https:\/\/cause.ch\/lab\/wp-content\/uploads\/2015\/09\/entracte-biffl-2015-\u00a9cause-adrian-meredith.jpg 1000w, https:\/\/cause.ch\/lab\/wp-content\/uploads\/2015\/09\/entracte-biffl-2015-\u00a9cause-adrian-meredith-300x200.jpg 300w, https:\/\/cause.ch\/lab\/wp-content\/uploads\/2015\/09\/entracte-biffl-2015-\u00a9cause-adrian-meredith-640x426.jpg 640w\" sizes=\"auto, (max-width: 1000px) 100vw, 1000px\" \/><\/a>\n<\/div>\n<div class=\"arx_pad_2 center_text\">\n<a href=\"http:\/\/cause.ch\/lab\/wp-content\/uploads\/2015\/09\/major-favrod-biffl-2015-\u00a9cause-adrian-meredith.jpg\"><img loading=\"lazy\" decoding=\"async\" src=\"http:\/\/cause.ch\/lab\/wp-content\/uploads\/2015\/09\/major-favrod-biffl-2015-\u00a9cause-adrian-meredith.jpg\" alt=\"major-favrod-biffl-2015-\u00a9cause-adrian-meredith\" width=\"1000\" height=\"667\" class=\"alignnone size-full wp-image-1909\" srcset=\"https:\/\/cause.ch\/lab\/wp-content\/uploads\/2015\/09\/major-favrod-biffl-2015-\u00a9cause-adrian-meredith.jpg 1000w, https:\/\/cause.ch\/lab\/wp-content\/uploads\/2015\/09\/major-favrod-biffl-2015-\u00a9cause-adrian-meredith-300x200.jpg 300w, https:\/\/cause.ch\/lab\/wp-content\/uploads\/2015\/09\/major-favrod-biffl-2015-\u00a9cause-adrian-meredith-640x426.jpg 640w\" sizes=\"auto, (max-width: 1000px) 100vw, 1000px\" \/><\/a>\n<\/div>\n<div class=\"arx_pad_2 center_text\">\n<a href=\"http:\/\/cause.ch\/lab\/wp-content\/uploads\/2015\/09\/jen-lou-alex-tom-biffl-2015-\u00a9cause-adrian-meredith.jpg\"><img loading=\"lazy\" decoding=\"async\" src=\"http:\/\/cause.ch\/lab\/wp-content\/uploads\/2015\/09\/jen-lou-alex-tom-biffl-2015-\u00a9cause-adrian-meredith.jpg\" alt=\"jen-lou-alex-tom-biffl-2015-\u00a9cause-adrian-meredith\" width=\"1000\" height=\"667\" class=\"alignnone size-full wp-image-1905\" srcset=\"https:\/\/cause.ch\/lab\/wp-content\/uploads\/2015\/09\/jen-lou-alex-tom-biffl-2015-\u00a9cause-adrian-meredith.jpg 1000w, https:\/\/cause.ch\/lab\/wp-content\/uploads\/2015\/09\/jen-lou-alex-tom-biffl-2015-\u00a9cause-adrian-meredith-300x200.jpg 300w, https:\/\/cause.ch\/lab\/wp-content\/uploads\/2015\/09\/jen-lou-alex-tom-biffl-2015-\u00a9cause-adrian-meredith-640x426.jpg 640w\" sizes=\"auto, (max-width: 1000px) 100vw, 1000px\" \/><\/a>\n<\/div>\n<div class=\"arx_pad_2 center_text\">\n<a href=\"http:\/\/cause.ch\/lab\/wp-content\/uploads\/2015\/09\/frederic-goncerut-vincent-favrod-biffl-2015-\u00a9cause-adrian-meredith.jpg\"><img loading=\"lazy\" decoding=\"async\" src=\"http:\/\/cause.ch\/lab\/wp-content\/uploads\/2015\/09\/frederic-goncerut-vincent-favrod-biffl-2015-\u00a9cause-adrian-meredith.jpg\" alt=\"frederic-goncerut-vincent-favrod-biffl-2015-\u00a9cause-adrian-meredith\" width=\"1000\" height=\"667\" class=\"alignnone size-full wp-image-1903\" srcset=\"https:\/\/cause.ch\/lab\/wp-content\/uploads\/2015\/09\/frederic-goncerut-vincent-favrod-biffl-2015-\u00a9cause-adrian-meredith.jpg 1000w, https:\/\/cause.ch\/lab\/wp-content\/uploads\/2015\/09\/frederic-goncerut-vincent-favrod-biffl-2015-\u00a9cause-adrian-meredith-300x200.jpg 300w, https:\/\/cause.ch\/lab\/wp-content\/uploads\/2015\/09\/frederic-goncerut-vincent-favrod-biffl-2015-\u00a9cause-adrian-meredith-640x426.jpg 640w\" sizes=\"auto, (max-width: 1000px) 100vw, 1000px\" \/><\/a>\n<\/div>\n<div class=\"arx_pad_2 center_text\">\n<a href=\"http:\/\/cause.ch\/lab\/wp-content\/uploads\/2015\/09\/le-buffet-biffl-2015-\u00a9cause-adrian-meredith.jpg\"><img loading=\"lazy\" decoding=\"async\" src=\"http:\/\/cause.ch\/lab\/wp-content\/uploads\/2015\/09\/le-buffet-biffl-2015-\u00a9cause-adrian-meredith.jpg\" alt=\"le-buffet-biffl-2015-\u00a9cause-adrian-meredith\" width=\"1000\" height=\"667\" class=\"alignnone size-full wp-image-1907\" srcset=\"https:\/\/cause.ch\/lab\/wp-content\/uploads\/2015\/09\/le-buffet-biffl-2015-\u00a9cause-adrian-meredith.jpg 1000w, https:\/\/cause.ch\/lab\/wp-content\/uploads\/2015\/09\/le-buffet-biffl-2015-\u00a9cause-adrian-meredith-300x200.jpg 300w, https:\/\/cause.ch\/lab\/wp-content\/uploads\/2015\/09\/le-buffet-biffl-2015-\u00a9cause-adrian-meredith-640x426.jpg 640w\" sizes=\"auto, (max-width: 1000px) 100vw, 1000px\" \/><\/a>\n<\/div>\n<div class=\"arx_pad_2 center_text\">\n<a href=\"http:\/\/cause.ch\/lab\/wp-content\/uploads\/2015\/09\/bieres-bfm-biffl-2015-\u00a9cause-adrian-meredith.jpg\"><img loading=\"lazy\" decoding=\"async\" src=\"http:\/\/cause.ch\/lab\/wp-content\/uploads\/2015\/09\/bieres-bfm-biffl-2015-\u00a9cause-adrian-meredith.jpg\" alt=\"bieres-bfm-biffl-2015-\u00a9cause-adrian-meredith\" width=\"1000\" height=\"667\" class=\"alignnone size-full wp-image-1900\" srcset=\"https:\/\/cause.ch\/lab\/wp-content\/uploads\/2015\/09\/bieres-bfm-biffl-2015-\u00a9cause-adrian-meredith.jpg 1000w, https:\/\/cause.ch\/lab\/wp-content\/uploads\/2015\/09\/bieres-bfm-biffl-2015-\u00a9cause-adrian-meredith-300x200.jpg 300w, https:\/\/cause.ch\/lab\/wp-content\/uploads\/2015\/09\/bieres-bfm-biffl-2015-\u00a9cause-adrian-meredith-640x426.jpg 640w\" sizes=\"auto, (max-width: 1000px) 100vw, 1000px\" \/><\/a>\n<\/div>\n<div class=\"arx_pad_2 center_text\">\n<a href=\"http:\/\/cause.ch\/lab\/wp-content\/uploads\/2015\/09\/amphitheatre-ballastiere-2-\u00a9cause-adrian-meredith.jpg\"><img loading=\"lazy\" decoding=\"async\" src=\"http:\/\/cause.ch\/lab\/wp-content\/uploads\/2015\/09\/amphitheatre-ballastiere-2-\u00a9cause-adrian-meredith.jpg\" alt=\"amphitheatre-ballastiere-2-\u00a9cause-adrian-meredith\" width=\"1000\" height=\"667\" class=\"alignnone size-full wp-image-1898\" srcset=\"https:\/\/cause.ch\/lab\/wp-content\/uploads\/2015\/09\/amphitheatre-ballastiere-2-\u00a9cause-adrian-meredith.jpg 1000w, https:\/\/cause.ch\/lab\/wp-content\/uploads\/2015\/09\/amphitheatre-ballastiere-2-\u00a9cause-adrian-meredith-300x200.jpg 300w, https:\/\/cause.ch\/lab\/wp-content\/uploads\/2015\/09\/amphitheatre-ballastiere-2-\u00a9cause-adrian-meredith-640x426.jpg 640w\" sizes=\"auto, (max-width: 1000px) 100vw, 1000px\" \/><\/a>\n<\/div>\n<div class=\"arx_pad_2 center_text\">\n<a href=\"http:\/\/www.fjoord.com\/biffl\/index.html\" target=\"blank\"><img loading=\"lazy\" decoding=\"async\" src=\"http:\/\/cause.ch\/lab\/wp-content\/uploads\/2015\/09\/biffl-2015-logo.jpg\" alt=\"biffl-2015-logo\" width=\"200\" height=\"160\" class=\"alignnone size-full wp-image-1912\" \/><\/a>\n<\/div>\n","protected":false},"excerpt":{"rendered":"<p>Un petit flash-back imag\u00e9 sur l&#8217;\u00e9v\u00e8nement cin\u00e9matographique de prestige qui s&#8217;est tenu au sein de l&#8217;amphith\u00e9\u00e2tre Marcel Perrin du complexe Cause \u00e0 Gland le 11 Septembre dernier: le Ballasti\u00e8re International Film Festival of Lessismore? y avait en effet \u00e9lu r\u00e9sidence pour une tr\u00e8s attendue seconde \u00e9dition, \u00e0 la plus grande joie d&#8217;une foule de cin\u00e9astes [&hellip;]<\/p>\n","protected":false},"author":4,"featured_media":0,"comment_status":"open","ping_status":"open","sticky":false,"template":"","format":"standard","meta":{"footnotes":""},"categories":[1],"tags":[203,194,160,7,191,217,163,60,202,10,29],"class_list":["post-1913","post","type-post","status-publish","format-standard","hentry","category-we-are-the-cause","tag-203","tag-ballastiere","tag-biffl","tag-cause","tag-cinema","tag-courts-metrages","tag-festival","tag-frederic-goncerut","tag-gland","tag-nikola-sanz","tag-wearethecause"],"_links":{"self":[{"href":"https:\/\/cause.ch\/lab\/wp-json\/wp\/v2\/posts\/1913","targetHints":{"allow":["GET"]}}],"collection":[{"href":"https:\/\/cause.ch\/lab\/wp-json\/wp\/v2\/posts"}],"about":[{"href":"https:\/\/cause.ch\/lab\/wp-json\/wp\/v2\/types\/post"}],"author":[{"embeddable":true,"href":"https:\/\/cause.ch\/lab\/wp-json\/wp\/v2\/users\/4"}],"replies":[{"embeddable":true,"href":"https:\/\/cause.ch\/lab\/wp-json\/wp\/v2\/comments?post=1913"}],"version-history":[{"count":30,"href":"https:\/\/cause.ch\/lab\/wp-json\/wp\/v2\/posts\/1913\/revisions"}],"predecessor-version":[{"id":2007,"href":"https:\/\/cause.ch\/lab\/wp-json\/wp\/v2\/posts\/1913\/revisions\/2007"}],"wp:attachment":[{"href":"https:\/\/cause.ch\/lab\/wp-json\/wp\/v2\/media?parent=1913"}],"wp:term":[{"taxonomy":"category","embeddable":true,"href":"https:\/\/cause.ch\/lab\/wp-json\/wp\/v2\/categories?post=1913"},{"taxonomy":"post_tag","embeddable":true,"href":"https:\/\/cause.ch\/lab\/wp-json\/wp\/v2\/tags?post=1913"}],"curies":[{"name":"wp","href":"https:\/\/api.w.org\/{rel}","templated":true}]}}