{"id":1984,"date":"2015-10-07T20:00:08","date_gmt":"2015-10-07T18:00:08","guid":{"rendered":"http:\/\/cause.ch\/lab\/?p=1984"},"modified":"2015-10-19T14:11:22","modified_gmt":"2015-10-19T12:11:22","slug":"time-of-my-life-free-launch","status":"publish","type":"post","link":"https:\/\/cause.ch\/lab\/we-are-the-cause\/time-of-my-life-free-launch\/","title":{"rendered":"Time of my Life Free Launch"},"content":{"rendered":"<div class=\"arx_pad_2 center_text\">\n<a href=\"http:\/\/cause.ch\/lab\/wp-content\/uploads\/2015\/10\/gcc02-backinthedays.jpg\"><img loading=\"lazy\" decoding=\"async\" src=\"http:\/\/cause.ch\/lab\/wp-content\/uploads\/2015\/10\/gcc02-backinthedays.jpg\" alt=\"gcc02-backinthedays\" width=\"1280\" height=\"707\" class=\"alignnone size-full wp-image-1999\" srcset=\"https:\/\/cause.ch\/lab\/wp-content\/uploads\/2015\/10\/gcc02-backinthedays.jpg 1280w, https:\/\/cause.ch\/lab\/wp-content\/uploads\/2015\/10\/gcc02-backinthedays-300x166.jpg 300w, https:\/\/cause.ch\/lab\/wp-content\/uploads\/2015\/10\/gcc02-backinthedays-1024x566.jpg 1024w\" sizes=\"auto, (max-width: 1280px) 100vw, 1280px\" \/><\/a>\n<\/div>\n<p class=\"arx_1 center_content arx_pad_2\">\nSouvenez vous! Cela se passait il y a trois ans d\u00e9j\u00e0, jour pour jour, le 7 octobre 2012, \u00e0 deux semaines de l&#8217;assembl\u00e9e constitutive qui devait officiellement marquer l&#8217;av\u00e8nement de Cause, les producteurs <b><i>Arnaud Cottet<\/b><\/i> et <b><i>Beno\u00eet Goncerut<\/b><\/i>, aux c\u00f4t\u00e9s du trio de r\u00e9alisateurs <b><i>Nikola Sanz<\/b><\/i>, <b><i>Adrian Meredith<\/b><\/i> et <b><i>Fr\u00e9d\u00e9ric Goncerut<\/b><\/i>, entour\u00e9s d&#8217;une radieuse pl\u00e9iade de riders et skaters tous authentiques repr\u00e9sentants de la l\u00e9gendaire association <b>GCC-02<\/b>, se tenaient pleins de fiert\u00e9 sur la sc\u00e8ne de la Salle Paderewski du Casino de Montbenon \u00e0 Lausanne pour la pr\u00e9sentation de leur oeuvre collaborative d\u00e9finitive, le documentaire <i><b><a href=\"http:\/\/www.toml.ch\" target=\"_blank\">Time of my Life<\/a><\/i><\/b>.\n<\/p>\n<div class=\"arx_pad_2 center_text\">\n<a href=\"http:\/\/cause.ch\/lab\/wp-content\/uploads\/2015\/10\/toml_crew_montbenon_\u00a9pierre-volet.jpg\"><img loading=\"lazy\" decoding=\"async\" src=\"http:\/\/cause.ch\/lab\/wp-content\/uploads\/2015\/10\/toml_crew_montbenon_\u00a9pierre-volet.jpg\" alt=\"toml_crew_montbenon_\u00a9pierre-volet\" width=\"640\" height=\"427\" class=\"alignnone size-full wp-image-1986\" srcset=\"https:\/\/cause.ch\/lab\/wp-content\/uploads\/2015\/10\/toml_crew_montbenon_\u00a9pierre-volet.jpg 640w, https:\/\/cause.ch\/lab\/wp-content\/uploads\/2015\/10\/toml_crew_montbenon_\u00a9pierre-volet-300x200.jpg 300w\" sizes=\"auto, (max-width: 640px) 100vw, 640px\" \/><\/a>\n<\/div>\n<p class=\"arx_1 center_content arx_pad_2\">\nSouvenez vous\u2026 Et peut-\u00eatre referez vous jaillir quelques traces de l&#8217;\u00e9motion saillante qui a saisi les c\u0153urs et fait fr\u00e9mir les esprits d&#8217;un collectif en communion avec son public, au sein d&#8217;un auditoire bond\u00e9 d&#8217;amour. Le staff du Montbenon n&#8217;avait jamais t\u00e9moign\u00e9 d&#8217;une telle affluence, et sous pression de la demande incontr\u00f4lable \u00e0 l&#8217;entr\u00e9e, mena\u00e7ait m\u00eame de l&#8217;annulation de la soir\u00e9e. Rappelez vous ce moment de folie qui a tant marqu\u00e9 nos vies, l&#8217;excitation \u00e9lectrique dans l&#8217;air, le bain de foule, la chaleur humaine, \u00e0 la r\u00e9ception de la premi\u00e8re de ce film incarnant si bien toutes les valeurs ch\u00e8res \u00e0 tous ses acteurs et cr\u00e9ateurs.\n<\/p>\n<div class=\"arx_pad_2 center_text\">\n<a href=\"http:\/\/cause.ch\/lab\/wp-content\/uploads\/2015\/10\/gcc-02-karl-logo.jpg\"><img loading=\"lazy\" decoding=\"async\" src=\"http:\/\/cause.ch\/lab\/wp-content\/uploads\/2015\/10\/gcc-02-karl-logo.jpg\" alt=\"gcc-02-karl-logo\" width=\"200\" height=\"300\" class=\"alignnone size-full wp-image-1985\" \/><\/a>\n<\/div>\n<p class=\"arx_1 center_content arx_pad_2\">\nNous, on s&#8217;en souviendra \u00e0 jamais de ce bonheur, de ce millier de visages \u00e9merveill\u00e9s dans le noir, des acclamations g\u00e9n\u00e9rales, des applaudissements, des poign\u00e9es de vigueur, des accolades rageuses, de la gratitude, des encouragements sinc\u00e8res, des apports de foi, des rires et des larmes partag\u00e9s au sein si chaleureux d&#8217;une immense famille unie sous le tout-puissant signe de l&#8217;amiti\u00e9.\n<\/p>\n<div class=\"arx_pad_2 center_text\">\n<a href=\"http:\/\/cause.ch\/lab\/wp-content\/uploads\/2015\/10\/timeofmylife-premiere-public-7octobre2012-merci.jpg\"><img loading=\"lazy\" decoding=\"async\" src=\"http:\/\/cause.ch\/lab\/wp-content\/uploads\/2015\/10\/timeofmylife-premiere-public-7octobre2012-merci.jpg\" alt=\"timeofmylife-premiere-public-7octobre2012-merci\" width=\"960\" height=\"639\" class=\"alignnone size-full wp-image-1997\" srcset=\"https:\/\/cause.ch\/lab\/wp-content\/uploads\/2015\/10\/timeofmylife-premiere-public-7octobre2012-merci.jpg 960w, https:\/\/cause.ch\/lab\/wp-content\/uploads\/2015\/10\/timeofmylife-premiere-public-7octobre2012-merci-300x200.jpg 300w, https:\/\/cause.ch\/lab\/wp-content\/uploads\/2015\/10\/timeofmylife-premiere-public-7octobre2012-merci-640x426.jpg 640w\" sizes=\"auto, (max-width: 960px) 100vw, 960px\" \/><\/a>\n<\/div>\n<p class=\"arx_1 center_content arx_pad_2\">\nPour marquer l&#8217;anniversaire des 3 ans de la sortie du film et de cet \u00e9v\u00e8nement inoubliable, l&#8217;\u00e9quipe de production de <i><a href=\"http:\/\/cause.ch\/lab\/portfolio\/toml\/\" target=\"_blank\">Time of my Life<\/a><\/i> a tout simplement choisi de vous offrir sa cr\u00e9ation une bonne fois pour toutes. Le documentaire est ainsi d\u00e9sormais librement disponible au visionnement en ligne et au <a href=\"https:\/\/vimeo.com\/141668224\" target=\"_blank\">t\u00e9l\u00e9chargement<\/a>. L&#8217;occasion de revivre ces moments forts, de refaire ces voyages, d&#8217;accompagner \u00e0 nouveau ces acharn\u00e9s de l&#8217;extr\u00eame \u00e0 la poursuite insens\u00e9e de leurs folles passions en pleine compr\u00e9hension et en absolue sympathie.\n<\/p>\n<div class=\"arx_pad_2 center_text\">\n<iframe loading=\"lazy\" src=\"https:\/\/player.vimeo.com\/video\/141668224?color=ffffff&#038;title=0&#038;byline=0&#038;portrait=0\" width=\"640\" height=\"360\" frameborder=\"0\" webkitallowfullscreen mozallowfullscreen allowfullscreen><\/iframe>\n<\/div>\n<p class=\"arx_pages_2 center_content center_text arx_pad_2\">\n<i>Merci \u00e0 eux, merci \u00e0 vous, merci \u00e0 Karl L. forever &#8211; One Love: GCC-02.<\/i>\n<\/p>\n<div class=\"arx_pad_2 center_text\">\n<a href=\"http:\/\/cause.ch\/lab\/wp-content\/uploads\/2015\/10\/gcc-logo-winter-sticker-diegal.jpg\"><img loading=\"lazy\" decoding=\"async\" src=\"http:\/\/cause.ch\/lab\/wp-content\/uploads\/2015\/10\/gcc-logo-winter-sticker-diegal.jpg\" alt=\"gcc-logo-winter-sticker-diegal\" width=\"300\" height=\"319\" class=\"alignnone size-full wp-image-1998\" \/><\/a>\n<\/div>\n","protected":false},"excerpt":{"rendered":"<p>Souvenez vous! Cela se passait il y a trois ans d\u00e9j\u00e0, jour pour jour, le 7 octobre 2012, \u00e0 deux semaines de l&#8217;assembl\u00e9e constitutive qui devait officiellement marquer l&#8217;av\u00e8nement de Cause, les producteurs Arnaud Cottet et Beno\u00eet Goncerut, aux c\u00f4t\u00e9s du trio de r\u00e9alisateurs Nikola Sanz, Adrian Meredith et Fr\u00e9d\u00e9ric Goncerut, entour\u00e9s d&#8217;une radieuse pl\u00e9iade [&hellip;]<\/p>\n","protected":false},"author":4,"featured_media":0,"comment_status":"open","ping_status":"open","sticky":false,"template":"","format":"standard","meta":{"footnotes":""},"categories":[1],"tags":[7,219,220,107,218,27,180,223,185,93,221,222,29],"class_list":["post-1984","post","type-post","status-publish","format-standard","hentry","category-we-are-the-cause","tag-cause","tag-cottent","tag-documentaire","tag-film","tag-gcc-02","tag-goncerut","tag-meredith","tag-ride","tag-sanz","tag-skate","tag-time-of-my-life","tag-toml","tag-wearethecause"],"_links":{"self":[{"href":"https:\/\/cause.ch\/lab\/wp-json\/wp\/v2\/posts\/1984","targetHints":{"allow":["GET"]}}],"collection":[{"href":"https:\/\/cause.ch\/lab\/wp-json\/wp\/v2\/posts"}],"about":[{"href":"https:\/\/cause.ch\/lab\/wp-json\/wp\/v2\/types\/post"}],"author":[{"embeddable":true,"href":"https:\/\/cause.ch\/lab\/wp-json\/wp\/v2\/users\/4"}],"replies":[{"embeddable":true,"href":"https:\/\/cause.ch\/lab\/wp-json\/wp\/v2\/comments?post=1984"}],"version-history":[{"count":16,"href":"https:\/\/cause.ch\/lab\/wp-json\/wp\/v2\/posts\/1984\/revisions"}],"predecessor-version":[{"id":2011,"href":"https:\/\/cause.ch\/lab\/wp-json\/wp\/v2\/posts\/1984\/revisions\/2011"}],"wp:attachment":[{"href":"https:\/\/cause.ch\/lab\/wp-json\/wp\/v2\/media?parent=1984"}],"wp:term":[{"taxonomy":"category","embeddable":true,"href":"https:\/\/cause.ch\/lab\/wp-json\/wp\/v2\/categories?post=1984"},{"taxonomy":"post_tag","embeddable":true,"href":"https:\/\/cause.ch\/lab\/wp-json\/wp\/v2\/tags?post=1984"}],"curies":[{"name":"wp","href":"https:\/\/api.w.org\/{rel}","templated":true}]}}