{"id":2012,"date":"2015-10-22T19:53:26","date_gmt":"2015-10-22T17:53:26","guid":{"rendered":"http:\/\/cause.ch\/lab\/?p=2012"},"modified":"2015-10-22T19:53:26","modified_gmt":"2015-10-22T17:53:26","slug":"prism-vernissage-overthepeak","status":"publish","type":"post","link":"https:\/\/cause.ch\/lab\/we-are-the-cause\/prism-vernissage-overthepeak\/","title":{"rendered":"PRISM: Vernissage #OverThePeak"},"content":{"rendered":"<div class=\"arx_pad_2 center_text\">\n<a href=\"http:\/\/www.lausanne-contemporain.ch\/evenements\/prism-espace-demart-lausanne\/\"><img loading=\"lazy\" decoding=\"async\" src=\"http:\/\/cause.ch\/lab\/wp-content\/uploads\/2015\/10\/Affiche-event.jpg\" alt=\"Affiche event\" width=\"862\" height=\"1139\" class=\"alignnone size-full wp-image-2013\" srcset=\"https:\/\/cause.ch\/lab\/wp-content\/uploads\/2015\/10\/Affiche-event.jpg 862w, https:\/\/cause.ch\/lab\/wp-content\/uploads\/2015\/10\/Affiche-event-227x300.jpg 227w, https:\/\/cause.ch\/lab\/wp-content\/uploads\/2015\/10\/Affiche-event-775x1024.jpg 775w\" sizes=\"auto, (max-width: 862px) 100vw, 862px\" \/><\/a>\n<\/div>\n<p class=\"arx_1 center_content arx_pad_1\">\nEn qu\u00eate d&#8217;inspiration sur comment occuper votre d\u00e9but de soir\u00e9e demain ou votre samedi apr\u00e8s-midi? Allez donc voir du c\u00f4t\u00e9 du Flon si on y est: les lausannois de la marque de v\u00eatements <a href=\"http:\/\/www.the-prism.ch\/\" target=\"_blank\">PRISM<\/a> occupent l&#8217;espace D\u00e9mArt pour pr\u00e9senter la fra\u00eecheur de sa toute nouvelle collection: <a href=\"https:\/\/www.facebook.com\/events\/431854767014420\/\" target=\"_blank\">#OverThePeak<\/a>:\n<\/p>\n<p class=\"arx_1 center_content arx_pad_1\">\n<i>&#8220;\u2026fruit d\u2019une r\u00e9flexion sur la Suisse et et ses sommets. Pi\u00e8ces fabriqu\u00e9es \u00e0 base de tissus techniques, de lainages de qualit\u00e9s ont \u00e9t\u00e9 revisit\u00e9 pour offrir une collection riche et surprenante.&#8221;<\/i>\n<\/p>\n<p class=\"arx_1 center_content arx_pad_1\">\nAu programme: ap\u00e9ro, street food items par <a href=\"http:\/\/www.lausanneatable.ch\/restaurant-day\/la-cantine-du-56\/\" target=\"_blank\">La cantine du 56<\/a>, ambiance sonore par <a href=\"https:\/\/soundcloud.com\/adolpho-2\" target=\"_blank\">Adolpho et Franky<\/a>. Ca promet d\u00e9finitivement du bon chill, faut pas rater \u00e7a!\n<\/p>\n<p class=\"arx_1 center_content arx_pad_1 center_text\">\n<b>Espace D\u00e9mArt<\/b><br \/>\nC\u00f4tes de Montbenon 17<br \/>\nLausanne<br \/>\nT. 079 243 29 27 \/\/\/ 079 563 47 73<br \/>\nHoraires : ve 23.10 17h00 \u2013 22h00 et sa 24.10 11h00 \u2013 17h00\n<\/p>\n<div class=\"arx_pad_2 center_text\">\n<a href=\"http:\/\/www.the-prism.ch\/\"><img loading=\"lazy\" decoding=\"async\" src=\"http:\/\/cause.ch\/lab\/wp-content\/uploads\/2015\/10\/logo.png\" alt=\"logo\" width=\"145\" height=\"127\" class=\"alignnone size-full wp-image-2014\" \/><\/a>\n<\/div>\n","protected":false},"excerpt":{"rendered":"<p>En qu\u00eate d&#8217;inspiration sur comment occuper votre d\u00e9but de soir\u00e9e demain ou votre samedi apr\u00e8s-midi? Allez donc voir du c\u00f4t\u00e9 du Flon si on y est: les lausannois de la marque de v\u00eatements PRISM occupent l&#8217;espace D\u00e9mArt pour pr\u00e9senter la fra\u00eecheur de sa toute nouvelle collection: #OverThePeak: &#8220;\u2026fruit d\u2019une r\u00e9flexion sur la Suisse et et [&hellip;]<\/p>\n","protected":false},"author":4,"featured_media":0,"comment_status":"open","ping_status":"open","sticky":false,"template":"","format":"standard","meta":{"footnotes":""},"categories":[1],"tags":[225,7,226,227,168,224,29],"class_list":["post-2012","post","type-post","status-publish","format-standard","hentry","category-we-are-the-cause","tag-overthepeak","tag-cause","tag-demart","tag-flon","tag-lausanne","tag-prism","tag-wearethecause"],"_links":{"self":[{"href":"https:\/\/cause.ch\/lab\/wp-json\/wp\/v2\/posts\/2012","targetHints":{"allow":["GET"]}}],"collection":[{"href":"https:\/\/cause.ch\/lab\/wp-json\/wp\/v2\/posts"}],"about":[{"href":"https:\/\/cause.ch\/lab\/wp-json\/wp\/v2\/types\/post"}],"author":[{"embeddable":true,"href":"https:\/\/cause.ch\/lab\/wp-json\/wp\/v2\/users\/4"}],"replies":[{"embeddable":true,"href":"https:\/\/cause.ch\/lab\/wp-json\/wp\/v2\/comments?post=2012"}],"version-history":[{"count":4,"href":"https:\/\/cause.ch\/lab\/wp-json\/wp\/v2\/posts\/2012\/revisions"}],"predecessor-version":[{"id":2018,"href":"https:\/\/cause.ch\/lab\/wp-json\/wp\/v2\/posts\/2012\/revisions\/2018"}],"wp:attachment":[{"href":"https:\/\/cause.ch\/lab\/wp-json\/wp\/v2\/media?parent=2012"}],"wp:term":[{"taxonomy":"category","embeddable":true,"href":"https:\/\/cause.ch\/lab\/wp-json\/wp\/v2\/categories?post=2012"},{"taxonomy":"post_tag","embeddable":true,"href":"https:\/\/cause.ch\/lab\/wp-json\/wp\/v2\/tags?post=2012"}],"curies":[{"name":"wp","href":"https:\/\/api.w.org\/{rel}","templated":true}]}}