{"id":2085,"date":"2015-11-16T17:18:43","date_gmt":"2015-11-16T16:18:43","guid":{"rendered":"http:\/\/cause.ch\/lab\/?p=2085"},"modified":"2015-11-16T17:23:03","modified_gmt":"2015-11-16T16:23:03","slug":"freeride-film-festival-2015-azizam-en-tournee","status":"publish","type":"post","link":"https:\/\/cause.ch\/lab\/we-are-the-cause\/freeride-film-festival-2015-azizam-en-tournee\/","title":{"rendered":"Freeride Film Festival 2015: Azizam en Tourn\u00e9e"},"content":{"rendered":"<div class=\"arx_pad_2 center_text\">\n<a href=\"http:\/\/cause.ch\/lab\/wp-content\/uploads\/2015\/11\/salam-azizam-freeride-film-festival-varsovia-\u00a9julesguarneri2015.jpg\"><img loading=\"lazy\" decoding=\"async\" src=\"http:\/\/cause.ch\/lab\/wp-content\/uploads\/2015\/11\/salam-azizam-freeride-film-festival-varsovia-\u00a9julesguarneri2015.jpg\" alt=\"salam-azizam-freeride-film-festival-varsovia-\u00a9julesguarneri2015\" width=\"1000\" height=\"567\" class=\"alignnone size-full wp-image-2093\" srcset=\"https:\/\/cause.ch\/lab\/wp-content\/uploads\/2015\/11\/salam-azizam-freeride-film-festival-varsovia-\u00a9julesguarneri2015.jpg 1000w, https:\/\/cause.ch\/lab\/wp-content\/uploads\/2015\/11\/salam-azizam-freeride-film-festival-varsovia-\u00a9julesguarneri2015-300x170.jpg 300w\" sizes=\"auto, (max-width: 1000px) 100vw, 1000px\" \/><\/a>\n<\/div>\n<p class=\"arx_1 center_content arx_pad_0\">\n<i>La tourn\u00e9e suisse de <a href=\"http:\/\/cause.ch\/lab\/wp-content\/uploads\/2015\/11\/salam-azizam-on-tour-poster-\u00a9ruediflueck2015.png\"><b>Salam Azizam<\/b><\/a> n&#8217;a pas encore d\u00e9but\u00e9 que la tourn\u00e9e europ\u00e9enne est d\u00e9j\u00e0 presque termin\u00e9e.\n<\/p>\n<p class=\"arx_1 center_content arx_pad_2\">\nAvant les projections qui se tiendront ces prochains jours en Suisse, voici un petit rapport sur une semaine europ\u00e9enne riche en \u00e9motions, projections, kilom\u00e8tres, sp\u00e9cialit\u00e9s locales et rencontres!<\/i>\n<\/p>\n<div class=\"arx_pad_2 center_text\">\n<a href=\"http:\/\/cause.ch\/lab\/wp-content\/uploads\/2015\/11\/salam-azizam-screenshot-\u00a9julesguraneri2015.jpg\"><img loading=\"lazy\" decoding=\"async\" src=\"http:\/\/cause.ch\/lab\/wp-content\/uploads\/2015\/11\/salam-azizam-screenshot-\u00a9julesguraneri2015.jpg\" alt=\"salam-azizam-screenshot-\u00a9julesguraneri2015\" width=\"1000\" height=\"567\" class=\"alignnone size-full wp-image-2103\" srcset=\"https:\/\/cause.ch\/lab\/wp-content\/uploads\/2015\/11\/salam-azizam-screenshot-\u00a9julesguraneri2015.jpg 1000w, https:\/\/cause.ch\/lab\/wp-content\/uploads\/2015\/11\/salam-azizam-screenshot-\u00a9julesguraneri2015-300x170.jpg 300w\" sizes=\"auto, (max-width: 1000px) 100vw, 1000px\" \/><\/a>\n<\/div>\n<p class=\"arx_1 center_content arx_pad_0\">\nSamedi 7 novembre, Arnaud, Jules et Sina se rendent \u00e0 Innsbruck pour l&#8217;avant-premi\u00e8re mondiale de Salam Azizam dans le cadre du <a href=\"http:\/\/www.freeride-filmfestival.com\/filme\/\" target=\"_blank\">Freeride Film Festival 2015<\/a>. 1400 personnes, sold out (comme finalement chaque soir\u00e9e!) la tourn\u00e9e commence bien, les retours sur le film sont positifs et le bus qui emm\u00e8ne la troupe de ville en ville donne l&#8217;impression d&#8217;\u00eatre en tourn\u00e9e avec Jay-Z, les gardes du corps en moins.\n<\/p>\n<p class=\"arx_1 center_content arx_pad_2\">\nA bord de notre lounge roulant, la tourn\u00e9e se poursuit \u00e0 Munich et son BMW Welt. Puis direction la Pologne, o\u00f9 Rolf et Ruedi Fl\u00fcck rejoignent l&#8217;\u00e9quipe. Cracovie et le lendemain Varsovie, l&#8217;accueil est \u00e0 chaque fois incroyable, la Pologne est un monde \u00e0 part.\n<\/p>\n<div class=\"arx_pad_2 center_text\">\n<a href=\"http:\/\/cause.ch\/lab\/wp-content\/uploads\/2015\/11\/freeride-film-festival-tour-bus-\u00a9werideiniran2015.jpg\"><img loading=\"lazy\" decoding=\"async\" src=\"http:\/\/cause.ch\/lab\/wp-content\/uploads\/2015\/11\/freeride-film-festival-tour-bus-\u00a9werideiniran2015.jpg\" alt=\"freeride-film-festival-tour-bus-\u00a9werideiniran2015\" width=\"1000\" height=\"567\" class=\"alignnone size-full wp-image-2097\" srcset=\"https:\/\/cause.ch\/lab\/wp-content\/uploads\/2015\/11\/freeride-film-festival-tour-bus-\u00a9werideiniran2015.jpg 1000w, https:\/\/cause.ch\/lab\/wp-content\/uploads\/2015\/11\/freeride-film-festival-tour-bus-\u00a9werideiniran2015-300x170.jpg 300w\" sizes=\"auto, (max-width: 1000px) 100vw, 1000px\" \/><\/a>\n<\/div>\n<p class=\"arx_1 center_content arx_pad_0\">\nRuedi est lui aussi un homme \u00e0 part, raison pour laquelle il tient absolument \u00e0 effectuer un p\u00e9rilleux avant en entrant sur sc\u00e8ne lors de la projection \u00e0 Varsovie. Malgr\u00e9 les craintes formul\u00e9es par Arnaud, Ruedi tient bon, lance son frontflip et s&#8217;\u00e9crase sur sc\u00e8ne devant 700 polonais admiratifs face \u00e0 une telle performance et &#8211; surtout &#8211; t\u00e9m\u00e9rit\u00e9.\n<\/p>\n<p class=\"arx_1 center_content arx_pad_0\">\nPendant que Sina r\u00e9pond aux questions du pr\u00e9sentateur, Ruedi le cascadeur p\u00e2lit, &#8220;<i>Arnaud, j&#8217;ai mal \u00e0 l&#8217;\u00e9paule, il faut que je descende<\/i>&#8220;.\n<\/p>\n<p class=\"arx_1 center_content arx_pad_2\">\nClavicule cass\u00e9e et fin de soir\u00e9e \u00e0 l&#8217;h\u00f4pital, les risques du m\u00e9tier.\n<\/p>\n<div class=\"arx_pad_2 center_text\">\n<a href=\"http:\/\/cause.ch\/lab\/wp-content\/uploads\/2015\/11\/ruedi-flueck-salam-azizam-on-tour-\u00a9julesguarneri2015.jpg\"><img loading=\"lazy\" decoding=\"async\" src=\"http:\/\/cause.ch\/lab\/wp-content\/uploads\/2015\/11\/ruedi-flueck-salam-azizam-on-tour-\u00a9julesguarneri2015.jpg\" alt=\"ruedi-flueck-salam-azizam-on-tour-\u00a9julesguarneri2015\" width=\"567\" height=\"1000\" class=\"alignnone size-full wp-image-2099\" srcset=\"https:\/\/cause.ch\/lab\/wp-content\/uploads\/2015\/11\/ruedi-flueck-salam-azizam-on-tour-\u00a9julesguarneri2015.jpg 567w, https:\/\/cause.ch\/lab\/wp-content\/uploads\/2015\/11\/ruedi-flueck-salam-azizam-on-tour-\u00a9julesguarneri2015-170x300.jpg 170w\" sizes=\"auto, (max-width: 567px) 100vw, 567px\" \/><\/a>\n<\/div>\n<p class=\"arx_1 center_content arx_pad_2\">\nJules et Ruedi repartiront le lendemain matin, Ruedi se fera op\u00e9rer au CHUV en soir\u00e9e et Jules s&#8217;occupera de ses affaires, apr\u00e8s un vol annul\u00e9 bien entendu.\n<\/p>\n<div class=\"arx_pad_2 center_text\">\n<a href=\"http:\/\/cause.ch\/lab\/wp-content\/uploads\/2015\/11\/jules-guarneri-kuafor-\u00a9werideiniran2015.jpg\"><img loading=\"lazy\" decoding=\"async\" src=\"http:\/\/cause.ch\/lab\/wp-content\/uploads\/2015\/11\/jules-guarneri-kuafor-\u00a9werideiniran2015.jpg\" alt=\"jules-guarneri-kuafor-\u00a9werideiniran2015\" width=\"1000\" height=\"567\" class=\"alignnone size-full wp-image-2098\" srcset=\"https:\/\/cause.ch\/lab\/wp-content\/uploads\/2015\/11\/jules-guarneri-kuafor-\u00a9werideiniran2015.jpg 1000w, https:\/\/cause.ch\/lab\/wp-content\/uploads\/2015\/11\/jules-guarneri-kuafor-\u00a9werideiniran2015-300x170.jpg 300w\" sizes=\"auto, (max-width: 1000px) 100vw, 1000px\" \/><\/a>\n<\/div>\n<div class=\"arx_pad_2 center_text\">\n<a href=\"http:\/\/cause.ch\/lab\/wp-content\/uploads\/2015\/11\/arnaud-sina-salam-azizam-\u00a9werirdeiniran2015.jpg\"><img loading=\"lazy\" decoding=\"async\" src=\"http:\/\/cause.ch\/lab\/wp-content\/uploads\/2015\/11\/arnaud-sina-salam-azizam-\u00a9werirdeiniran2015.jpg\" alt=\"arnaud-sina-salam-azizam-\u00a9werirdeiniran2015\" width=\"1000\" height=\"567\" class=\"alignnone size-full wp-image-2096\" srcset=\"https:\/\/cause.ch\/lab\/wp-content\/uploads\/2015\/11\/arnaud-sina-salam-azizam-\u00a9werirdeiniran2015.jpg 1000w, https:\/\/cause.ch\/lab\/wp-content\/uploads\/2015\/11\/arnaud-sina-salam-azizam-\u00a9werirdeiniran2015-300x170.jpg 300w\" sizes=\"auto, (max-width: 1000px) 100vw, 1000px\" \/><\/a>\n<\/div>\n<p class=\"arx_1 center_content arx_pad_0\">\nSina et Arnaud sont alors rejoints par Greg et Ben \u00e0 Berlin. Greg devait les rejoindre le jour d&#8217;avant \u00e0 Varsovie, mais un contre-temps l&#8217;en a emp\u00each\u00e9:\n<\/p>\n<p class=\"arx_1 center_content arx_pad_1\">\nA l&#8217;a\u00e9roport de Bruxelles, en stop-over entre Gen\u00e8ve et Varsovie, Greg avait 2 heures \u00e0 attendre, il a eu la bonne id\u00e9e de s&#8217;essayer \u00e0 la Playstation 4 \u00e0 disposition pour faire passer le temps. Mal lui en a pris, le nouveau Counter Strike \u00e9tait bien trop distrayant, et l&#8217;avion a d\u00e9coll\u00e9 avant la fin de la partie. 2 billets d&#8217;avion plus tard (nous vous \u00e9pargnons les d\u00e9tails de cette nouvelle m\u00e9saventure) Greg est bien de la partie.\n<\/p>\n<p class=\"arx_1 center_content arx_pad_0\">\nL&#8217;apr\u00e8s-midi \u00e0 montrer la capitale allemande \u00e0 Sina, qui sort pour la premi\u00e8re fois de sa vie d&#8217;Iran, \u00e0 35 ans. L&#8217;ancien mur, le Bundestag, Alexanderplatz, la totale. Et pour une premi\u00e8re fois en Europe, il a une rentabilit\u00e9 pratiquement sup\u00e9rieure \u00e0 celle d&#8217;un touriste japonais: 8 villes en 7 jours, des centaines d&#8217;autographes et des sp\u00e9cialit\u00e9s culinaires propres \u00e0 chaque pays, le Kebab.\n<\/p>\n<p class=\"arx_1 center_content arx_pad_2\">\nLa projection se d\u00e9roule \u00e0 nouveau \u00e0 merveille, l&#8217;apr\u00e8s-projection \u00e9galement, Berlin oblige.\n<\/p>\n<div class=\"arx_pad_2 center_text\">\n<a href=\"http:\/\/cause.ch\/lab\/wp-content\/uploads\/2015\/11\/salam-azizam-berlin-\u00a9freeridefilmfestival2015.jpg\"><img loading=\"lazy\" decoding=\"async\" src=\"http:\/\/cause.ch\/lab\/wp-content\/uploads\/2015\/11\/salam-azizam-berlin-\u00a9freeridefilmfestival2015.jpg\" alt=\"salam-azizam-berlin-\u00a9freeridefilmfestival2015\" width=\"1000\" height=\"671\" class=\"alignnone size-full wp-image-2100\" srcset=\"https:\/\/cause.ch\/lab\/wp-content\/uploads\/2015\/11\/salam-azizam-berlin-\u00a9freeridefilmfestival2015.jpg 1000w, https:\/\/cause.ch\/lab\/wp-content\/uploads\/2015\/11\/salam-azizam-berlin-\u00a9freeridefilmfestival2015-300x201.jpg 300w\" sizes=\"auto, (max-width: 1000px) 100vw, 1000px\" \/><\/a>\n<\/div>\n<p class=\"arx_1 center_content arx_pad_1\">\nJeudi 12 novembre, derni\u00e8re \u00e9tape, Vienne. La fatigue se fait gentiment ressentir et l&#8217;\u00e9quipe est ravie que la tourn\u00e9e ne dure pas une semaine suppl\u00e9mentaire. C\u2019est la derni\u00e8re soir\u00e9e pour Greg, Sina et Arnaud ainsi que tous les autre membres de la tourn\u00e9e. Une soir\u00e9e qui s\u2019effectue sous le signe de la nostalgie et de nouvelles amiti\u00e9s.\n<\/p>\n<p class=\"arx_1 center_content arx_pad_2\">\nUn grand merci \u00e0 Harry, Manfred et Volker, les trois organisateurs du Freeride Film Festival.\n<\/p>\n<div class=\"arx_pad_2 center_text\">\n<a href=\"http:\/\/cause.ch\/lab\/wp-content\/uploads\/2015\/11\/salam-azizam-sefie-krakow-\u00a9freeridefilmfestival2015.jpg\"><img loading=\"lazy\" decoding=\"async\" src=\"http:\/\/cause.ch\/lab\/wp-content\/uploads\/2015\/11\/salam-azizam-sefie-krakow-\u00a9freeridefilmfestival2015.jpg\" alt=\"salam-azizam-sefie-krakow-\u00a9freeridefilmfestival2015\" width=\"1140\" height=\"765\" class=\"alignnone size-full wp-image-2104\" srcset=\"https:\/\/cause.ch\/lab\/wp-content\/uploads\/2015\/11\/salam-azizam-sefie-krakow-\u00a9freeridefilmfestival2015.jpg 1140w, https:\/\/cause.ch\/lab\/wp-content\/uploads\/2015\/11\/salam-azizam-sefie-krakow-\u00a9freeridefilmfestival2015-300x201.jpg 300w, https:\/\/cause.ch\/lab\/wp-content\/uploads\/2015\/11\/salam-azizam-sefie-krakow-\u00a9freeridefilmfestival2015-1024x687.jpg 1024w\" sizes=\"auto, (max-width: 1140px) 100vw, 1140px\" \/><\/a>\n<\/div>\n<p class=\"arx_1 center_content arx_pad_1\">\nA l\u2019ann\u00e9e prochaine &#8211; alors que nous, en attendant, on vous donne donc rendez-vous pas plus tard que cette semaine:\n<\/p>\n<p class=\"arx_1 center_text arx_pad_2\">\n<b>Mercredi 18 novembre au Caf\u00e9 <a href=\"http:\/\/www.voisins.ch\/\" target=\"_blank\">Voisins<\/a> \u00e0 Gen\u00e8ve.<br \/>\nVendredi 20 novembre \u00e0 Champ\u00e9ry ou \u00e0 Schwyz (double date)<br \/>\nSamedi 5 d\u00e9cembre \u00e0 Bourg St Maurice en France<br \/>\nVendredi 12 d\u00e9cembre \u00e0 Zermatt au <a href=\"http:\/\/www.salewa.ch\/fr\/\" target=\"_blank\">Salewa<\/a> Mountain Shop<\/b>\n<\/p>\n<div class=\"arx_pad_2 center_text\">\n<a href=\"http:\/\/cause.ch\/lab\/wp-content\/uploads\/2015\/11\/salam-azizam-on-tour-poster-\u00a9ruediflueck2015.png\"><img loading=\"lazy\" decoding=\"async\" src=\"http:\/\/cause.ch\/lab\/wp-content\/uploads\/2015\/11\/salam-azizam-on-tour-poster-\u00a9ruediflueck2015.png\" alt=\"salam-azizam-on-tour-poster-\u00a9ruediflueck2015\" width=\"706\" height=\"1000\" class=\"alignnone size-full wp-image-2102\" srcset=\"https:\/\/cause.ch\/lab\/wp-content\/uploads\/2015\/11\/salam-azizam-on-tour-poster-\u00a9ruediflueck2015.png 706w, https:\/\/cause.ch\/lab\/wp-content\/uploads\/2015\/11\/salam-azizam-on-tour-poster-\u00a9ruediflueck2015-212x300.png 212w\" sizes=\"auto, (max-width: 706px) 100vw, 706px\" \/><\/a>\n<\/div>\n<div class=\"arx_pad_1 center_content\">\n<div class=\"center_text arx_pad_1\" style=\"float:left\">\n<a href=\"http:\/\/www.werideiniran.com\/we\/\" target=\"_blank\"><img loading=\"lazy\" decoding=\"async\" src=\"http:\/\/cause.ch\/lab\/wp-content\/uploads\/2015\/11\/werideiniran-logo-\u00a9werideiniran.png\" alt=\"werideiniran-logo-\u00a9werideiniran\" width=\"200\" height=\"150\" class=\"alignnone size-full wp-image-2090\" \/><\/a>\n<\/div>\n<div class=\"center_text arx_pad_1\" style=\"float:right\">\n<a href=\"http:\/\/www.freeride-filmfestival.com\/\" target=\"_blank\"><img loading=\"lazy\" decoding=\"async\" src=\"http:\/\/cause.ch\/lab\/wp-content\/uploads\/2015\/11\/freeride-film-festival-logo-\u00a9freeridefilmfestival2015.png\" alt=\"freeride-film-festival-logo-\u00a9freeridefilmfestival2015\" width=\"200\" height=\"150\" class=\"alignnone size-full wp-image-2091\" \/><\/a>\n<\/div>\n<\/div>\n<div class=\"arx_pad_2 center_text\" style=\"clear:both\">\n<a href=\"http:\/\/cause.ch\/lab\/\"><img loading=\"lazy\" decoding=\"async\" src=\"http:\/\/cause.ch\/lab\/wp-content\/uploads\/2014\/01\/MINI-ICONE-CAUSE-POUR-WEB.jpg\" alt=\"MINI-ICONE-CAUSE-POUR-WEB\" width=\"150\" height=\"250\" class=\"alignnone size-full wp-image-428\" \/><\/a>\n<\/div>\n","protected":false},"excerpt":{"rendered":"<p>La tourn\u00e9e suisse de Salam Azizam n&#8217;a pas encore d\u00e9but\u00e9 que la tourn\u00e9e europ\u00e9enne est d\u00e9j\u00e0 presque termin\u00e9e. Avant les projections qui se tiendront ces prochains jours en Suisse, voici un petit rapport sur une semaine europ\u00e9enne riche en \u00e9motions, projections, kilom\u00e8tres, sp\u00e9cialit\u00e9s locales et rencontres! Samedi 7 novembre, Arnaud, Jules et Sina se rendent [&hellip;]<\/p>\n","protected":false},"author":4,"featured_media":0,"comment_status":"open","ping_status":"open","sticky":false,"template":"","format":"standard","meta":{"footnotes":""},"categories":[1],"tags":[203,33,7,233,107,197,32,195,196,232,231,31],"class_list":["post-2085","post","type-post","status-publish","format-standard","hentry","category-we-are-the-cause","tag-203","tag-arnaud-cottet","tag-cause","tag-doc","tag-film","tag-freeride-film-festival","tag-iran","tag-jules-guarneri","tag-salam-azizam","tag-sina","tag-wearethecasue","tag-werideiniran"],"_links":{"self":[{"href":"https:\/\/cause.ch\/lab\/wp-json\/wp\/v2\/posts\/2085","targetHints":{"allow":["GET"]}}],"collection":[{"href":"https:\/\/cause.ch\/lab\/wp-json\/wp\/v2\/posts"}],"about":[{"href":"https:\/\/cause.ch\/lab\/wp-json\/wp\/v2\/types\/post"}],"author":[{"embeddable":true,"href":"https:\/\/cause.ch\/lab\/wp-json\/wp\/v2\/users\/4"}],"replies":[{"embeddable":true,"href":"https:\/\/cause.ch\/lab\/wp-json\/wp\/v2\/comments?post=2085"}],"version-history":[{"count":19,"href":"https:\/\/cause.ch\/lab\/wp-json\/wp\/v2\/posts\/2085\/revisions"}],"predecessor-version":[{"id":2116,"href":"https:\/\/cause.ch\/lab\/wp-json\/wp\/v2\/posts\/2085\/revisions\/2116"}],"wp:attachment":[{"href":"https:\/\/cause.ch\/lab\/wp-json\/wp\/v2\/media?parent=2085"}],"wp:term":[{"taxonomy":"category","embeddable":true,"href":"https:\/\/cause.ch\/lab\/wp-json\/wp\/v2\/categories?post=2085"},{"taxonomy":"post_tag","embeddable":true,"href":"https:\/\/cause.ch\/lab\/wp-json\/wp\/v2\/tags?post=2085"}],"curies":[{"name":"wp","href":"https:\/\/api.w.org\/{rel}","templated":true}]}}