{"id":2117,"date":"2015-11-17T10:59:05","date_gmt":"2015-11-17T09:59:05","guid":{"rendered":"http:\/\/cause.ch\/lab\/?p=2117"},"modified":"2015-11-17T15:31:50","modified_gmt":"2015-11-17T14:31:50","slug":"map15","status":"publish","type":"post","link":"https:\/\/cause.ch\/lab\/we-are-the-cause\/map15\/","title":{"rendered":"MAP15"},"content":{"rendered":"<div class=\"arx_pad_2 center_text\">\n<iframe loading=\"lazy\" src=\"https:\/\/player.vimeo.com\/video\/145636215?color=cfb13c&#038;title=0&#038;byline=0&#038;portrait=0\" width=\"640\" height=\"272\" frameborder=\"0\" webkitallowfullscreen mozallowfullscreen allowfullscreen><\/iframe>\n<\/div>\n<p class=\"arx_0 center_content arx_pad_2\">\nUne vid\u00e9o par <b>Adrian Meredith<\/b><br \/>\nPour l&#8217;association <b><a href=\"http:\/\/asar.epfl.ch\/\" target=\"_blank\">ASAR<\/a><\/b><br \/>\nde la Section Architecure de l&#8217;<b><a href=\"www.epfl.ch\" target=\"_blank\">EPFL<\/a><\/b>\n<\/p>\n<div class=\"arx_pad_2 center_content\">\n<div class=\"center_text arx_pad_0\" style=\"float:left\">\n<a href=\"http:\/\/asar.epfl.ch\/\" target=\"_blank\"><img loading=\"lazy\" decoding=\"async\" src=\"http:\/\/cause.ch\/lab\/wp-content\/uploads\/2015\/11\/logo-asar-\u00a9epfl.jpg\" alt=\"logo-asar-\u00a9epfl\" width=\"150\" height=\"97\" class=\"alignnone size-full wp-image-2126\" \/><\/a>\n<\/div>\n<div class=\"center_text arx_pad_0\" style=\"float:right\">\n<a href=\"www.epfl.ch\"><img loading=\"lazy\" decoding=\"async\" src=\"http:\/\/cause.ch\/lab\/wp-content\/uploads\/2015\/11\/logo-\u00a9epfl.png\" alt=\"logo-\u00a9epfl\" width=\"150\" height=\"97\" class=\"alignnone size-full wp-image-2037\" \/><\/a>\n<\/div>\n<div class=\"center_text arx_pad_0\" style=\"float:center\">\n<a href=\"http:\/\/asar.epfl.ch\/page-126488-fr.html\" target=\"_blank\"><img loading=\"lazy\" decoding=\"async\" src=\"http:\/\/cause.ch\/lab\/wp-content\/uploads\/2015\/11\/logo-map15-\u00a9epfl.jpg\" alt=\"logo-map15-\u00a9epfl\" width=\"71\" height=\"97\" class=\"alignnone size-full wp-image-2127\" \/><\/a>\n<\/div>\n<\/div>\n<p class=\"arx_1 arx_pad_1 center_content\">\n<b><u>EXPOSITION STUDIOLO<\/b><\/u>\n<\/p>\n<p class=\"arx_1 arx_pad_1 center_content\">\n<i>&#8220;Les jeunes architectes dipl\u00f4m\u00e9s de l&#8217;Epfl exposent leurs Projets de Master dans une sc\u00e9nographie ouverte sur l&#8217;espace public. L\u2019ensemble de leurs travaux constitue une collection h\u00e9t\u00e9roclite qui r\u00e9v\u00e8le \u00e0 la mani\u00e8re d\u2019un studiol\u00f2 la sensibilit\u00e9 et les pr\u00e9occupations des futurs professionnels.&#8221;<\/i>\n<\/p>\n<p class=\"arx_1 arx_pad_0 center_content\">\n<b>MAP15:<\/b>\n<\/p>\n<p class=\"arx_1 arx_pad_1 center_content\">\n<i>&#8220;Chaque ann\u00e9e, les projets des \u00e9tudiants dipl\u00f4m\u00e9s sont publi\u00e9s dans un livre intitul\u00e9 MAP. Il s&#8217;agit d&#8217;un recueil sous forme de catalogue d\u00e9taill\u00e9 et ponctu\u00e9 de textes ou articles. Le MAP15 a eu la chance de pouvoir exposer ses travaux \u00e0 l&#8217;espace d&#8217;exposition aux Arches du Grand Pont du 2 au 15 octobre 2015.&#8221;<\/i>\n<\/p>\n<p class=\"arx_1 arx_pad_2 center_content\">\nPour plus d&#8217;infos sur le MAP15: suivez <a href=\"http:\/\/asar.epfl.ch\/page-126488-fr.html\" target=\"_blank\">ce lien!<\/a><\/p>\n","protected":false},"excerpt":{"rendered":"<p>Une vid\u00e9o par Adrian Meredith Pour l&#8217;association ASAR de la Section Architecure de l&#8217;EPFL EXPOSITION STUDIOLO &#8220;Les jeunes architectes dipl\u00f4m\u00e9s de l&#8217;Epfl exposent leurs Projets de Master dans une sc\u00e9nographie ouverte sur l&#8217;espace public. L\u2019ensemble de leurs travaux constitue une collection h\u00e9t\u00e9roclite qui r\u00e9v\u00e8le \u00e0 la mani\u00e8re d\u2019un studiol\u00f2 la sensibilit\u00e9 et les pr\u00e9occupations des [&hellip;]<\/p>\n","protected":false},"author":4,"featured_media":0,"comment_status":"open","ping_status":"open","sticky":false,"template":"","format":"standard","meta":{"footnotes":""},"categories":[1],"tags":[53,64,169,7,5,56,234,66,29],"class_list":["post-2117","post","type-post","status-publish","format-standard","hentry","category-we-are-the-cause","tag-adrian-meredith","tag-architecture","tag-asar","tag-cause","tag-epfl","tag-mandat","tag-map15","tag-master","tag-wearethecause"],"_links":{"self":[{"href":"https:\/\/cause.ch\/lab\/wp-json\/wp\/v2\/posts\/2117","targetHints":{"allow":["GET"]}}],"collection":[{"href":"https:\/\/cause.ch\/lab\/wp-json\/wp\/v2\/posts"}],"about":[{"href":"https:\/\/cause.ch\/lab\/wp-json\/wp\/v2\/types\/post"}],"author":[{"embeddable":true,"href":"https:\/\/cause.ch\/lab\/wp-json\/wp\/v2\/users\/4"}],"replies":[{"embeddable":true,"href":"https:\/\/cause.ch\/lab\/wp-json\/wp\/v2\/comments?post=2117"}],"version-history":[{"count":10,"href":"https:\/\/cause.ch\/lab\/wp-json\/wp\/v2\/posts\/2117\/revisions"}],"predecessor-version":[{"id":2129,"href":"https:\/\/cause.ch\/lab\/wp-json\/wp\/v2\/posts\/2117\/revisions\/2129"}],"wp:attachment":[{"href":"https:\/\/cause.ch\/lab\/wp-json\/wp\/v2\/media?parent=2117"}],"wp:term":[{"taxonomy":"category","embeddable":true,"href":"https:\/\/cause.ch\/lab\/wp-json\/wp\/v2\/categories?post=2117"},{"taxonomy":"post_tag","embeddable":true,"href":"https:\/\/cause.ch\/lab\/wp-json\/wp\/v2\/tags?post=2117"}],"curies":[{"name":"wp","href":"https:\/\/api.w.org\/{rel}","templated":true}]}}