{"id":2130,"date":"2015-12-01T23:42:14","date_gmt":"2015-12-01T22:42:14","guid":{"rendered":"http:\/\/cause.ch\/lab\/?p=2130"},"modified":"2015-12-12T21:09:02","modified_gmt":"2015-12-12T20:09:02","slug":"chale-chalo","status":"publish","type":"post","link":"https:\/\/cause.ch\/lab\/we-are-the-cause\/chale-chalo\/","title":{"rendered":"Chale-Chalo"},"content":{"rendered":"<div class=\"arx_pad_2 center_text\">\n<iframe loading=\"lazy\" src=\"https:\/\/player.vimeo.com\/video\/139854984?color=cfb13c&#038;title=0&#038;byline=0&#038;portrait=0\" width=\"640\" height=\"360\" frameborder=\"0\" webkitallowfullscreen mozallowfullscreen allowfullscreen><\/iframe>\n<\/div>\n<p class=\"arx_0 center_content arx_pad_2\">\n<i>Un film de<\/i><br \/>\n<b>Charlotte De Buren<\/b><br \/>\net <b> Beno\u00eet Goncerut<\/b>\n<\/p>\n<p class=\"arx_1 arx_pad_1 center_content\">\nAllez, on y va! Voici Chale-Chalo, laur\u00e9at du prix <i>Bertrand Piccard<\/i> au prestigieux <i><b><a href=\"http:\/\/cause.ch\/lab\/we-are-the-cause\/retour-en-images-sur-le-b-i-f-f-l-2015\/\" target=\"_blank\">B.I.F.F.L. 2015<\/a><\/i><\/b>, dans sa version int\u00e9grale. Un sympa petit court-m\u00e9trage suivant les pas n\u00e9ophytes d&#8217;une cord\u00e9e hindoue en trekking sur quelque hauteur sacr\u00e9e du royaume de <a href=\"https:\/\/en.wikipedia.org\/wiki\/Girish\" target=\"_blank\">Girisha<\/a>.\n<\/p>\n<p class=\"arx_1 arx_pad_2 center_content\">\nSpontan\u00e9ment con\u00e7u et tourn\u00e9 en l&#8217;espace de 24 heures, ce modeste documentaire empreint de sensibilit\u00e9 r\u00e9v\u00e8le humblement l&#8217;humanit\u00e9 touchante des randonneurs, parvenant \u00e0 capturer quelques fragments d&#8217;une authenticit\u00e9 qui fait sourire et laisse songeur&#8230; Que dire? Ca inspire le bonheur.\n<\/p>\n<div class=\"arx_pad_2 center_text\">\n<a href=\"http:\/\/cause.ch\/lab\/wp-content\/uploads\/2015\/12\/chale-chalo-view3-\u00a9goncerutdeburen2015.jpg\"><img loading=\"lazy\" decoding=\"async\" src=\"http:\/\/cause.ch\/lab\/wp-content\/uploads\/2015\/12\/chale-chalo-view3-\u00a9goncerutdeburen2015.jpg\" alt=\"chale-chalo-view3-\u00a9goncerutdeburen2015\" width=\"1000\" height=\"756\" class=\"alignnone size-full wp-image-2135\" srcset=\"https:\/\/cause.ch\/lab\/wp-content\/uploads\/2015\/12\/chale-chalo-view3-\u00a9goncerutdeburen2015.jpg 1000w, https:\/\/cause.ch\/lab\/wp-content\/uploads\/2015\/12\/chale-chalo-view3-\u00a9goncerutdeburen2015-300x227.jpg 300w\" sizes=\"auto, (max-width: 1000px) 100vw, 1000px\" \/><\/a>\n<\/div>\n<div class=\"arx_pad_2 center_text\">\n<a href=\"http:\/\/cause.ch\/lab\/wp-content\/uploads\/2015\/12\/chale-chalo-tree-\u00a9goncerutdeburen2015.jpg\"><img loading=\"lazy\" decoding=\"async\" src=\"http:\/\/cause.ch\/lab\/wp-content\/uploads\/2015\/12\/chale-chalo-tree-\u00a9goncerutdeburen2015.jpg\" alt=\"chale-chalo-tree-\u00a9goncerutdeburen2015\" width=\"1000\" height=\"756\" class=\"alignnone size-full wp-image-2132\" srcset=\"https:\/\/cause.ch\/lab\/wp-content\/uploads\/2015\/12\/chale-chalo-tree-\u00a9goncerutdeburen2015.jpg 1000w, https:\/\/cause.ch\/lab\/wp-content\/uploads\/2015\/12\/chale-chalo-tree-\u00a9goncerutdeburen2015-300x227.jpg 300w\" sizes=\"auto, (max-width: 1000px) 100vw, 1000px\" \/><\/a>\n<\/div>\n<div class=\"arx_pad_2 center_text\">\n<a href=\"http:\/\/cause.ch\/lab\/wp-content\/uploads\/2015\/12\/chale-chalo-view2-\u00a9goncerutdeburen2015.jpg\"><img loading=\"lazy\" decoding=\"async\" src=\"http:\/\/cause.ch\/lab\/wp-content\/uploads\/2015\/12\/chale-chalo-view2-\u00a9goncerutdeburen2015.jpg\" alt=\"chale-chalo-view2-\u00a9goncerutdeburen2015\" width=\"1000\" height=\"756\" class=\"alignnone size-full wp-image-2134\" srcset=\"https:\/\/cause.ch\/lab\/wp-content\/uploads\/2015\/12\/chale-chalo-view2-\u00a9goncerutdeburen2015.jpg 1000w, https:\/\/cause.ch\/lab\/wp-content\/uploads\/2015\/12\/chale-chalo-view2-\u00a9goncerutdeburen2015-300x227.jpg 300w\" sizes=\"auto, (max-width: 1000px) 100vw, 1000px\" \/><\/a>\n<\/div>\n<div class=\"arx_pad_2 center_text\">\n<a href=\"http:\/\/cause.ch\/lab\/wp-content\/uploads\/2015\/12\/chale-chalo-view1-\u00a9goncerutdeburen2015.jpg\"><img loading=\"lazy\" decoding=\"async\" src=\"http:\/\/cause.ch\/lab\/wp-content\/uploads\/2015\/12\/chale-chalo-view1-\u00a9goncerutdeburen2015.jpg\" alt=\"chale-chalo-view1-\u00a9goncerutdeburen2015\" width=\"756\" height=\"1000\" class=\"alignnone size-full wp-image-2133\" srcset=\"https:\/\/cause.ch\/lab\/wp-content\/uploads\/2015\/12\/chale-chalo-view1-\u00a9goncerutdeburen2015.jpg 756w, https:\/\/cause.ch\/lab\/wp-content\/uploads\/2015\/12\/chale-chalo-view1-\u00a9goncerutdeburen2015-227x300.jpg 227w\" sizes=\"auto, (max-width: 756px) 100vw, 756px\" \/><\/a>\n<\/div>\n<div class=\"arx_pad_2 center_text\">\n<a href=\"http:\/\/cause.ch\/lab\/wp-content\/uploads\/2015\/12\/chale-chalo-crew-\u00a9goncerutdeburen2015.jpg\"><img loading=\"lazy\" decoding=\"async\" src=\"http:\/\/cause.ch\/lab\/wp-content\/uploads\/2015\/12\/chale-chalo-crew-\u00a9goncerutdeburen2015.jpg\" alt=\"chale-chalo-crew-\u00a9goncerutdeburen2015\" width=\"1000\" height=\"756\" class=\"alignnone size-full wp-image-2131\" srcset=\"https:\/\/cause.ch\/lab\/wp-content\/uploads\/2015\/12\/chale-chalo-crew-\u00a9goncerutdeburen2015.jpg 1000w, https:\/\/cause.ch\/lab\/wp-content\/uploads\/2015\/12\/chale-chalo-crew-\u00a9goncerutdeburen2015-300x227.jpg 300w\" sizes=\"auto, (max-width: 1000px) 100vw, 1000px\" \/><\/a>\n<\/div>\n","protected":false},"excerpt":{"rendered":"<p>Un film de Charlotte De Buren et Beno\u00eet Goncerut Allez, on y va! Voici Chale-Chalo, laur\u00e9at du prix Bertrand Piccard au prestigieux B.I.F.F.L. 2015, dans sa version int\u00e9grale. Un sympa petit court-m\u00e9trage suivant les pas n\u00e9ophytes d&#8217;une cord\u00e9e hindoue en trekking sur quelque hauteur sacr\u00e9e du royaume de Girisha. Spontan\u00e9ment con\u00e7u et tourn\u00e9 en l&#8217;espace [&hellip;]<\/p>\n","protected":false},"author":4,"featured_media":0,"comment_status":"open","ping_status":"open","sticky":false,"template":"","format":"standard","meta":{"footnotes":""},"categories":[1],"tags":[34,160,7,237,235,220,236,29],"class_list":["post-2130","post","type-post","status-publish","format-standard","hentry","category-we-are-the-cause","tag-benoit-goncerut","tag-biffl","tag-cause","tag-chale-chalo","tag-charlotte-de-buren","tag-documentaire","tag-india","tag-wearethecause"],"_links":{"self":[{"href":"https:\/\/cause.ch\/lab\/wp-json\/wp\/v2\/posts\/2130","targetHints":{"allow":["GET"]}}],"collection":[{"href":"https:\/\/cause.ch\/lab\/wp-json\/wp\/v2\/posts"}],"about":[{"href":"https:\/\/cause.ch\/lab\/wp-json\/wp\/v2\/types\/post"}],"author":[{"embeddable":true,"href":"https:\/\/cause.ch\/lab\/wp-json\/wp\/v2\/users\/4"}],"replies":[{"embeddable":true,"href":"https:\/\/cause.ch\/lab\/wp-json\/wp\/v2\/comments?post=2130"}],"version-history":[{"count":13,"href":"https:\/\/cause.ch\/lab\/wp-json\/wp\/v2\/posts\/2130\/revisions"}],"predecessor-version":[{"id":2236,"href":"https:\/\/cause.ch\/lab\/wp-json\/wp\/v2\/posts\/2130\/revisions\/2236"}],"wp:attachment":[{"href":"https:\/\/cause.ch\/lab\/wp-json\/wp\/v2\/media?parent=2130"}],"wp:term":[{"taxonomy":"category","embeddable":true,"href":"https:\/\/cause.ch\/lab\/wp-json\/wp\/v2\/categories?post=2130"},{"taxonomy":"post_tag","embeddable":true,"href":"https:\/\/cause.ch\/lab\/wp-json\/wp\/v2\/tags?post=2130"}],"curies":[{"name":"wp","href":"https:\/\/api.w.org\/{rel}","templated":true}]}}