{"id":2145,"date":"2015-12-02T17:42:31","date_gmt":"2015-12-02T16:42:31","guid":{"rendered":"http:\/\/cause.ch\/lab\/?p=2145"},"modified":"2015-12-05T18:25:33","modified_gmt":"2015-12-05T17:25:33","slug":"pas-quune-course","status":"publish","type":"post","link":"https:\/\/cause.ch\/lab\/we-are-the-cause\/pas-quune-course\/","title":{"rendered":"Pas qu&#8217;une course &#8230;"},"content":{"rendered":"<div class=\"arx_pad_2 center_text\">\n<a href=\"http:\/\/cause.ch\/lab\/wp-content\/uploads\/2015\/12\/Escalade2014\u00a9-S.-Saugy1.jpg\"><img loading=\"lazy\" decoding=\"async\" src=\"http:\/\/cause.ch\/lab\/wp-content\/uploads\/2015\/12\/Escalade2014\u00a9-S.-Saugy1.jpg\" alt=\"Escalade2014\u00a9 S. Saugy\" width=\"1000\" height=\"567\" class=\"alignnone size-full wp-image-2156\" srcset=\"https:\/\/cause.ch\/lab\/wp-content\/uploads\/2015\/12\/Escalade2014\u00a9-S.-Saugy1.jpg 1000w, https:\/\/cause.ch\/lab\/wp-content\/uploads\/2015\/12\/Escalade2014\u00a9-S.-Saugy1-300x170.jpg 300w\" sizes=\"auto, (max-width: 1000px) 100vw, 1000px\" \/><\/a>\n<\/div>\n<p><iframe loading=\"lazy\" width=\"100%\" height=\"100\" scrolling=\"no\" frameborder=\"no\" src=\"https:\/\/w.soundcloud.com\/player\/?url=https%3A\/\/api.soundcloud.com\/tracks\/196155560&amp;auto_play=false&amp;hide_related=false&amp;show_comments=false&amp;show_user=false&amp;show_reposts=false&amp;visual=false\"><\/iframe><\/p>\n<p class=\"arx_1 medium center_content arx_pad_1 center_text\">\n<b><br \/>\nAi-je r\u00e9ussi, ai-je \u00e9chou\u00e9 ? Qu&#8217;il est douloureux de ne pas savoir&#8230;<br \/>\n<\/b>\n<\/p>\n<p class=\"arx_1 center_content arx_pad_1\">\nLe besoin presse pourtant. Je veux connaitre l&#8217;attitude \u00e0 adopter. Dois-je \u00eatre content, fier \u2026 satisfait ou dois-je me montrer d\u00e9\u00e7u, triste \u2026 insatisfait. Certains diront que c&#8217;est le monde \u00e0 l&#8217;envers. Normalement, les \u00e9motions viennent d&#8217;elles-m\u00eames, se propagent et influencent notre attitude. N\u00e9anmoins, lorsqu&#8217;on y lit pas comme dans un livre, on se repose sur des indices plus rationnels pour traduire son humeur.\n<\/p>\n<p class=\"arx_1 center_content arx_pad_1\">\nA priori, l&#8217;\u00e9chec semble flagrant. On est loin de l&#8217;objectif &#8220;smart&#8221; fix\u00e9 au pr\u00e9alable. D\u00e9chantons donc et regardons les choses en face. Je n&#8217;ai pas \u00e9t\u00e9 \u00e0 la hauteur, un point c&#8217;est tout.\n<\/p>\n<p class=\"arx_1 center_content arx_pad_1\">\nNe nous apitoyons pas. Une sagesse nous anime parfois et nous permet de prendre un peu de recul. Tout n&#8217;est pas \u00e0 jeter. Quel chemin parcouru depuis la convalescence ?! Quels changements dans notre quotidien ?! J&#8217;ai progress\u00e9, je le vois et je me sens mieux. Tout ceci m&#8217;a aid\u00e9 d&#8217;une mani\u00e8re ou d&#8217;une autre c&#8217;est s\u00fbr.\n<\/p>\n<p class=\"arx_1 center_content arx_pad_1\">\n&#8211; N&#8217;ai-je donc pas eu les yeux plus gros que le ventre ? N&#8217;ai-je pas simplement sous-estim\u00e9 ce qu&#8217;il fallait pour y arriver ? Allez\u2026 avec quelques mois, peut-\u00eatre,  semaines de plus, ce serait pass\u00e9. &#8211;\n<\/p>\n<p class=\"arx_1 center_content arx_pad_1\">\n<b><br \/>\nLorsqu&#8217;il est si facile de trouver les raisons d&#8217;un \u00e9chec, c&#8217;est qu&#8217;il s&#8217;agit d&#8217;excuses.<\/b> Point d&#8217;apprentissage donc\u2026 on se r\u00e9p\u00e9tera\u2026 \u00e0 l&#8217;infini s&#8217;il le faut, c&#8217;est affligeant.<br \/>\n<\/b>\n<\/p>\n<p class=\"arx_1 center_content arx_pad_1\">\nLe syndrome classique d&#8217;un objectif consid\u00e9r\u00e9, \u00e0 posteriori, comme trop haut en est un parfait exemple\u2026 Comment peut-il avoir \u00e9t\u00e9 juste pendant des mois et soudain trop haut le lendemain ? Si les vraies raisons nous \u00e9chappent donc\u2026 voil\u00e0 une question qui m\u00e9rite d&#8217;\u00eatre pos\u00e9e.\n<\/p>\n<p class=\"arx_1 center_content arx_pad_1\">\n<b>Ma r\u00e9ponse est qu&#8217;il m&#8217;a servi.<\/b> Cet objectif trop ambitieux m&#8217;a pouss\u00e9 hors de cette fameuse zone de confort, m&#8217;a emp\u00each\u00e9 de g\u00e9rer et m&#8217;a amen\u00e9 sur le fil du rasoir \u00e0 chaque sortie. Il m&#8217;a bless\u00e9 et m&#8217;a train\u00e9 dans la boue \u00e0 chaque fois que je me suis r\u00e9sign\u00e9 \u00e0 prendre les baffes que donne la vie. Il me suffisait d&#8217;y croire pour me jeter \u00e0 l&#8217;eau.\n<\/p>\n<p class=\"arx_1 center_content arx_pad_1\">\n&#8211; J&#8217;ai donc r\u00e9ussi !!?\n<\/p>\n<p class=\"arx_1 center_content arx_pad_1\">\n&#8211; Non, tu as \u00e9chou\u00e9 et c&#8217;est mieux ainsi\u2026\n<\/p>\n<p class=\"arx_1 center_text arx_pad_1\">\n<i><br \/>\n&#8230;une seconde, deux secondes, trois secondes\u2026<br \/>\n\u00e7a monte au cerveau<br \/>\n<\/i>\n<\/p>\n<p class=\"arx_1 center_content arx_pad_2\">\nEntre \u00e9chec et r\u00e9ussite, mon attitude restera donc ind\u00e9termin\u00e9e ce soir\u2026 <b>Je reste dans cette zone grise qui ne nous dit finalement jamais exactement comment les choses doivent \u00eatre v\u00e9cues.<\/b>\n<\/p>\n<p class=\"center_content mar_bot arx_sep_1\">\n<p class=\"arx_1 center_content arx_pad_1\">\nLa blague dans tout cela est que j&#8217;\u00e9cris avant de vivre l&#8217;exp\u00e9rience.\n<\/p>\n<p class=\"arx_1 center_content arx_pad_1\">\nTout se passera samedi, mais je me connais trop bien. Mes limites, mes capacit\u00e9s\u2026 Je n&#8217;irai pas plus loin que ce que je supporterai. Aucune motivation ou ressource inexplor\u00e9e me fera passer un ultime cap. Je ne pourrai donc <b> QUE <\/b> me montrer aussi bon que ce que je suis\u2026 <i>ou alors juste moins bon<\/i>.\n<\/p>\n<p class=\"arx_1 center_content arx_pad_1 center_text\">\n<i><br \/>\nCourse de l&#8217;Escalade, 2015<br \/>\nSamedi 5 d\u00e9cembre<br \/>\nVieille-ville, Gen\u00e8ve<br \/>\n<\/i>\n<\/p>\n<p class=\"arx_1 center_content center_text arx_pad_2\">\n<a href=\"http:\/\/live.escalade.ch\/\" target=\"_blank\">http:\/\/live.escalade.ch\/<\/a>\n<\/p>\n<p class=\"arx_1 center_content center_text arx_pad_1\">\nCoureur : <b>T. Huwiler<\/b><br \/>\nPhoto : <b>S. Saugy<\/b><br \/>\nTexte : <b>J. Saugy<\/b>\n<\/p>\n<p class=\"arx_1 center_content center_text arx_pad_1\">\nMusic : <b>Grandbrothers &#8211; Rotor<\/b><\/p>\n","protected":false},"excerpt":{"rendered":"<p>Ai-je r\u00e9ussi, ai-je \u00e9chou\u00e9 ? Qu&#8217;il est douloureux de ne pas savoir&#8230; Le besoin presse pourtant. Je veux connaitre l&#8217;attitude \u00e0 adopter. Dois-je \u00eatre content, fier \u2026 satisfait ou dois-je me montrer d\u00e9\u00e7u, triste \u2026 insatisfait. Certains diront que c&#8217;est le monde \u00e0 l&#8217;envers. Normalement, les \u00e9motions viennent d&#8217;elles-m\u00eames, se propagent et influencent notre attitude. [&hellip;]<\/p>\n","protected":false},"author":6,"featured_media":2156,"comment_status":"open","ping_status":"open","sticky":false,"template":"","format":"standard","meta":{"footnotes":""},"categories":[1],"tags":[238,245,118,242,201,244,231],"class_list":["post-2145","post","type-post","status-publish","format-standard","has-post-thumbnail","hentry","category-we-are-the-cause","tag-competition","tag-coursedelescalade","tag-jerome-saugy","tag-philosophy","tag-sport","tag-training","tag-wearethecasue"],"_links":{"self":[{"href":"https:\/\/cause.ch\/lab\/wp-json\/wp\/v2\/posts\/2145","targetHints":{"allow":["GET"]}}],"collection":[{"href":"https:\/\/cause.ch\/lab\/wp-json\/wp\/v2\/posts"}],"about":[{"href":"https:\/\/cause.ch\/lab\/wp-json\/wp\/v2\/types\/post"}],"author":[{"embeddable":true,"href":"https:\/\/cause.ch\/lab\/wp-json\/wp\/v2\/users\/6"}],"replies":[{"embeddable":true,"href":"https:\/\/cause.ch\/lab\/wp-json\/wp\/v2\/comments?post=2145"}],"version-history":[{"count":50,"href":"https:\/\/cause.ch\/lab\/wp-json\/wp\/v2\/posts\/2145\/revisions"}],"predecessor-version":[{"id":2204,"href":"https:\/\/cause.ch\/lab\/wp-json\/wp\/v2\/posts\/2145\/revisions\/2204"}],"wp:featuredmedia":[{"embeddable":true,"href":"https:\/\/cause.ch\/lab\/wp-json\/wp\/v2\/media\/2156"}],"wp:attachment":[{"href":"https:\/\/cause.ch\/lab\/wp-json\/wp\/v2\/media?parent=2145"}],"wp:term":[{"taxonomy":"category","embeddable":true,"href":"https:\/\/cause.ch\/lab\/wp-json\/wp\/v2\/categories?post=2145"},{"taxonomy":"post_tag","embeddable":true,"href":"https:\/\/cause.ch\/lab\/wp-json\/wp\/v2\/tags?post=2145"}],"curies":[{"name":"wp","href":"https:\/\/api.w.org\/{rel}","templated":true}]}}