{"id":2206,"date":"2015-12-08T00:16:37","date_gmt":"2015-12-07T23:16:37","guid":{"rendered":"http:\/\/cause.ch\/lab\/?p=2206"},"modified":"2015-12-08T16:30:23","modified_gmt":"2015-12-08T15:30:23","slug":"suddeutsche-zeitung-3-12-2015","status":"publish","type":"post","link":"https:\/\/cause.ch\/lab\/presse\/suddeutsche-zeitung-3-12-2015\/","title":{"rendered":"S\u00fcddeutsche Zeitung 3.12.2015"},"content":{"rendered":"<div class=\"arx_pad_2 center_text\">\n<a href=\"http:\/\/sz-magazin.sueddeutsche.de\/texte\/anzeigen\/43847\" target=\"_blank\"><img loading=\"lazy\" decoding=\"async\" src=\"http:\/\/cause.ch\/lab\/wp-content\/uploads\/2015\/12\/salam-azizam-werideiniran-\u00a9suddeutschezeitung-3-12-2015.jpg\" alt=\"salam-azizam-werideiniran-\u00a9suddeutschezeitung-3-12-2015\" width=\"1000\" height=\"952\" class=\"alignnone size-full wp-image-2207\" srcset=\"https:\/\/cause.ch\/lab\/wp-content\/uploads\/2015\/12\/salam-azizam-werideiniran-\u00a9suddeutschezeitung-3-12-2015.jpg 1000w, https:\/\/cause.ch\/lab\/wp-content\/uploads\/2015\/12\/salam-azizam-werideiniran-\u00a9suddeutschezeitung-3-12-2015-300x286.jpg 300w\" sizes=\"auto, (max-width: 1000px) 100vw, 1000px\" \/><\/a>\n<\/div>\n<div class=\"arx_pad_2 center_text\">\n<a href=\"http:\/\/www.sueddeutsche.de\/\" target=\"_blank\"><img loading=\"lazy\" decoding=\"async\" src=\"http:\/\/cause.ch\/lab\/wp-content\/uploads\/2015\/12\/\u00a9Sueddeutsche-Zeitung-Logo.png\" alt=\"\u00a9Sueddeutsche-Zeitung-Logo\" width=\"100\" height=\"100\" class=\"alignnone size-full wp-image-2216\" \/><\/a>\n<\/div>\n<p class=\"arx_2_pages center_content arx_pad_2\">\n<a href=\"http:\/\/sz-magazin.sueddeutsche.de\/texte\/anzeigen\/43847\" target=\"_blank\"><i><b>Skifahren mit Shiiten<\/a><\/i><\/b>: le quotidien g\u00e9n\u00e9raliste munichois consacre une page sport dans son \u00e9dition papier <i>et<\/i> num\u00e9rique sur la sortie du court-m\u00e9trage <b><a href=\"http:\/\/cause.ch\/lab\/we-are-the-cause\/salam-azizam\/\" target=\"_blank\">Salam Azizam<\/a><\/b>, r\u00e9alis\u00e9 par Cause dans le cadre du projet <a href=\"http:\/\/www.werideiniran.com\/we\/\" target=\"_blank\">Werideiniran<\/a>. Un article sign\u00e9 <i>Bence J\u00fcnnemann-Ill\u00e9s<\/i> illustr\u00e9 par les clich\u00e9s de <a href=\"http:\/\/ruediflueck.ch\/\" target=\"_blank\">Ruedi Fl\u00fcck<\/a>.<\/p>\n","protected":false},"excerpt":{"rendered":"<p>Skifahren mit Shiiten: le quotidien g\u00e9n\u00e9raliste munichois consacre une page sport dans son \u00e9dition papier et num\u00e9rique sur la sortie du court-m\u00e9trage Salam Azizam, r\u00e9alis\u00e9 par Cause dans le cadre du projet Werideiniran. Un article sign\u00e9 Bence J\u00fcnnemann-Ill\u00e9s illustr\u00e9 par les clich\u00e9s de Ruedi Fl\u00fcck.<\/p>\n","protected":false},"author":4,"featured_media":0,"comment_status":"open","ping_status":"open","sticky":false,"template":"","format":"standard","meta":{"footnotes":""},"categories":[182],"tags":[33,7,195,196,232,70,246,29,31],"class_list":["post-2206","post","type-post","status-publish","format-standard","hentry","category-presse","tag-arnaud-cottet","tag-cause","tag-jules-guarneri","tag-salam-azizam","tag-sina","tag-ski","tag-sudddeutsche-zeitung","tag-wearethecause","tag-werideiniran"],"_links":{"self":[{"href":"https:\/\/cause.ch\/lab\/wp-json\/wp\/v2\/posts\/2206","targetHints":{"allow":["GET"]}}],"collection":[{"href":"https:\/\/cause.ch\/lab\/wp-json\/wp\/v2\/posts"}],"about":[{"href":"https:\/\/cause.ch\/lab\/wp-json\/wp\/v2\/types\/post"}],"author":[{"embeddable":true,"href":"https:\/\/cause.ch\/lab\/wp-json\/wp\/v2\/users\/4"}],"replies":[{"embeddable":true,"href":"https:\/\/cause.ch\/lab\/wp-json\/wp\/v2\/comments?post=2206"}],"version-history":[{"count":8,"href":"https:\/\/cause.ch\/lab\/wp-json\/wp\/v2\/posts\/2206\/revisions"}],"predecessor-version":[{"id":2218,"href":"https:\/\/cause.ch\/lab\/wp-json\/wp\/v2\/posts\/2206\/revisions\/2218"}],"wp:attachment":[{"href":"https:\/\/cause.ch\/lab\/wp-json\/wp\/v2\/media?parent=2206"}],"wp:term":[{"taxonomy":"category","embeddable":true,"href":"https:\/\/cause.ch\/lab\/wp-json\/wp\/v2\/categories?post=2206"},{"taxonomy":"post_tag","embeddable":true,"href":"https:\/\/cause.ch\/lab\/wp-json\/wp\/v2\/tags?post=2206"}],"curies":[{"name":"wp","href":"https:\/\/api.w.org\/{rel}","templated":true}]}}