{"id":2231,"date":"2015-12-12T21:14:39","date_gmt":"2015-12-12T20:14:39","guid":{"rendered":"http:\/\/cause.ch\/lab\/?p=2231"},"modified":"2015-12-18T18:30:38","modified_gmt":"2015-12-18T17:30:38","slug":"skiing-noshaq","status":"publish","type":"post","link":"https:\/\/cause.ch\/lab\/we-are-the-cause\/skiing-noshaq\/","title":{"rendered":"Skiing Noshaq"},"content":{"rendered":"<div class=\"arx_pad_2 center_text\">\n<a href=\"http:\/\/cause.ch\/lab\/wp-content\/uploads\/2015\/12\/affiche-skiing-noshaq-\u00a9cause2015.jpg\"><img loading=\"lazy\" decoding=\"async\" src=\"http:\/\/cause.ch\/lab\/wp-content\/uploads\/2015\/12\/affiche-skiing-noshaq-\u00a9cause2015.jpg\" alt=\"affiche-skiing-noshaq-\u00a9cause2015\" width=\"707\" height=\"1000\" class=\"alignnone size-full wp-image-2219\" srcset=\"https:\/\/cause.ch\/lab\/wp-content\/uploads\/2015\/12\/affiche-skiing-noshaq-\u00a9cause2015.jpg 707w, https:\/\/cause.ch\/lab\/wp-content\/uploads\/2015\/12\/affiche-skiing-noshaq-\u00a9cause2015-212x300.jpg 212w\" sizes=\"auto, (max-width: 707px) 100vw, 707px\" \/><\/a>\n<\/div>\n<p class=\"arx_0 center_content arx_pad_2\">\n<i>Un film de<\/i> <b>Lois Robatel<\/b> et <b> Arnaud Cottet<\/b><br \/>\n<i>Mont\u00e9 par<\/i> <b>Jules Guarneri<\/b><br \/>\n<i>avec<\/i> <b>Nicolas Bossard<\/b>, <b>Serge Th\u00e9lin<\/b> et <b>David Lavie<\/b>\n<\/p>\n<p class=\"arx_1 arx_pad_0 center_content\">\nOn est en automne 2014 quand l&#8217;id\u00e9e prend forme. Port\u00e9s par l&#8217;obstination d&#8217;une passion qui les attire sans rel\u00e2che \u00e0 la d\u00e9couverte de destinations toujours plus insolites pour la pratique de leur \u00e9ternel dada, le freeski, Lois Robatel et Arnaud Cottet se renvoient la persistance de visions des montagnes perdues d&#8217;Afghanistan, souvenirs de leurs <a href=\"https:\/\/vimeo.com\/106057768\" target=\"_blank\">p\u00e8lerinages<\/a> respectifs.\n<\/p>\n<p class=\"arx_1 arx_pad_0 center_content\">\nTout juste le temps de fomenter les plans d&#8217;un projet d&#8217;exp\u00e9dition, que le hasard s&#8217;en m\u00eale. Au m\u00eame moment, le r\u00e9alisateur Nicolas Bossard prend contact pour \u00e9mettre les contours d&#8217;un m\u00eame mirage Afghan: l&#8217;ascension du <a href=\"https:\/\/fr.wikipedia.org\/wiki\/Nowshak\" target=\"_blank\">Noshaq<\/a>, sommet titanesque pointant \u00e0 7&#8217;492m.\n<\/p>\n<p class=\"arx_1 arx_pad_0 center_content\">\nLes choses s&#8217;emballent, l&#8217;\u00e9quipe ne tarde pas \u00e0 d\u00e9nicher les traces d&#8217;une exp\u00e9dition vieille de 45 ans mettant en sc\u00e8ne le succ\u00e8s d&#8217;un groupe d&#8217;autrichiens dans ce qui constitua l&#8217;unique tentative de skier ce sommet dans son int\u00e9gralit\u00e9.\n<\/p>\n<p class=\"arx_1 arx_pad_1 center_content\">\nLe d\u00e9fi est lanc\u00e9. Le motif en serait la r\u00e9alisation d&#8217;un documentaire autour d&#8217;une nouvelle exp\u00e9dition. Celle-ci, sur les pas refl\u00e9t\u00e9s de l&#8217;ancienne, r\u00e9v\u00e8lerait les nuances vertigineuses niveau conditions de vie et climat politique d&#8217;une \u00e8re \u00e0 \u00e0 l&#8217;autre d&#8217;un pays cribl\u00e9 depuis lors par des d\u00e9cennies de guerres et de crises intestines.\n<\/p>\n<p class=\"arx_1 arx_pad_0 center_content\">\nMi-avril 2015, la route est trac\u00e9e. \u00c0 bord d&#8217;un bus Toyota am\u00e9nag\u00e9, Lois et Arnaud en selle d\u00e9vorent avec furie les kilom\u00e8tres en faisant d\u00e9filer \u00e0 l&#8217;infini les paysages. La montagne en ligne de mire, perdue dans le lointain, pr\u00e9texte abstrait \u00e0 l&#8217;aventure humaine \u00e0 travers des r\u00e9gions parsem\u00e9es de tr\u00e9sors endormis, \u00e0 titiller d&#8217;une t\u00e9m\u00e9raire curiosit\u00e9.\n<\/p>\n<p class=\"arx_1 arx_pad_0 center_content\">\nEscales notables en Italie, en Gr\u00e8ce, en Turquie, au Kurdistan et en Iran: les contrastes culturels font de plus en plus parler leur richesse exotique. Le charisme puissant d&#8217;Arnaud et Lois coupl\u00e9 \u00e0 un esprit d&#8217;aventure endurci \u00e0 tout \u00e9preuve leur permet les exp\u00e9riences les plus brutes, la ma\u00eetrise de tout obstacle, \u00e0 l&#8217;abri de tous d\u00e9boires. Ils poursuivent en h\u00e2te parmi les r\u00e9publiques d&#8217;Asie centrale. Les conflits en cause d&#8217;un fort repliement sur soi, l&#8217;Afghanistan barre toutes ses portes occidentales. Les voyageurs doivent contourner par le nord \u00e0 travers le Turkm\u00e9nistan et l&#8217;Ouzb\u00e9kistan.\n<\/p>\n<p class=\"arx_1 arx_pad_0 center_content\">\nUn rendez-vous avec Nicolas, Serge et David \u00e0 Douchanb\u00e9, au Tadjikistan, les entra\u00eene. Ils ne manquent pas au rancart. L&#8217;\u00e9quipe finalement au complet et en phase avec son but, le bus prend la <a href=\"https:\/\/fr.wikipedia.org\/wiki\/Route_M41\" target=\"_blank\">Pamir Highway<\/a>, traverse le <a href=\"https:\/\/fr.wikipedia.org\/wiki\/Piandj\" target=\"_blank\">Piandj<\/a> et p\u00e9n\u00e8tre en terre promise. On est en juin 2015. L&#8217;entr\u00e9e en Afghanistan demeure toujours une exp\u00e9rience stup\u00e9fiante, synonyme d&#8217;un bond en arri\u00e8re de 50 ans. Fascinant pays.\n<\/p>\n<p class=\"arx_1 arx_pad_1 center_content\">\nLes choses s\u00e9rieuses commencent. Plus question de repousser l&#8217;\u00e9ch\u00e9ance de conditionnement mental requis. Ils parviennent au village d&#8217;Ishkahim qui sera leur point de chute avant l&#8217;affrontement des hauteurs. Apr\u00e8s d&#8217;interminables pr\u00e9paratifs et de proc\u00e9dures r\u00e9barbatives de prises de contact avec les locaux et repr\u00e9sentants d&#8217;autorit\u00e9, l&#8217;exp\u00e9dition suisse pointe enfin les pas sur les pentes de la cha\u00eene de l&#8217;Hindu-Kush. 3 jours de marche en compagnie de 30 porteurs et 10 mules les am\u00e8nent \u00e0 leur camp de base aux abords du Noshaq. Laiss\u00e9s seuls et perch\u00e9s au sein de cet espace grandiose, le groupe gu\u00e8te son moment alors que la neige tombe avec une exceptionnelle abondance autour d&#8217;eux, assombrissant leur dessein&#8230;\n<\/p>\n<p class=\"arx_1 arx_pad_0 center_content\">\nQu&#8217;en sera-t-il? Peut-on parler de succ\u00e8s dans l&#8217;abandon?  Une entreprise men\u00e9e \u00e0 ce stade ultime, lorsque la proximit\u00e9 de l&#8217;objectif tente \u00e0 tel point le risque, la prudence et le r\u00e9alisme doivent imp\u00e9rativement l&#8217;emporter: la neige \u00e9tait trop cons\u00e9quente, le danger trop visc\u00e9ral, il a fallu s&#8217;y r\u00e9signer. Se faire prendre dans une avalanche fut une mise en garde suffisante. La montagne. On ne d\u00e9daigne pas sa seigneurie: il n&#8217;y a certes qu&#8217;\u00e0 avouer son humilit\u00e9 face \u00e0 une telle majest\u00e9. Avec fiert\u00e9.<\/p>\n<p class=\"arx_1 arx_pad_1 center_content\">\nLes membres de l&#8217;exp\u00e9dition peuvent se vanter aujourd&#8217;hui d&#8217;en \u00eatre revenus saufs. Et toute tentative sinc\u00e8re ne se solde jamais en \u00e9chec. La preuve, ils nous ram\u00e8nent &#8211; entre-autre &#8211; ce palpitant court-m\u00e9trage en troph\u00e9e: &#8220;Skiing Noshaq&#8221;, pr\u00e9sent\u00e9 en avant-premi\u00e8re ce soir au <a href=\"http:\/\/www.lekremlin.ch\/\" target=\"_blank\">Kremlin<\/a> \u00e0 Monthey, dans le cadre d&#8217;une <a href=\"https:\/\/www.facebook.com\/events\/194525720886703\" target=\"_blank\">soir\u00e9e d&#8217;exposition et de projection de films de montagne<\/a>.<\/p>\n<p class=\"arx_1 arx_pad_2 center_content\">\nVisitez <a href=\"http:\/\/skiingnoshaq.com\/\" target=\"_blank\">skiingnoshaq.com<\/a> pour plus de d\u00e9tails sur l&#8217;aventure ainsi que des infos quant aux dates de sortie officielle du film.\n<\/p>\n<div class=\"arx_pad_2 center_text\">\n<a href=\"http:\/\/cause.ch\/lab\/wp-content\/uploads\/2015\/12\/lois-robatel-at-the-wheel-turkey-\u00a9cause2015.jpg\"><img loading=\"lazy\" decoding=\"async\" src=\"http:\/\/cause.ch\/lab\/wp-content\/uploads\/2015\/12\/lois-robatel-at-the-wheel-turkey-\u00a9cause2015.jpg\" alt=\"lois-robatel-at-the-wheel-turkey-\u00a9cause2015\" width=\"1000\" height=\"684\" class=\"alignnone size-full wp-image-2225\" srcset=\"https:\/\/cause.ch\/lab\/wp-content\/uploads\/2015\/12\/lois-robatel-at-the-wheel-turkey-\u00a9cause2015.jpg 1000w, https:\/\/cause.ch\/lab\/wp-content\/uploads\/2015\/12\/lois-robatel-at-the-wheel-turkey-\u00a9cause2015-300x205.jpg 300w\" sizes=\"auto, (max-width: 1000px) 100vw, 1000px\" \/><\/a>\n<\/div>\n<div class=\"arx_pad_2 center_text\">\n<a href=\"http:\/\/cause.ch\/lab\/wp-content\/uploads\/2015\/12\/arnaud-cottet-looking-ahead-toward-noshaq-tajikistan-\u00a9cause2015.jpg\"><img loading=\"lazy\" decoding=\"async\" src=\"http:\/\/cause.ch\/lab\/wp-content\/uploads\/2015\/12\/arnaud-cottet-looking-ahead-toward-noshaq-tajikistan-\u00a9cause2015.jpg\" alt=\"arnaud-cottet-looking-ahead-toward-noshaq-tajikistan-\u00a9cause2015\" width=\"1000\" height=\"667\" class=\"alignnone size-full wp-image-2221\" srcset=\"https:\/\/cause.ch\/lab\/wp-content\/uploads\/2015\/12\/arnaud-cottet-looking-ahead-toward-noshaq-tajikistan-\u00a9cause2015.jpg 1000w, https:\/\/cause.ch\/lab\/wp-content\/uploads\/2015\/12\/arnaud-cottet-looking-ahead-toward-noshaq-tajikistan-\u00a9cause2015-300x200.jpg 300w, https:\/\/cause.ch\/lab\/wp-content\/uploads\/2015\/12\/arnaud-cottet-looking-ahead-toward-noshaq-tajikistan-\u00a9cause2015-640x426.jpg 640w\" sizes=\"auto, (max-width: 1000px) 100vw, 1000px\" \/><\/a>\n<\/div>\n<div class=\"arx_pad_2 center_text\">\n<a href=\"http:\/\/cause.ch\/lab\/wp-content\/uploads\/2015\/12\/cruising-in-iran-road-trip-\u00a9cause2015.jpg\"><img loading=\"lazy\" decoding=\"async\" src=\"http:\/\/cause.ch\/lab\/wp-content\/uploads\/2015\/12\/cruising-in-iran-road-trip-\u00a9cause2015.jpg\" alt=\"cruising-in-iran-road-trip-\u00a9cause2015\" width=\"1000\" height=\"667\" class=\"alignnone size-full wp-image-2223\" srcset=\"https:\/\/cause.ch\/lab\/wp-content\/uploads\/2015\/12\/cruising-in-iran-road-trip-\u00a9cause2015.jpg 1000w, https:\/\/cause.ch\/lab\/wp-content\/uploads\/2015\/12\/cruising-in-iran-road-trip-\u00a9cause2015-300x200.jpg 300w, https:\/\/cause.ch\/lab\/wp-content\/uploads\/2015\/12\/cruising-in-iran-road-trip-\u00a9cause2015-640x426.jpg 640w\" sizes=\"auto, (max-width: 1000px) 100vw, 1000px\" \/><\/a>\n<\/div>\n<div class=\"arx_pad_2 center_text\">\n<a href=\"http:\/\/cause.ch\/lab\/wp-content\/uploads\/2015\/12\/panj-river-bridge-afghanistan-tajikistan-\u00a9cause2015.jpg\"><img loading=\"lazy\" decoding=\"async\" src=\"http:\/\/cause.ch\/lab\/wp-content\/uploads\/2015\/12\/panj-river-bridge-afghanistan-tajikistan-\u00a9cause2015.jpg\" alt=\"panj-river-bridge-afghanistan-tajikistan-\u00a9cause2015\" width=\"1000\" height=\"663\" class=\"alignnone size-full wp-image-2230\" srcset=\"https:\/\/cause.ch\/lab\/wp-content\/uploads\/2015\/12\/panj-river-bridge-afghanistan-tajikistan-\u00a9cause2015.jpg 1000w, https:\/\/cause.ch\/lab\/wp-content\/uploads\/2015\/12\/panj-river-bridge-afghanistan-tajikistan-\u00a9cause2015-300x199.jpg 300w\" sizes=\"auto, (max-width: 1000px) 100vw, 1000px\" \/><\/a>\n<\/div>\n<div class=\"arx_pad_2 center_text\">\n<a href=\"http:\/\/cause.ch\/lab\/wp-content\/uploads\/2015\/12\/austrian-skiing-noshaq-pioneers-1970.jpg\"><img loading=\"lazy\" decoding=\"async\" src=\"http:\/\/cause.ch\/lab\/wp-content\/uploads\/2015\/12\/austrian-skiing-noshaq-pioneers-1970.jpg\" alt=\"austrian-skiing-noshaq-pioneers-1970\" width=\"665\" height=\"1000\" class=\"alignnone size-full wp-image-2222\" srcset=\"https:\/\/cause.ch\/lab\/wp-content\/uploads\/2015\/12\/austrian-skiing-noshaq-pioneers-1970.jpg 665w, https:\/\/cause.ch\/lab\/wp-content\/uploads\/2015\/12\/austrian-skiing-noshaq-pioneers-1970-200x300.jpg 200w\" sizes=\"auto, (max-width: 665px) 100vw, 665px\" \/><\/a>\n<\/div>\n<div class=\"arx_pad_2 center_text\">\n<a href=\"http:\/\/cause.ch\/lab\/wp-content\/uploads\/2015\/12\/noshaq-mule-climb-afghanistan-\u00a9cause2015.jpg\"><img loading=\"lazy\" decoding=\"async\" src=\"http:\/\/cause.ch\/lab\/wp-content\/uploads\/2015\/12\/noshaq-mule-climb-afghanistan-\u00a9cause2015.jpg\" alt=\"noshaq-mule-climb-afghanistan-\u00a9cause2015\" width=\"1000\" height=\"751\" class=\"alignnone size-full wp-image-2229\" srcset=\"https:\/\/cause.ch\/lab\/wp-content\/uploads\/2015\/12\/noshaq-mule-climb-afghanistan-\u00a9cause2015.jpg 1000w, https:\/\/cause.ch\/lab\/wp-content\/uploads\/2015\/12\/noshaq-mule-climb-afghanistan-\u00a9cause2015-300x225.jpg 300w\" sizes=\"auto, (max-width: 1000px) 100vw, 1000px\" \/><\/a>\n<\/div>\n<div class=\"arx_pad_2 center_text\">\n<a href=\"http:\/\/cause.ch\/lab\/wp-content\/uploads\/2015\/12\/noshaq-death-valley-\u00a9cause2015.jpg\"><img loading=\"lazy\" decoding=\"async\" src=\"http:\/\/cause.ch\/lab\/wp-content\/uploads\/2015\/12\/noshaq-death-valley-\u00a9cause2015.jpg\" alt=\"noshaq-death-valley-\u00a9cause2015\" width=\"1000\" height=\"667\" class=\"alignnone size-full wp-image-2228\" srcset=\"https:\/\/cause.ch\/lab\/wp-content\/uploads\/2015\/12\/noshaq-death-valley-\u00a9cause2015.jpg 1000w, https:\/\/cause.ch\/lab\/wp-content\/uploads\/2015\/12\/noshaq-death-valley-\u00a9cause2015-300x200.jpg 300w, https:\/\/cause.ch\/lab\/wp-content\/uploads\/2015\/12\/noshaq-death-valley-\u00a9cause2015-640x426.jpg 640w\" sizes=\"auto, (max-width: 1000px) 100vw, 1000px\" \/><\/a>\n<\/div>\n<div class=\"arx_pad_2 center_text\">\n<a href=\"http:\/\/cause.ch\/lab\/wp-content\/uploads\/2015\/12\/nicolas-bossard-serge-thelin-afghan-mountains-\u00a9cause2015.jpg\"><img loading=\"lazy\" decoding=\"async\" src=\"http:\/\/cause.ch\/lab\/wp-content\/uploads\/2015\/12\/nicolas-bossard-serge-thelin-afghan-mountains-\u00a9cause2015.jpg\" alt=\"nicolas-bossard-serge-thelin-afghan-mountains-\u00a9cause2015\" width=\"1000\" height=\"663\" class=\"alignnone size-full wp-image-2226\" srcset=\"https:\/\/cause.ch\/lab\/wp-content\/uploads\/2015\/12\/nicolas-bossard-serge-thelin-afghan-mountains-\u00a9cause2015.jpg 1000w, https:\/\/cause.ch\/lab\/wp-content\/uploads\/2015\/12\/nicolas-bossard-serge-thelin-afghan-mountains-\u00a9cause2015-300x199.jpg 300w\" sizes=\"auto, (max-width: 1000px) 100vw, 1000px\" \/><\/a>\n<\/div>\n<div class=\"arx_pad_2 center_text\">\n<a href=\"http:\/\/cause.ch\/lab\/wp-content\/uploads\/2015\/12\/arnaud-cottet-freeski-afghanistan-\u00a9cause2015.jpg\"><img loading=\"lazy\" decoding=\"async\" src=\"http:\/\/cause.ch\/lab\/wp-content\/uploads\/2015\/12\/arnaud-cottet-freeski-afghanistan-\u00a9cause2015.jpg\" alt=\"arnaud-cottet-freeski-afghanistan-\u00a9cause2015\" width=\"1000\" height=\"666\" class=\"alignnone size-full wp-image-2220\" srcset=\"https:\/\/cause.ch\/lab\/wp-content\/uploads\/2015\/12\/arnaud-cottet-freeski-afghanistan-\u00a9cause2015.jpg 1000w, https:\/\/cause.ch\/lab\/wp-content\/uploads\/2015\/12\/arnaud-cottet-freeski-afghanistan-\u00a9cause2015-300x200.jpg 300w, https:\/\/cause.ch\/lab\/wp-content\/uploads\/2015\/12\/arnaud-cottet-freeski-afghanistan-\u00a9cause2015-640x426.jpg 640w\" sizes=\"auto, (max-width: 1000px) 100vw, 1000px\" \/><\/a>\n<\/div>\n<div class=\"arx_pad_2 center_text\">\n<a href=\"http:\/\/skiingnoshaq.com\/\" target=\"_blank\"><img loading=\"lazy\" decoding=\"async\" src=\"http:\/\/cause.ch\/lab\/wp-content\/uploads\/2015\/12\/logo-skiing-noshaq-\u00a9cause2015.jpg\" alt=\"logo-skiing-noshaq-\u00a9cause2015\" width=\"150\" height=\"150\" class=\"alignnone size-full wp-image-2224\" \/><\/a>\n<\/div>\n","protected":false},"excerpt":{"rendered":"<p>Un film de Lois Robatel et Arnaud Cottet Mont\u00e9 par Jules Guarneri avec Nicolas Bossard, Serge Th\u00e9lin et David Lavie On est en automne 2014 quand l&#8217;id\u00e9e prend forme. Port\u00e9s par l&#8217;obstination d&#8217;une passion qui les attire sans rel\u00e2che \u00e0 la d\u00e9couverte de destinations toujours plus insolites pour la pratique de leur \u00e9ternel dada, le [&hellip;]<\/p>\n","protected":false},"author":4,"featured_media":0,"comment_status":"open","ping_status":"open","sticky":false,"template":"","format":"standard","meta":{"footnotes":""},"categories":[1],"tags":[247,33,7,192,249,220,252,195,248,250,253,86,254,251,29],"class_list":["post-2231","post","type-post","status-publish","format-standard","hentry","category-we-are-the-cause","tag-afghanistan","tag-arnaud-cottet","tag-cause","tag-court-metrage","tag-david-lavie","tag-documentaire","tag-freeski","tag-jules-guarneri","tag-lois-robatel","tag-nicolas-bossard","tag-noshaq","tag-project","tag-road-trip","tag-serge-thelin","tag-wearethecause"],"_links":{"self":[{"href":"https:\/\/cause.ch\/lab\/wp-json\/wp\/v2\/posts\/2231","targetHints":{"allow":["GET"]}}],"collection":[{"href":"https:\/\/cause.ch\/lab\/wp-json\/wp\/v2\/posts"}],"about":[{"href":"https:\/\/cause.ch\/lab\/wp-json\/wp\/v2\/types\/post"}],"author":[{"embeddable":true,"href":"https:\/\/cause.ch\/lab\/wp-json\/wp\/v2\/users\/4"}],"replies":[{"embeddable":true,"href":"https:\/\/cause.ch\/lab\/wp-json\/wp\/v2\/comments?post=2231"}],"version-history":[{"count":16,"href":"https:\/\/cause.ch\/lab\/wp-json\/wp\/v2\/posts\/2231\/revisions"}],"predecessor-version":[{"id":2244,"href":"https:\/\/cause.ch\/lab\/wp-json\/wp\/v2\/posts\/2231\/revisions\/2244"}],"wp:attachment":[{"href":"https:\/\/cause.ch\/lab\/wp-json\/wp\/v2\/media?parent=2231"}],"wp:term":[{"taxonomy":"category","embeddable":true,"href":"https:\/\/cause.ch\/lab\/wp-json\/wp\/v2\/categories?post=2231"},{"taxonomy":"post_tag","embeddable":true,"href":"https:\/\/cause.ch\/lab\/wp-json\/wp\/v2\/tags?post=2231"}],"curies":[{"name":"wp","href":"https:\/\/api.w.org\/{rel}","templated":true}]}}