{"id":2254,"date":"2015-12-23T15:56:45","date_gmt":"2015-12-23T14:56:45","guid":{"rendered":"http:\/\/cause.ch\/lab\/?p=2254"},"modified":"2015-12-23T15:56:45","modified_gmt":"2015-12-23T14:56:45","slug":"newsletter-de-noel","status":"publish","type":"post","link":"https:\/\/cause.ch\/lab\/we-are-the-cause\/newsletter-de-noel\/","title":{"rendered":"Newsletter de No\u00ebl"},"content":{"rendered":"<div class=\"arx_pad_2 center_text\">\n<a href=\"cause.ch\" target=\"_blank\"><img loading=\"lazy\" decoding=\"async\" src=\"http:\/\/cause.ch\/lab\/wp-content\/uploads\/2015\/12\/bonnes-fetes.png\" alt=\"bonnes-fetes\" width=\"1000\" height=\"403\" class=\"alignnone size-full wp-image-2256\" srcset=\"https:\/\/cause.ch\/lab\/wp-content\/uploads\/2015\/12\/bonnes-fetes.png 1000w, https:\/\/cause.ch\/lab\/wp-content\/uploads\/2015\/12\/bonnes-fetes-300x121.png 300w\" sizes=\"auto, (max-width: 1000px) 100vw, 1000px\" \/><\/a>\n<\/div>\n<p class=\"arx_2_pages center_content center_text arx_pad_2\">\n<i><b>Chers amis, chers partenaires,<\/i><\/b>\n<\/p>\n<p class=\"arx_1 arx_pad_1 center_content\">\nEn pleine mont\u00e9e du lot d&#8217;\u00e9motions habituel \u00e0 cette heure de l&#8217;ann\u00e9e, le crescendo culminant des c\u00e9l\u00e9brations, les r\u00e9jouissances des r\u00e9unions fraternelles, l&#8217;enthousiasme des r\u00e9solutions port\u00e9es vers l&#8217;avenir prometteur, et l&#8217;anxi\u00e9t\u00e9 de l&#8217;attente inassouvie d&#8217;enneigement, nous nous joignons \u00e0 la liesse g\u00e9n\u00e9rale en vous faisant part \u00e0 toutes et \u00e0 tous de nos v\u0153ux les plus chaleureux et sinc\u00e8res: que l&#8217;ann\u00e9e 2016 soit pour vous porteuse de positivit\u00e9, de pl\u00e9nitude et d&#8217;opportunit\u00e9!\n<\/p>\n<p class=\"arx_1 arx_pad_1 center_content\">\nC&#8217;est aussi l&#8217;occasion pour nous de tirer un rapide bilan d&#8217;un cycle 2015 marqu\u00e9 de moments forts et de succ\u00e8s, en vous proposant par la m\u00eame une petite r\u00e9trospective \u00e0 appr\u00e9cier en famille, au chaud pr\u00e8s de la chemin\u00e9e, entre les bouch\u00e9es de foie-gras et les bulles de champagne (<i>cliquez sur les images pour acc\u00e9der aux liens<\/i>):\n<\/p>\n<p class=\"arx_1 arx_pad_2 center_content\">\nSouvenez-vous! Au mois de mars, Cause vous accueillait pour la projection du reportage <a href=\"http:\/\/cause.ch\/lab\/we-are-the-cause\/off-piste-world-premiere\/\" target=\"_blank\">Off-Piste<\/a>, visitant le charismatique Amir et son fameux bar d&#8217;apr\u00e8s-ski au coeur de l&#8217;insolite station de Dizin en Iran:\n<\/p>\n<div class=\"arx_pad_2 center_text\">\n<a href=\"http:\/\/cause.ch\/lab\/we-are-the-cause\/off-piste-world-premiere\/\" target=\"_blank\"><img loading=\"lazy\" decoding=\"async\" src=\"http:\/\/cause.ch\/lab\/wp-content\/uploads\/2015\/12\/off-piste.png\" alt=\"off-piste\" width=\"1000\" height=\"403\" class=\"alignnone size-full wp-image-2257\" srcset=\"https:\/\/cause.ch\/lab\/wp-content\/uploads\/2015\/12\/off-piste.png 1000w, https:\/\/cause.ch\/lab\/wp-content\/uploads\/2015\/12\/off-piste-300x121.png 300w\" sizes=\"auto, (max-width: 1000px) 100vw, 1000px\" \/><\/a>\n<\/div>\n<p class=\"arx_1 arx_pad_2 center_content\">\nLa venue du printemps mettait un terme \u00e0 une longue anticipation en voyant la sortie tr\u00e8s attendue du premier jeu interactif produit par Cause: <a href=\"https:\/\/itunes.apple.com\/us\/app\/unmem-alphaness\/id905150869?mt=8\" target=\"_blank\">Unmem Alphaness<\/a>, con\u00e7u et r\u00e9alis\u00e9 par le visionnaire Karian Foehr. Celui-ci donne rendez-vous \u00e0 tous les utilisateurs d&#8217;iPhone, iPad et iPod Touch sur l&#8217;Apple Store pour tenter de rivaliser avec les high-scores enregistr\u00e9s, moyennant un t\u00e9l\u00e9chargement bon march\u00e9 (3$!):\n<\/p>\n<div class=\"arx_pad_2 center_text\">\n<a href=\"https:\/\/itunes.apple.com\/us\/app\/unmem-alphaness\/id905150869?mt=8\" target=\"_blank\"><img loading=\"lazy\" decoding=\"async\" src=\"http:\/\/cause.ch\/lab\/wp-content\/uploads\/2015\/12\/unmem.png\" alt=\"unmem\" width=\"1000\" height=\"403\" class=\"alignnone size-full wp-image-2263\" srcset=\"https:\/\/cause.ch\/lab\/wp-content\/uploads\/2015\/12\/unmem.png 1000w, https:\/\/cause.ch\/lab\/wp-content\/uploads\/2015\/12\/unmem-300x121.png 300w\" sizes=\"auto, (max-width: 1000px) 100vw, 1000px\" \/><\/a>\n<\/div>\n<p class=\"arx_1 arx_pad_2 center_content\">\nA l&#8217;apog\u00e9e d&#8217;un \u00e9t\u00e9 caniculaire, la rentr\u00e9e commen\u00e7ait fort \u00e0 la Ballasti\u00e8re, avec l&#8217;accueil de la seconde \u00e9dition du <a href=\"http:\/\/cause.ch\/lab\/we-are-the-cause\/retour-en-images-sur-le-b-i-f-f-l-2015\/\" target=\"_blank\">B.I.F.F.L<\/a>, festival international de courts-m\u00e9trages ouvert \u00e0 tous. Un instant privil\u00e9gi\u00e9 pass\u00e9 sous le signe de l&#8217;amiti\u00e9, du plaisir, du rire et du d\u00e9lire, et autour de l&#8217;amour partag\u00e9 pour le septi\u00e8me art:\n<\/p>\n<div class=\"arx_pad_2 center_text\">\n<a href=\"http:\/\/cause.ch\/lab\/we-are-the-cause\/retour-en-images-sur-le-b-i-f-f-l-2015\/\" target=\"_blank\"><img loading=\"lazy\" decoding=\"async\" src=\"http:\/\/cause.ch\/lab\/wp-content\/uploads\/2015\/12\/biffl.png\" alt=\"biffl\" width=\"1000\" height=\"403\" class=\"alignnone size-full wp-image-2255\" srcset=\"https:\/\/cause.ch\/lab\/wp-content\/uploads\/2015\/12\/biffl.png 1000w, https:\/\/cause.ch\/lab\/wp-content\/uploads\/2015\/12\/biffl-300x121.png 300w\" sizes=\"auto, (max-width: 1000px) 100vw, 1000px\" \/><\/a>\n<\/div>\n<p class=\"arx_1 arx_pad_2 center_content\">\n\u00c0 peine le temps de souffler que le cin\u00e9ma c\u00e9dait place au sport d\u00e8s le lendemain, avec le d\u00e9roulement du <a href=\"http:\/\/cause.ch\/lab\/portfolio\/ping-pong-show\/\" target=\"_blank\">Cause Ping-Pong Show<\/a>, tournoi amateur de tennis de table par \u00e9quipes, o\u00f9 24 formations mixtes se disput\u00e8rent le titre durant une longue et passionnante journ\u00e9e pleine de rebondissements:\n<\/p>\n<div class=\"arx_pad_2 center_text\">\n<a href=\"http:\/\/cause.ch\/lab\/portfolio\/ping-pong-show\/\" target=\"_blank\"><img loading=\"lazy\" decoding=\"async\" src=\"http:\/\/cause.ch\/lab\/wp-content\/uploads\/2015\/12\/ping-pong.png\" alt=\"ping-pong\" width=\"1000\" height=\"403\" class=\"alignnone size-full wp-image-2259\" srcset=\"https:\/\/cause.ch\/lab\/wp-content\/uploads\/2015\/12\/ping-pong.png 1000w, https:\/\/cause.ch\/lab\/wp-content\/uploads\/2015\/12\/ping-pong-300x121.png 300w\" sizes=\"auto, (max-width: 1000px) 100vw, 1000px\" \/><\/a>\n<\/div>\n<p class=\"arx_1 arx_pad_2 center_content\">\nPour saluer la venue de l&#8217;automne et marquer l&#8217;anniversaire d&#8217;un \u00e9v\u00e8nement inoubliable, octobre vous offrait la propulsion d\u00e9finitive et gratuite du film <a href=\"http:\/\/cause.ch\/lab\/we-are-the-cause\/time-of-my-life-free-launch\/\" target=\"_blank\">Time of my Life<\/a> sur la toile, ultime projet du GCC-02 avant la fondation de Cause par une poign\u00e9e de membres-cl\u00e9s de cette l\u00e9gendaire association de camaraderie cr\u00e9ative et festive:\n<\/p>\n<div class=\"arx_pad_2 center_text\">\n<a href=\"http:\/\/cause.ch\/lab\/we-are-the-cause\/time-of-my-life-free-launch\/\" target=\"_blank\"><img loading=\"lazy\" decoding=\"async\" src=\"http:\/\/cause.ch\/lab\/wp-content\/uploads\/2015\/12\/toml.png\" alt=\"toml\" width=\"1000\" height=\"403\" class=\"alignnone size-full wp-image-2262\" srcset=\"https:\/\/cause.ch\/lab\/wp-content\/uploads\/2015\/12\/toml.png 1000w, https:\/\/cause.ch\/lab\/wp-content\/uploads\/2015\/12\/toml-300x121.png 300w\" sizes=\"auto, (max-width: 1000px) 100vw, 1000px\" \/><\/a>\n<\/div>\n<p class=\"arx_1 arx_pad_2 center_content\">\nEt finalement, la douceur de novembre venait accompagner la tourn\u00e9e europ\u00e9enne de <a href=\"http:\/\/cause.ch\/lab\/we-are-the-cause\/salam-azizam-online\/\" target=\"_blank\">Salam Azizam<\/a>, nouveau court-m\u00e9trage documentaire sur le th\u00e8me iranien, \u00e0 la rencontre cette fois de Sina, guide chevronn\u00e9 des montagnes d&#8217;Alborz, poursuivant une libert\u00e9 sans limites \u00e0 travers sa passion pour le ski. Et parce que c&#8217;est No\u00ebl, son producteur et son r\u00e9alisateur, Arnaud Cottet et Jules Guarneri, ont d\u00e9cid\u00e9 ni plus ni moins de vous faire don de leur \u0153uvre, \u00e0 d\u00e9couvrir d\u00e8s aujourd&#8217;hui sur notre site internet:\n<\/p>\n<div class=\"arx_pad_2 center_text\">\n<a href=\"http:\/\/cause.ch\/lab\/we-are-the-cause\/salam-azizam-online\/\" target=\"_blank\"><img loading=\"lazy\" decoding=\"async\" src=\"http:\/\/cause.ch\/lab\/wp-content\/uploads\/2015\/12\/group-photo-causepingpongshow2015-\u00a9julesguarneri.png\" alt=\"group-photo-causepingpongshow2015-\u00a9julesguarneri\" width=\"1000\" height=\"403\" class=\"alignnone size-full wp-image-2258\" srcset=\"https:\/\/cause.ch\/lab\/wp-content\/uploads\/2015\/12\/group-photo-causepingpongshow2015-\u00a9julesguarneri.png 1000w, https:\/\/cause.ch\/lab\/wp-content\/uploads\/2015\/12\/group-photo-causepingpongshow2015-\u00a9julesguarneri-300x121.png 300w\" sizes=\"auto, (max-width: 1000px) 100vw, 1000px\" \/><\/a>\n<\/div>\n<p class=\"arx_1 arx_pad_1 center_content\">\nSur ce, Cause peut tourner la page d&#8217;un nouveau calendrier plein d&#8217;enthousiasme \u00e0 l&#8217;\u00e9gard de nouveaux projets en cours et \u00e0 venir!\n<\/p>\n<p class=\"arx_1 arx_pad_2 center_content\">\nSachez donc qu&#8217;une nouvelle saison de coaching et de comp\u00e9titions se profile avec la crew des dadashs \u00e0 Dizin, prolongeant le succ\u00e8s de l&#8217;exp\u00e9rience <a href=\"http:\/\/cause.ch\/lab\/portfolio\/we-ride-in-iran\/\" target=\"_blank\">We Ride in Iran<\/a>. Pour celle-ci d&#8217;ailleurs, suite au multiples demandes et manifestations d&#8217;int\u00e9r\u00eat, Cause inaugure en proposant des s\u00e9jours touristiques all-inclusive parmi les montagnes mirobolantes du pays des Mollahs:\n<\/p>\n<div class=\"arx_pad_2 center_text\">\n<a href=\"http:\/\/cause.ch\/lab\/portfolio\/we-ride-in-iran\/\" target=\"_blank\"><img loading=\"lazy\" decoding=\"async\" src=\"http:\/\/cause.ch\/lab\/wp-content\/uploads\/2015\/12\/werideiniran.png\" alt=\"werideiniran\" width=\"1000\" height=\"403\" class=\"alignnone size-full wp-image-2264\" srcset=\"https:\/\/cause.ch\/lab\/wp-content\/uploads\/2015\/12\/werideiniran.png 1000w, https:\/\/cause.ch\/lab\/wp-content\/uploads\/2015\/12\/werideiniran-300x121.png 300w\" sizes=\"auto, (max-width: 1000px) 100vw, 1000px\" \/><\/a>\n<\/div>\n<p class=\"arx_1 arx_pad_2 center_content\">\nEn outre, vous aurez d\u00e8s janvier l&#8217;occasion de d\u00e9couvrir le carnet de voyage d&#8217;une fascinante \u00e9pop\u00e9e, avec la sortie de <i><a href=\"http:\/\/cause.ch\/lab\/we-are-the-cause\/skiing-noshaq\/\" target=\"_blank\">Skiing Noshaq<\/a><\/i>, un documentaire sign\u00e9 Arnaud Cottet et Lo\u00efs Robatel racontant le road trip de ceux-ci vers l&#8217;Afghanistan, et une tentative d&#8217;ascension \u00e0 pr\u00e8s de 7&#8217;500m par une t\u00e9m\u00e9raire exp\u00e9dition de freeskieurs suisses:\n<\/p>\n<div class=\"arx_pad_2 center_text\">\n<a href=\"http:\/\/cause.ch\/lab\/we-are-the-cause\/skiing-noshaq\/\" target=\"_blank\"><img loading=\"lazy\" decoding=\"async\" src=\"http:\/\/cause.ch\/lab\/wp-content\/uploads\/2015\/12\/skiing-noshaq.png\" alt=\"skiing-noshaq\" width=\"1000\" height=\"403\" class=\"alignnone size-full wp-image-2261\" srcset=\"https:\/\/cause.ch\/lab\/wp-content\/uploads\/2015\/12\/skiing-noshaq.png 1000w, https:\/\/cause.ch\/lab\/wp-content\/uploads\/2015\/12\/skiing-noshaq-300x121.png 300w\" sizes=\"auto, (max-width: 1000px) 100vw, 1000px\" \/><\/a>\n<\/div>\n<p class=\"arx_1 arx_pad_2 center_content\">\nDans un futur plus distant, selon tout espoir, un <a href=\"http:\/\/cause.ch\/lab\/mandats\/tribord-une-place-a-usages-multiples\/\" target=\"_blank\">espace multi-sports<\/a> verra le jour au centre sportif de Mies (VD) gr\u00e2ce au travail de la section architecture et graphisme de Cause. Lieu de d\u00e9tente, promenade, skatepark et terrain de basketball: l&#8217;\u00e9quipe est aujourd&#8217;hui en attente de la d\u00e9livrance du permis de construire et la validation du budget par la commune terre-saintoise:\n<\/p>\n<div class=\"arx_pad_2 center_text\">\n<a href=\"http:\/\/cause.ch\/lab\/mandats\/tribord-une-place-a-usages-multiples\/\" target=\"_blank\"><img loading=\"lazy\" decoding=\"async\" src=\"http:\/\/cause.ch\/lab\/wp-content\/uploads\/2015\/12\/skatepark.png\" alt=\"skatepark\" width=\"1000\" height=\"403\" class=\"alignnone size-full wp-image-2260\" srcset=\"https:\/\/cause.ch\/lab\/wp-content\/uploads\/2015\/12\/skatepark.png 1000w, https:\/\/cause.ch\/lab\/wp-content\/uploads\/2015\/12\/skatepark-300x121.png 300w\" sizes=\"auto, (max-width: 1000px) 100vw, 1000px\" \/><\/a>\n<\/div>\n<p class=\"arx_1 arx_pad_1 center_content\">\nProfitons-en pour vous informer en dernier lieu du tout r\u00e9cent lancement de la <a href=\"http:\/\/giroscope.bigcartel.com\/\" target=\"_blank\">boutique en ligne de l&#8217;artiste Giroscope<\/a>, alias le graphiste et illustrateur Pierre Andrey, ainsi que de la tr\u00e8s prochaine mise sur le march\u00e9 d&#8217;une nouvelle gamme de mobilier con\u00e7ue par <a href=\"http:\/\/fredericgoncerut.com\/lab\/index.html\" target=\"_blank\">Fr\u00e9d\u00e9ric Goncerut<\/a>. Pour le reste, les membres du collectif continuent d&#8217;affirmer leur volont\u00e9 d&#8217;agir par une poursuite intensive d&#8217;exp\u00e9rience et d&#8217;action, se disposant de plus en plus s\u00fbrement \u00e0 la rel\u00e8ve de projets et mandats sur des plans toujours plus vari\u00e9s.\n<\/p>\n<p class=\"arx_1 arx_pad_2 center_content\">\nVoil\u00e0, tout est dit! Juste le temps de prendre convenablement cong\u00e9 de vous, chers amis, se r\u00e9jouissant de vous revoir chez nous pour de nouveaux moments de plaisir et de convivialit\u00e9, et en vous souhaitant encore une fois de magnifiques f\u00eates et une tr\u00e8s heureuse ann\u00e9e!\n<\/p>\n<p class=\"arx_1 arx_pad_0 center_content\">\nSinc\u00e8rement, <\/p>\n<p class=\"arx_1 arx_pad_2 center_content\">\nles agents de Cause\n<\/p>\n<div class=\"arx_pad_1 center_text\">\n<a href=\"http:\/\/cause.ch\/lab\/\"><img loading=\"lazy\" decoding=\"async\" src=\"http:\/\/cause.ch\/lab\/wp-content\/uploads\/2015\/12\/LOGO_CAUSE-SMALL.jpg\" alt=\"LOGO_CAUSE\" width=\"75\" height=\"142\" class=\"alignnone size-full wp-image-2265\" \/><\/a>\n<\/div>\n<p class=\"arx_1 arx_pad_2 center_text center_content\">\nPAGE FACEBOOK: <a href=\"https:\/\/www.facebook.com\/wearethecause\/?fref=ts\" target=\"_blank\">wearethecause<\/a><br \/>\nINSTAGRAM: <a href=\"https:\/\/www.instagram.com\/wearethecause\/\" target=\"_blank\">#wearethecause<\/a><\/p>\n","protected":false},"excerpt":{"rendered":"<p>Chers amis, chers partenaires, En pleine mont\u00e9e du lot d&#8217;\u00e9motions habituel \u00e0 cette heure de l&#8217;ann\u00e9e, le crescendo culminant des c\u00e9l\u00e9brations, les r\u00e9jouissances des r\u00e9unions fraternelles, l&#8217;enthousiasme des r\u00e9solutions port\u00e9es vers l&#8217;avenir prometteur, et l&#8217;anxi\u00e9t\u00e9 de l&#8217;attente inassouvie d&#8217;enneigement, nous nous joignons \u00e0 la liesse g\u00e9n\u00e9rale en vous faisant part \u00e0 toutes et \u00e0 tous [&hellip;]<\/p>\n","protected":false},"author":4,"featured_media":0,"comment_status":"open","ping_status":"open","sticky":false,"template":"","format":"standard","meta":{"footnotes":""},"categories":[1],"tags":[203,7,256,257,29],"class_list":["post-2254","post","type-post","status-publish","format-standard","hentry","category-we-are-the-cause","tag-203","tag-cause","tag-newsletter","tag-retrospective","tag-wearethecause"],"_links":{"self":[{"href":"https:\/\/cause.ch\/lab\/wp-json\/wp\/v2\/posts\/2254","targetHints":{"allow":["GET"]}}],"collection":[{"href":"https:\/\/cause.ch\/lab\/wp-json\/wp\/v2\/posts"}],"about":[{"href":"https:\/\/cause.ch\/lab\/wp-json\/wp\/v2\/types\/post"}],"author":[{"embeddable":true,"href":"https:\/\/cause.ch\/lab\/wp-json\/wp\/v2\/users\/4"}],"replies":[{"embeddable":true,"href":"https:\/\/cause.ch\/lab\/wp-json\/wp\/v2\/comments?post=2254"}],"version-history":[{"count":3,"href":"https:\/\/cause.ch\/lab\/wp-json\/wp\/v2\/posts\/2254\/revisions"}],"predecessor-version":[{"id":2268,"href":"https:\/\/cause.ch\/lab\/wp-json\/wp\/v2\/posts\/2254\/revisions\/2268"}],"wp:attachment":[{"href":"https:\/\/cause.ch\/lab\/wp-json\/wp\/v2\/media?parent=2254"}],"wp:term":[{"taxonomy":"category","embeddable":true,"href":"https:\/\/cause.ch\/lab\/wp-json\/wp\/v2\/categories?post=2254"},{"taxonomy":"post_tag","embeddable":true,"href":"https:\/\/cause.ch\/lab\/wp-json\/wp\/v2\/tags?post=2254"}],"curies":[{"name":"wp","href":"https:\/\/api.w.org\/{rel}","templated":true}]}}