{"id":2270,"date":"2016-01-23T14:38:46","date_gmt":"2016-01-23T13:38:46","guid":{"rendered":"http:\/\/cause.ch\/lab\/?p=2270"},"modified":"2016-02-15T16:26:05","modified_gmt":"2016-02-15T15:26:05","slug":"sudostschweiz-zeitung-23-01-16","status":"publish","type":"post","link":"https:\/\/cause.ch\/lab\/presse\/sudostschweiz-zeitung-23-01-16\/","title":{"rendered":"S\u00fcdostschweiz Zeitung 23.01.16"},"content":{"rendered":"<div class=\"arx_pad_2 center_text\">\n<a href=\"http:\/\/cause.ch\/lab\/wp-content\/uploads\/2016\/02\/1-mona-amir-werideiniran-\u00a9suedostschweiz-23.01.16.png\"><img loading=\"lazy\" decoding=\"async\" src=\"http:\/\/cause.ch\/lab\/wp-content\/uploads\/2016\/02\/1-mona-amir-werideiniran-\u00a9suedostschweiz-23.01.16.png\" alt=\"1-mona-amir-werideiniran-\u00a9suedostschweiz-23.01.16\" width=\"1000\" height=\"853\" class=\"alignnone size-full wp-image-2271\" srcset=\"https:\/\/cause.ch\/lab\/wp-content\/uploads\/2016\/02\/1-mona-amir-werideiniran-\u00a9suedostschweiz-23.01.16.png 1000w, https:\/\/cause.ch\/lab\/wp-content\/uploads\/2016\/02\/1-mona-amir-werideiniran-\u00a9suedostschweiz-23.01.16-300x256.png 300w\" sizes=\"auto, (max-width: 1000px) 100vw, 1000px\" \/><\/a>\n<\/div>\n<div class=\"arx_pad_2 center_text\">\n<a href=\"http:\/\/cause.ch\/lab\/wp-content\/uploads\/2016\/02\/2-mona-amir-werideiniran-\u00a9suedostschweiz-23.01.16.png\"><img loading=\"lazy\" decoding=\"async\" src=\"http:\/\/cause.ch\/lab\/wp-content\/uploads\/2016\/02\/2-mona-amir-werideiniran-\u00a9suedostschweiz-23.01.16.png\" alt=\"2-mona-amir-werideiniran-\u00a9suedostschweiz-23.01.16\" width=\"1000\" height=\"969\" class=\"alignnone size-full wp-image-2272\" srcset=\"https:\/\/cause.ch\/lab\/wp-content\/uploads\/2016\/02\/2-mona-amir-werideiniran-\u00a9suedostschweiz-23.01.16.png 1000w, https:\/\/cause.ch\/lab\/wp-content\/uploads\/2016\/02\/2-mona-amir-werideiniran-\u00a9suedostschweiz-23.01.16-300x291.png 300w\" sizes=\"auto, (max-width: 1000px) 100vw, 1000px\" \/><\/a>\n<\/div>\n<div class=\"arx_pad_2 center_text\">\n<a href=\"http:\/\/www.suedostschweiz.ch\/\" target=\"_blank\"><img loading=\"lazy\" decoding=\"async\" src=\"http:\/\/cause.ch\/lab\/wp-content\/uploads\/2016\/02\/logo-\u00a9suedostschweiz.png\" alt=\"logo-\u00a9suedostschweiz\" width=\"336\" height=\"50\" class=\"alignnone size-full wp-image-2277\" srcset=\"https:\/\/cause.ch\/lab\/wp-content\/uploads\/2016\/02\/logo-\u00a9suedostschweiz.png 336w, https:\/\/cause.ch\/lab\/wp-content\/uploads\/2016\/02\/logo-\u00a9suedostschweiz-300x45.png 300w\" sizes=\"auto, (max-width: 336px) 100vw, 336px\" \/><\/a>\n<\/div>\n<p class=\"arx_2_pages center_content arx_pad_2\">\nPour les germanophones, un article dans le journal <a href=\"http:\/\/www.suedostschweiz.ch\/\" target=\"_blank\">S\u00fcdostschweiz<\/a> qui salue les efforts d&#8217;ouverture touristique entre la Suisse et l&#8217;Iran, focalisant sur l&#8217;univers des sports alpins et le potentiel d&#8217;attrait grandissant que repr\u00e9sentent peu \u00e0 peu les montagnes perses pour les amateurs de ski et de destinations insolites. Mona Seraji, Amir Raieszadeh et St\u00e9phane Rey sont accueillis \u00e0 <a href=\"http:\/\/www.laax.com\/fr\/endroit\/\" target=\"_blank\">Laax<\/a> par Andr\u00e9 Gisler et Reto Gurtner dans le cadre du projet <a href=\"http:\/\/www.werideiniran.com\/we\/\" target=\"_blank\">We Ride in Iran<\/a>, orchestr\u00e9 par Beno\u00eet Goncerut et Arnaud Cottet.<br \/>\n<\/i><\/p>\n","protected":false},"excerpt":{"rendered":"<p>Pour les germanophones, un article dans le journal S\u00fcdostschweiz qui salue les efforts d&#8217;ouverture touristique entre la Suisse et l&#8217;Iran, focalisant sur l&#8217;univers des sports alpins et le potentiel d&#8217;attrait grandissant que repr\u00e9sentent peu \u00e0 peu les montagnes perses pour les amateurs de ski et de destinations insolites. Mona Seraji, Amir Raieszadeh et St\u00e9phane Rey [&hellip;]<\/p>\n","protected":false},"author":4,"featured_media":0,"comment_status":"open","ping_status":"open","sticky":false,"template":"","format":"standard","meta":{"footnotes":""},"categories":[182],"tags":[259,33,34,7,32,258,260,29,31],"class_list":["post-2270","post","type-post","status-publish","format-standard","hentry","category-presse","tag-amir-raieszadeh","tag-arnaud-cottet","tag-benoit-goncerut","tag-cause","tag-iran","tag-mona-seraji","tag-reto-gurtner","tag-wearethecause","tag-werideiniran"],"_links":{"self":[{"href":"https:\/\/cause.ch\/lab\/wp-json\/wp\/v2\/posts\/2270","targetHints":{"allow":["GET"]}}],"collection":[{"href":"https:\/\/cause.ch\/lab\/wp-json\/wp\/v2\/posts"}],"about":[{"href":"https:\/\/cause.ch\/lab\/wp-json\/wp\/v2\/types\/post"}],"author":[{"embeddable":true,"href":"https:\/\/cause.ch\/lab\/wp-json\/wp\/v2\/users\/4"}],"replies":[{"embeddable":true,"href":"https:\/\/cause.ch\/lab\/wp-json\/wp\/v2\/comments?post=2270"}],"version-history":[{"count":7,"href":"https:\/\/cause.ch\/lab\/wp-json\/wp\/v2\/posts\/2270\/revisions"}],"predecessor-version":[{"id":2321,"href":"https:\/\/cause.ch\/lab\/wp-json\/wp\/v2\/posts\/2270\/revisions\/2321"}],"wp:attachment":[{"href":"https:\/\/cause.ch\/lab\/wp-json\/wp\/v2\/media?parent=2270"}],"wp:term":[{"taxonomy":"category","embeddable":true,"href":"https:\/\/cause.ch\/lab\/wp-json\/wp\/v2\/categories?post=2270"},{"taxonomy":"post_tag","embeddable":true,"href":"https:\/\/cause.ch\/lab\/wp-json\/wp\/v2\/tags?post=2270"}],"curies":[{"name":"wp","href":"https:\/\/api.w.org\/{rel}","templated":true}]}}