{"id":2294,"date":"2016-01-25T15:32:00","date_gmt":"2016-01-25T14:32:00","guid":{"rendered":"http:\/\/cause.ch\/lab\/?p=2294"},"modified":"2016-02-02T15:41:47","modified_gmt":"2016-02-02T14:41:47","slug":"20minutes-25-01-16","status":"publish","type":"post","link":"https:\/\/cause.ch\/lab\/presse\/20minutes-25-01-16\/","title":{"rendered":"20minutes 25.01.16"},"content":{"rendered":"<div class=\"arx_pad_2 center_text\">\n<a href=\"http:\/\/cause.ch\/lab\/wp-content\/uploads\/2016\/02\/article-mona-werideiniran-\u00a920minutes-25.01.16.png\"><img loading=\"lazy\" decoding=\"async\" src=\"http:\/\/cause.ch\/lab\/wp-content\/uploads\/2016\/02\/article-mona-werideiniran-\u00a920minutes-25.01.16.png\" alt=\"article-mona-werideiniran-\u00a920minutes-25.01.16\" width=\"640\" height=\"1965\" class=\"alignnone size-full wp-image-2297\" srcset=\"https:\/\/cause.ch\/lab\/wp-content\/uploads\/2016\/02\/article-mona-werideiniran-\u00a920minutes-25.01.16.png 640w, https:\/\/cause.ch\/lab\/wp-content\/uploads\/2016\/02\/article-mona-werideiniran-\u00a920minutes-25.01.16-98x300.png 98w, https:\/\/cause.ch\/lab\/wp-content\/uploads\/2016\/02\/article-mona-werideiniran-\u00a920minutes-25.01.16-334x1024.png 334w\" sizes=\"auto, (max-width: 640px) 100vw, 640px\" \/><\/a>\n<\/div>\n<div class=\"arx_pad_2 center_text\">\n<a href=\"http:\/\/www.20min.ch\/ro\/sports\/lhiver\/story\/La-reine-iranienne-du-freeride-balaie-les-prejuges-30019579\"><img loading=\"lazy\" decoding=\"async\" src=\"http:\/\/cause.ch\/lab\/wp-content\/uploads\/2016\/02\/logo-\u00a920minutes.png\" alt=\"logo-\u00a920minutes\" width=\"92\" height=\"100\" class=\"alignnone size-full wp-image-2274\" \/><\/a>\n<\/div>\n<p class=\"arx_2_pages center_content arx_pad_2\">\nUn excellent article paru dans le <a href=\"http:\/\/www.20min.ch\/ro\/sports\/lhiver\/story\/La-reine-iranienne-du-freeride-balaie-les-prejuges-30019579\" target=\"_blank\">20minutes<\/a> papier et online du 25 janvier 2016 \u00e0 propos du s\u00e9jour europ\u00e9en de la freerideuse Mona Seraji avec un encadr\u00e9 en marge pr\u00e9sentant Arnaud Cottet et Beno\u00eet Goncerut, meneurs du projet <a href=\"http:\/\/www.werideiniran.com\/we\/\" target=\"_blank\">We Ride in Iran<\/a>.<\/p>\n","protected":false},"excerpt":{"rendered":"<p>Un excellent article paru dans le 20minutes papier et online du 25 janvier 2016 \u00e0 propos du s\u00e9jour europ\u00e9en de la freerideuse Mona Seraji avec un encadr\u00e9 en marge pr\u00e9sentant Arnaud Cottet et Beno\u00eet Goncerut, meneurs du projet We Ride in Iran.<\/p>\n","protected":false},"author":4,"featured_media":0,"comment_status":"open","ping_status":"open","sticky":false,"template":"","format":"standard","meta":{"footnotes":""},"categories":[182],"tags":[263,33,34,7,32,258,264,31],"class_list":["post-2294","post","type-post","status-publish","format-standard","hentry","category-presse","tag-20mintes","tag-arnaud-cottet","tag-benoit-goncerut","tag-cause","tag-iran","tag-mona-seraji","tag-werarethecause","tag-werideiniran"],"_links":{"self":[{"href":"https:\/\/cause.ch\/lab\/wp-json\/wp\/v2\/posts\/2294","targetHints":{"allow":["GET"]}}],"collection":[{"href":"https:\/\/cause.ch\/lab\/wp-json\/wp\/v2\/posts"}],"about":[{"href":"https:\/\/cause.ch\/lab\/wp-json\/wp\/v2\/types\/post"}],"author":[{"embeddable":true,"href":"https:\/\/cause.ch\/lab\/wp-json\/wp\/v2\/users\/4"}],"replies":[{"embeddable":true,"href":"https:\/\/cause.ch\/lab\/wp-json\/wp\/v2\/comments?post=2294"}],"version-history":[{"count":2,"href":"https:\/\/cause.ch\/lab\/wp-json\/wp\/v2\/posts\/2294\/revisions"}],"predecessor-version":[{"id":2299,"href":"https:\/\/cause.ch\/lab\/wp-json\/wp\/v2\/posts\/2294\/revisions\/2299"}],"wp:attachment":[{"href":"https:\/\/cause.ch\/lab\/wp-json\/wp\/v2\/media?parent=2294"}],"wp:term":[{"taxonomy":"category","embeddable":true,"href":"https:\/\/cause.ch\/lab\/wp-json\/wp\/v2\/categories?post=2294"},{"taxonomy":"post_tag","embeddable":true,"href":"https:\/\/cause.ch\/lab\/wp-json\/wp\/v2\/tags?post=2294"}],"curies":[{"name":"wp","href":"https:\/\/api.w.org\/{rel}","templated":true}]}}