{"id":2301,"date":"2016-01-25T18:22:40","date_gmt":"2016-01-25T17:22:40","guid":{"rendered":"http:\/\/cause.ch\/lab\/?p=2301"},"modified":"2016-02-04T19:04:36","modified_gmt":"2016-02-04T18:04:36","slug":"bundner-tagblatt-25-01-16","status":"publish","type":"post","link":"https:\/\/cause.ch\/lab\/presse\/bundner-tagblatt-25-01-16\/","title":{"rendered":"B\u00fcndner Tagblatt 25.01.16"},"content":{"rendered":"<div class=\"arx_pad_2 center_text\">\n<a href=\"http:\/\/www.suedostschweiz.ch\/zeitung?newspaper=sobt\"><img loading=\"lazy\" decoding=\"async\" src=\"http:\/\/cause.ch\/lab\/wp-content\/uploads\/2016\/02\/logo-\u00a9buendnertagblatt-2.png\" alt=\"logo-\u00a9buendnertagblatt-2\" width=\"608\" height=\"100\" class=\"alignnone size-full wp-image-2275\" srcset=\"https:\/\/cause.ch\/lab\/wp-content\/uploads\/2016\/02\/logo-\u00a9buendnertagblatt-2.png 608w, https:\/\/cause.ch\/lab\/wp-content\/uploads\/2016\/02\/logo-\u00a9buendnertagblatt-2-300x49.png 300w\" sizes=\"auto, (max-width: 608px) 100vw, 608px\" \/><\/a>\n<\/div>\n<div class=\"arx_pad_2 center_text\">\n<a href=\"http:\/\/cause.ch\/lab\/wp-content\/uploads\/2016\/02\/mona-seraji-werideiniran-\u00a9buendnertagblatt-25.01.16.png\"><img loading=\"lazy\" decoding=\"async\" src=\"http:\/\/cause.ch\/lab\/wp-content\/uploads\/2016\/02\/mona-seraji-werideiniran-\u00a9buendnertagblatt-25.01.16.png\" alt=\"mona-seraji-werideiniran-\u00a9buendnertagblatt-25.01.16\" width=\"1000\" height=\"748\" class=\"alignnone size-full wp-image-2278\" srcset=\"https:\/\/cause.ch\/lab\/wp-content\/uploads\/2016\/02\/mona-seraji-werideiniran-\u00a9buendnertagblatt-25.01.16.png 1000w, https:\/\/cause.ch\/lab\/wp-content\/uploads\/2016\/02\/mona-seraji-werideiniran-\u00a9buendnertagblatt-25.01.16-300x224.png 300w\" sizes=\"auto, (max-width: 1000px) 100vw, 1000px\" \/><\/a>\n<\/div>\n<p class=\"arx_2_pages center_content arx_pad_2\">\nLe quotidien grison <a href=\"http:\/\/www.suedostschweiz.ch\/zeitung?newspaper=sobt\" target=\"_blank\">B\u00fcndner Tagblatt<\/a> consacre une page dans son \u00e9dition du 25 janvier 2016 \u00e0 la rencontre cordiale entre deux repr\u00e9sentants charismatiques du freeride iranien, Mona Seraji et Amir Raieszadeh, et deux personnalit\u00e9s phares du domaine de <a href=\"http:\/\/www.laax.com\/fr\/endroit\/\" target=\"_blank\">Laax<\/a>, Reto Gurtner (directeur de la station) et Andr\u00e9 Gisler (directeur du toursime), avec la pr\u00e9sence de St\u00e9phane Rey, chef de mission \u00e0 l&#8217;ambassade suisse de T\u00e9h\u00e9ran, \u00e0 l&#8217;occasion de le la tenue du <a href=\"http:\/\/open.laax.com\/en\/welcome\/\" target=\"_blank\">Laax-Open 2016<\/a>. L&#8217;article mentionne notamment l&#8217;implication cruciale de Beno\u00eet Goncerut et Arnaud Cottet via leurs activit\u00e9s au nom du projet <a href=\"http:\/\/www.werideiniran.com\/we\/\" target=\"_blank\">We Ride in Iran<\/a>.<\/p>\n","protected":false},"excerpt":{"rendered":"<p>Le quotidien grison B\u00fcndner Tagblatt consacre une page dans son \u00e9dition du 25 janvier 2016 \u00e0 la rencontre cordiale entre deux repr\u00e9sentants charismatiques du freeride iranien, Mona Seraji et Amir Raieszadeh, et deux personnalit\u00e9s phares du domaine de Laax, Reto Gurtner (directeur de la station) et Andr\u00e9 Gisler (directeur du toursime), avec la pr\u00e9sence de [&hellip;]<\/p>\n","protected":false},"author":4,"featured_media":0,"comment_status":"open","ping_status":"open","sticky":false,"template":"","format":"standard","meta":{"footnotes":""},"categories":[182],"tags":[259,265,33,34,7,40,32,267,266,260,71,269,268,31],"class_list":["post-2301","post","type-post","status-publish","format-standard","hentry","category-presse","tag-amir-raieszadeh","tag-andre-gisler","tag-arnaud-cottet","tag-benoit-goncerut","tag-cause","tag-freeride","tag-iran","tag-laax","tag-mon-seraji","tag-reto-gurtner","tag-snowboard","tag-stephane-rey","tag-wearethecuse","tag-werideiniran"],"_links":{"self":[{"href":"https:\/\/cause.ch\/lab\/wp-json\/wp\/v2\/posts\/2301","targetHints":{"allow":["GET"]}}],"collection":[{"href":"https:\/\/cause.ch\/lab\/wp-json\/wp\/v2\/posts"}],"about":[{"href":"https:\/\/cause.ch\/lab\/wp-json\/wp\/v2\/types\/post"}],"author":[{"embeddable":true,"href":"https:\/\/cause.ch\/lab\/wp-json\/wp\/v2\/users\/4"}],"replies":[{"embeddable":true,"href":"https:\/\/cause.ch\/lab\/wp-json\/wp\/v2\/comments?post=2301"}],"version-history":[{"count":4,"href":"https:\/\/cause.ch\/lab\/wp-json\/wp\/v2\/posts\/2301\/revisions"}],"predecessor-version":[{"id":2373,"href":"https:\/\/cause.ch\/lab\/wp-json\/wp\/v2\/posts\/2301\/revisions\/2373"}],"wp:attachment":[{"href":"https:\/\/cause.ch\/lab\/wp-json\/wp\/v2\/media?parent=2301"}],"wp:term":[{"taxonomy":"category","embeddable":true,"href":"https:\/\/cause.ch\/lab\/wp-json\/wp\/v2\/categories?post=2301"},{"taxonomy":"post_tag","embeddable":true,"href":"https:\/\/cause.ch\/lab\/wp-json\/wp\/v2\/tags?post=2301"}],"curies":[{"name":"wp","href":"https:\/\/api.w.org\/{rel}","templated":true}]}}