{"id":2313,"date":"2016-01-23T15:50:02","date_gmt":"2016-01-23T14:50:02","guid":{"rendered":"http:\/\/cause.ch\/lab\/?p=2313"},"modified":"2016-02-13T15:12:05","modified_gmt":"2016-02-13T14:12:05","slug":"radiotelevisiun-svizra-rumantscha-23-01-16","status":"publish","type":"post","link":"https:\/\/cause.ch\/lab\/presse\/radiotelevisiun-svizra-rumantscha-23-01-16\/","title":{"rendered":"Radiotelevisiun Svizra Rumantscha 23.01.16"},"content":{"rendered":"<div class=\"arx_pad_2 center_text\">\n<a href=\"www.rtr.ch\/play\/tv\/actualitad-video\/video\/mona-seraji-ina-snowboardista-da-liran-sin-visita-a-laax?id=85a47da9-49d1-4cfc-ad9e-40155e9bea02\" target=\"_blank\"><img loading=\"lazy\" decoding=\"async\" src=\"http:\/\/cause.ch\/lab\/wp-content\/uploads\/2016\/02\/mona-seraji-\u00a9rtr-23.01.16.png\" alt=\"mona-seraji-\u00a9rtr-23.01.16\" width=\"1280\" height=\"800\" class=\"alignnone size-full wp-image-2314\" srcset=\"https:\/\/cause.ch\/lab\/wp-content\/uploads\/2016\/02\/mona-seraji-\u00a9rtr-23.01.16.png 1280w, https:\/\/cause.ch\/lab\/wp-content\/uploads\/2016\/02\/mona-seraji-\u00a9rtr-23.01.16-300x188.png 300w, https:\/\/cause.ch\/lab\/wp-content\/uploads\/2016\/02\/mona-seraji-\u00a9rtr-23.01.16-1024x640.png 1024w\" sizes=\"auto, (max-width: 1280px) 100vw, 1280px\" \/><\/a>\n<\/div>\n<div class=\"arx_pad_2 center_text\">\n<a href=\"www.rtr.ch\/play\/tv\/actualitad-video\/video\/mona-seraji-ina-snowboardista-da-liran-sin-visita-a-laax?id=85a47da9-49d1-4cfc-ad9e-40155e9bea02\" target=\"_blank\"><img loading=\"lazy\" decoding=\"async\" src=\"http:\/\/cause.ch\/lab\/wp-content\/uploads\/2016\/02\/logo-\u00a9RTR.svg_-300x77.png\" alt=\"logo-\u00a9RTR.svg\" width=\"300\" height=\"77\" class=\"alignnone size-medium wp-image-2315\" srcset=\"https:\/\/cause.ch\/lab\/wp-content\/uploads\/2016\/02\/logo-\u00a9RTR.svg_-300x77.png 300w, https:\/\/cause.ch\/lab\/wp-content\/uploads\/2016\/02\/logo-\u00a9RTR.svg_.png 440w\" sizes=\"auto, (max-width: 300px) 100vw, 300px\" \/><\/a>\n<\/div>\n<p class=\"arx_2_pages center_content arx_pad_0\">\nLa site internet romanche <a href=\"http:\/\/www.rtr.ch\/play\/tv\/actualitad-video\/video\/mona-seraji-ina-snowboardista-da-liran-sin-visita-a-laax?id=85a47da9-49d1-4cfc-ad9e-40155e9bea02\" target=\"_blank\">RTR<\/a> de la Radio T\u00e9l\u00e9vision Suisse pr\u00e9sente un petit portrait de la rideuse iranienne Mona Seraji au cours sa visite parmi les sommets grisons \u00e0 l&#8217;occasion de l&#8217;<a href=\"http:\/\/open.laax.com\/en\/welcome\/\" target=\"_blank\">open international<\/a> de freestyle de <a href=\"http:\/\/www.laax.com\/fr\/endroit\/\" target=\"_blank\">Laax<\/a>.\n<\/p>\n<p class=\"arx_2_pages center_content arx_pad_0\">\nLes commentaires de la souriante snowboardeuse encourage certaines g\u00e9n\u00e9ralisations abusives \u00e0 reconsid\u00e9rer leurs regards sur sa terre d&#8217;origine. Elle raconte l&#8217;existence de communaut\u00e9s de passionn\u00e9s de montagne actives au sein d&#8217;une contr\u00e9e abondant de hauts reliefs \u00e0 peine explor\u00e9s \u00e0 ce jour.\n<\/p>\n<p class=\"arx_2_pages center_content arx_pad_0\">\nLa sc\u00e8ne d&#8217;interview c\u00e8de bri\u00e8vement \u00e0 quelques s\u00e9quences vid\u00e9os emprunt\u00e9es au site du projet <a href=\"http:\/\/www.werideiniran.com\/we\/\" target=\"_blank\">We Ride in Iran<\/a>, d\u00e9velopp\u00e9 par Benoit Goncerut et Arnaud Cottet, tous deux en cause du s\u00e9jour en Europe de la jeune Mona.\n<\/p>\n<p class=\"arx_2_pages center_content arx_pad_2\">\nFace au niveaux de progr\u00e8s en moyens, technologies et popularit\u00e9 de la glisse en Suisse, Mona fait parler sa foi quant \u00e0 la possibilit\u00e9 d&#8217;un pareil engouement dans son propre pays, et son espoir de peut-\u00eatre assister \u00e0 une pr\u00e9sence iranienne dans sa discipline aux jeux olympiques d&#8217;un futur prochain.<\/p>\n","protected":false},"excerpt":{"rendered":"<p>La site internet romanche RTR de la Radio T\u00e9l\u00e9vision Suisse pr\u00e9sente un petit portrait de la rideuse iranienne Mona Seraji au cours sa visite parmi les sommets grisons \u00e0 l&#8217;occasion de l&#8217;open international de freestyle de Laax. Les commentaires de la souriante snowboardeuse encourage certaines g\u00e9n\u00e9ralisations abusives \u00e0 reconsid\u00e9rer leurs regards sur sa terre d&#8217;origine. [&hellip;]<\/p>\n","protected":false},"author":4,"featured_media":0,"comment_status":"open","ping_status":"open","sticky":false,"template":"","format":"standard","meta":{"footnotes":""},"categories":[182],"tags":[33,34,7,32,267,266,270,29,31],"class_list":["post-2313","post","type-post","status-publish","format-standard","hentry","category-presse","tag-arnaud-cottet","tag-benoit-goncerut","tag-cause","tag-iran","tag-laax","tag-mon-seraji","tag-rtr","tag-wearethecause","tag-werideiniran"],"_links":{"self":[{"href":"https:\/\/cause.ch\/lab\/wp-json\/wp\/v2\/posts\/2313","targetHints":{"allow":["GET"]}}],"collection":[{"href":"https:\/\/cause.ch\/lab\/wp-json\/wp\/v2\/posts"}],"about":[{"href":"https:\/\/cause.ch\/lab\/wp-json\/wp\/v2\/types\/post"}],"author":[{"embeddable":true,"href":"https:\/\/cause.ch\/lab\/wp-json\/wp\/v2\/users\/4"}],"replies":[{"embeddable":true,"href":"https:\/\/cause.ch\/lab\/wp-json\/wp\/v2\/comments?post=2313"}],"version-history":[{"count":5,"href":"https:\/\/cause.ch\/lab\/wp-json\/wp\/v2\/posts\/2313\/revisions"}],"predecessor-version":[{"id":2320,"href":"https:\/\/cause.ch\/lab\/wp-json\/wp\/v2\/posts\/2313\/revisions\/2320"}],"wp:attachment":[{"href":"https:\/\/cause.ch\/lab\/wp-json\/wp\/v2\/media?parent=2313"}],"wp:term":[{"taxonomy":"category","embeddable":true,"href":"https:\/\/cause.ch\/lab\/wp-json\/wp\/v2\/categories?post=2313"},{"taxonomy":"post_tag","embeddable":true,"href":"https:\/\/cause.ch\/lab\/wp-json\/wp\/v2\/tags?post=2313"}],"curies":[{"name":"wp","href":"https:\/\/api.w.org\/{rel}","templated":true}]}}