{"id":2322,"date":"2016-02-29T20:50:44","date_gmt":"2016-02-29T19:50:44","guid":{"rendered":"http:\/\/cause.ch\/lab\/?p=2322"},"modified":"2016-02-29T22:05:01","modified_gmt":"2016-02-29T21:05:01","slug":"fabe-gryphin-usine-a-gaz","status":"publish","type":"post","link":"https:\/\/cause.ch\/lab\/we-are-the-cause\/fabe-gryphin-usine-a-gaz\/","title":{"rendered":"Fabe Gryphin @ Usine \u00e0 Gaz"},"content":{"rendered":"<div class=\"arx_pad_2 center_text\">\n<a href=\"https:\/\/www.facebook.com\/events\/1497262480582071\/\" target=\"_blank\"><img loading=\"lazy\" decoding=\"async\" src=\"http:\/\/cause.ch\/lab\/wp-content\/uploads\/2016\/02\/affiche-vernissage-\u00a9fabe-gryphin-2016-1024x379.jpg\" alt=\"affiche-vernissage-\u00a9fabe-gryphin-2016\" width=\"1024\" height=\"379\" class=\"alignnone size-large wp-image-2323\" srcset=\"https:\/\/cause.ch\/lab\/wp-content\/uploads\/2016\/02\/affiche-vernissage-\u00a9fabe-gryphin-2016-1024x379.jpg 1024w, https:\/\/cause.ch\/lab\/wp-content\/uploads\/2016\/02\/affiche-vernissage-\u00a9fabe-gryphin-2016-300x111.jpg 300w, https:\/\/cause.ch\/lab\/wp-content\/uploads\/2016\/02\/affiche-vernissage-\u00a9fabe-gryphin-2016.jpg 2048w\" sizes=\"auto, (max-width: 1024px) 100vw, 1024px\" \/><\/a>\n<\/div>\n<p class=\"arx_0 center_content arx_pad_1\">\n\u00c9v\u00e8nement: <b><a href=\"https:\/\/www.facebook.com\/events\/1497262480582071\/\" target=\"_blank\">Caf\u00e9-Concert &#038; Vernissage<\/a><\/b><br \/>\nArtiste: <b>Fabe Gryphin<\/b><br \/>\nAlbum: <b>Summer X Time<\/b>\n<\/p>\n<div class=\"arx_pad_1 center_text\">\n<a href=\"http:\/\/www.fabegryphin.com\/\" target=\"_blank\"><img loading=\"lazy\" decoding=\"async\" src=\"http:\/\/cause.ch\/lab\/wp-content\/uploads\/2016\/02\/summer-x-time-logo-\u00a9fabe-gryphin-2016.jpg\" alt=\"summer-x-time-logo-\u00a9fabe-gryphin-2016\" width=\"120\" height=\"160\" class=\"alignnone size-full wp-image-2327\" \/><\/a>\n<\/div>\n<p class=\"center_content arx_pad_2 arx_2_pages\">\nLaissez tomber tous vos projets pour venir vibrer aux flows radicaux de notre cousin <a href=\"http:\/\/www.fabegryphin.com\/\" target=\"_blank\">Fabe Gryphin<\/a>, qui nous l\u00e2chera enfin ce vendredi la bombe tant attendue de son premier album <i>Summer X Time<\/i>, lors de ce qui promet d&#8217;\u00eatre une <a href=\"https:\/\/www.facebook.com\/events\/1497262480582071\/\" target=\"_blank\">soir\u00e9e de folie<\/a> \u00e0 l&#8217;<a href=\"http:\/\/www.usineagaz.ch\/\" target=\"_blank\">Usine \u00e0 Gaz de Nyon<\/a>. Accompagn\u00e9 de son crew de musiciens du groupe <i>Street &#038; Flower<\/i>, l&#8217;artiste aux multiples talents et facettes vient mettre le feu sur la sc\u00e8ne de ses d\u00e9buts, pour la plus grande joie du public de sa ville d&#8217;origine. Sur les ondes d&#8217;une ambiance m\u00ealant hip-hop, jazz, indie rock et pop, Fabe laissera couler \u00e0 flots les mots et les airs de sa voix claire et fluide pour enivrer la foule d&#8217;une performance d\u00e9chirante. Portes 21h. <b>Entr\u00e9e libre<\/b>. Sensations garanties.<\/p>\n","protected":false},"excerpt":{"rendered":"<p>\u00c9v\u00e8nement: Caf\u00e9-Concert &#038; Vernissage Artiste: Fabe Gryphin Album: Summer X Time Laissez tomber tous vos projets pour venir vibrer aux flows radicaux de notre cousin Fabe Gryphin, qui nous l\u00e2chera enfin ce vendredi la bombe tant attendue de son premier album Summer X Time, lors de ce qui promet d&#8217;\u00eatre une soir\u00e9e de folie \u00e0 [&hellip;]<\/p>\n","protected":false},"author":4,"featured_media":0,"comment_status":"open","ping_status":"open","sticky":false,"template":"","format":"standard","meta":{"footnotes":""},"categories":[1],"tags":[7,84,274,90,272,273,271,29],"class_list":["post-2322","post","type-post","status-publish","format-standard","hentry","category-we-are-the-cause","tag-cause","tag-fabe-gryphin","tag-fabien-chollet","tag-nyon","tag-street-flower","tag-summer-x-time","tag-usine-a-gaz","tag-wearethecause"],"_links":{"self":[{"href":"https:\/\/cause.ch\/lab\/wp-json\/wp\/v2\/posts\/2322","targetHints":{"allow":["GET"]}}],"collection":[{"href":"https:\/\/cause.ch\/lab\/wp-json\/wp\/v2\/posts"}],"about":[{"href":"https:\/\/cause.ch\/lab\/wp-json\/wp\/v2\/types\/post"}],"author":[{"embeddable":true,"href":"https:\/\/cause.ch\/lab\/wp-json\/wp\/v2\/users\/4"}],"replies":[{"embeddable":true,"href":"https:\/\/cause.ch\/lab\/wp-json\/wp\/v2\/comments?post=2322"}],"version-history":[{"count":8,"href":"https:\/\/cause.ch\/lab\/wp-json\/wp\/v2\/posts\/2322\/revisions"}],"predecessor-version":[{"id":2333,"href":"https:\/\/cause.ch\/lab\/wp-json\/wp\/v2\/posts\/2322\/revisions\/2333"}],"wp:attachment":[{"href":"https:\/\/cause.ch\/lab\/wp-json\/wp\/v2\/media?parent=2322"}],"wp:term":[{"taxonomy":"category","embeddable":true,"href":"https:\/\/cause.ch\/lab\/wp-json\/wp\/v2\/categories?post=2322"},{"taxonomy":"post_tag","embeddable":true,"href":"https:\/\/cause.ch\/lab\/wp-json\/wp\/v2\/tags?post=2322"}],"curies":[{"name":"wp","href":"https:\/\/api.w.org\/{rel}","templated":true}]}}