{"id":2334,"date":"2016-04-19T13:54:50","date_gmt":"2016-04-19T11:54:50","guid":{"rendered":"http:\/\/cause.ch\/lab\/?p=2334"},"modified":"2016-04-22T16:45:06","modified_gmt":"2016-04-22T14:45:06","slug":"faust-video-premiere","status":"publish","type":"post","link":"https:\/\/cause.ch\/lab\/we-are-the-cause\/faust-video-premiere\/","title":{"rendered":"Faust Video Premiere"},"content":{"rendered":"<div class=\"arx_pad_2 center_text\">\n<iframe loading=\"lazy\" src=\"https:\/\/player.vimeo.com\/video\/160107981?color=cfb13c&#038;title=0&#038;byline=0&#038;portrait=0\" width=\"640\" height=\"469\" frameborder=\"0\" webkitallowfullscreen mozallowfullscreen allowfullscreen><\/iframe>\n<\/div>\n<p class=\"arx_0 center_content arx_pad_2\">\n\u00c9v\u00e8nement: <b><a href=\"https:\/\/www.facebook.com\/events\/580696305439634\/\" target=\"_blank\">Projection \/ Comp\u00e9tition \/ After-Party <\/a><\/b><br \/>\nOrganisation: <b><a href=\"http:\/\/faustskateco.com\/\" target=\"_blank\">FAUST SKATE CO<\/a><\/b>\n<\/p>\n<div class=\"arx_pad_2 center_text\">\n<a href=\"http:\/\/faustskateco.com\/\" target=\"_blank\"><img loading=\"lazy\" decoding=\"async\" src=\"http:\/\/cause.ch\/lab\/wp-content\/uploads\/2016\/04\/logo_faust_bigcartel-\u00a9faust-2016-244x300.jpg\" alt=\"logo_faust_bigcartel-\u00a9faust-2016\" width=\"150\" height=\"300\" class=\"alignnone size-medium wp-image-2338\" \/><\/a>\n<\/div>\n<p class=\"center_content arx_pad_1 arx_2_pages\">\nPour r\u00e9pondre avec vigueur aux inspirations port\u00e9es par la tomb\u00e9e du printemps, le QG de Cause accueille ce weekend un \u00e9v\u00e8nement de communion mystique autour de la <a href=\"https:\/\/www.facebook.com\/events\/580696305439634\/\" target=\"_blank\">pr\u00e9sentation<\/a> de la premi\u00e8re vid\u00e9o \u00e0 para\u00eetre par la crew de savants fous de la <a href=\"http:\/\/faustskateco.com\/\" target=\"_blank\">Faust Skate Company<\/a>.\n<\/p>\n<p class=\"center_content arx_pad_1 arx_2_pages\">\nUnissez vous \u00e0 la liesse de cette cabale \u00e0 roulettes, v\u00e9ritable sabbat de street-sorcellerie, ce samedi d\u00e8s 15:00, pour chiller autour de verres et en-cas en attendant la projection \u00e0 21:00 du projet audio-visuel in\u00e9dit de la marque ind\u00e9pendante.\n<\/p>\n<p class=\"center_content arx_pad_1 arx_2_pages\">\nLes adeptes se muniront aussi de leur panoplie h\u00e9r\u00e9tique en pr\u00e9voyant de claquer des tricks &#038; grinds de satanas dans le cadre d&#8217;une vari\u00e9t\u00e9 de contests de skate organis\u00e9s durant tout le d\u00e9roulement de l&#8217;apr\u00e8s-midi. <\/p>\n<p class=\"center_content arx_pad_1 arx_2_pages\">\nLe hangar \u00e9volutif de la Ballasti\u00e8re se parera une nouvelle fois d&#8217;un d\u00e9cor exquis, avec coin salon et bar-lounge luxuriant, s&#8217;ouvrant surtout sur une \u00e9norme mini-rampe fa\u00e7onn\u00e9e expr\u00e8s pour l&#8217;\u00e9dition, entour\u00e9e de fi\u00e8res parois exposant une r\u00e9trospective de toutes les decks Faust originales depuis 2013.\n<\/p>\n<p class=\"center_content arx_pad_2 arx_2_pages\">\nEnfin, la transe collective atteindra son apoth\u00e9ose en terme de soir\u00e9e, sous les incantations et beats de hip-hop effr\u00e9n\u00e9, et ce jusqu&#8217;\u00e0 2:00 du matin pour les plus poss\u00e9d\u00e9s.\n<\/p>\n<div class=\"arx_pad_2 center_text\">\n<a href=\"http:\/\/faustskateco.com\/\"><img loading=\"lazy\" decoding=\"async\" src=\"http:\/\/cause.ch\/lab\/wp-content\/uploads\/2016\/04\/faust-logo-2-\u00a9faust-2016.jpg\" alt=\"faust-logo-2-\u00a9faust-2016\" width=\"150\" height=\"129\" class=\"alignnone size-full wp-image-2342\" \/><\/a>\n<\/div>\n<p class=\"arx_1 center_text arx_pad_1\">\n<b>Entr\u00e9e libre \/ Bonne bouffe \/ Boissons et bi\u00e8res peu ch\u00e8res!<b>\n<\/p>\n<p class=\"arx_1 center_text arx_pad_2\">\nAdresse:<br \/>\n<b>CAUSE \/\/ Route de Nyon 48, 1196 Gland, Switzerland<\/b><br \/>\n<i>Depuis la gare de Gland, c\u00f4t\u00e9 nord, suivez les rails pendant 600m en direction de Genf.<\/i>\n<\/p>\n<div class=\"arx_pad_2 center_text\">\n<a href=\"http:\/\/cause.ch\/lab\/wp-content\/uploads\/2016\/04\/faust-video-premiere-\u00a9cause-2016.jpg\"><img loading=\"lazy\" decoding=\"async\" src=\"http:\/\/cause.ch\/lab\/wp-content\/uploads\/2016\/04\/faust-video-premiere-\u00a9cause-2016-1024x768.jpg\" alt=\"faust-video-premiere-\u00a9cause-2016\" width=\"1024\" height=\"768\" class=\"alignnone size-large wp-image-2335\" srcset=\"https:\/\/cause.ch\/lab\/wp-content\/uploads\/2016\/04\/faust-video-premiere-\u00a9cause-2016-1024x768.jpg 1024w, https:\/\/cause.ch\/lab\/wp-content\/uploads\/2016\/04\/faust-video-premiere-\u00a9cause-2016-300x225.jpg 300w, https:\/\/cause.ch\/lab\/wp-content\/uploads\/2016\/04\/faust-video-premiere-\u00a9cause-2016.jpg 1600w\" sizes=\"auto, (max-width: 1024px) 100vw, 1024px\" \/><\/a>\n<\/div>\n","protected":false},"excerpt":{"rendered":"<p>\u00c9v\u00e8nement: Projection \/ Comp\u00e9tition \/ After-Party Organisation: FAUST SKATE CO Pour r\u00e9pondre avec vigueur aux inspirations port\u00e9es par la tomb\u00e9e du printemps, le QG de Cause accueille ce weekend un \u00e9v\u00e8nement de communion mystique autour de la pr\u00e9sentation de la premi\u00e8re vid\u00e9o \u00e0 para\u00eetre par la crew de savants fous de la Faust Skate Company. [&hellip;]<\/p>\n","protected":false},"author":4,"featured_media":0,"comment_status":"open","ping_status":"open","sticky":false,"template":"","format":"standard","meta":{"footnotes":""},"categories":[1],"tags":[275,194,7,276,135,91,107,202,277,93,29],"class_list":["post-2334","post","type-post","status-publish","format-standard","hentry","category-we-are-the-cause","tag-275","tag-ballastiere","tag-cause","tag-contest","tag-event","tag-faust","tag-film","tag-gland","tag-projection","tag-skate","tag-wearethecause"],"_links":{"self":[{"href":"https:\/\/cause.ch\/lab\/wp-json\/wp\/v2\/posts\/2334","targetHints":{"allow":["GET"]}}],"collection":[{"href":"https:\/\/cause.ch\/lab\/wp-json\/wp\/v2\/posts"}],"about":[{"href":"https:\/\/cause.ch\/lab\/wp-json\/wp\/v2\/types\/post"}],"author":[{"embeddable":true,"href":"https:\/\/cause.ch\/lab\/wp-json\/wp\/v2\/users\/4"}],"replies":[{"embeddable":true,"href":"https:\/\/cause.ch\/lab\/wp-json\/wp\/v2\/comments?post=2334"}],"version-history":[{"count":12,"href":"https:\/\/cause.ch\/lab\/wp-json\/wp\/v2\/posts\/2334\/revisions"}],"predecessor-version":[{"id":2345,"href":"https:\/\/cause.ch\/lab\/wp-json\/wp\/v2\/posts\/2334\/revisions\/2345"}],"wp:attachment":[{"href":"https:\/\/cause.ch\/lab\/wp-json\/wp\/v2\/media?parent=2334"}],"wp:term":[{"taxonomy":"category","embeddable":true,"href":"https:\/\/cause.ch\/lab\/wp-json\/wp\/v2\/categories?post=2334"},{"taxonomy":"post_tag","embeddable":true,"href":"https:\/\/cause.ch\/lab\/wp-json\/wp\/v2\/tags?post=2334"}],"curies":[{"name":"wp","href":"https:\/\/api.w.org\/{rel}","templated":true}]}}