{"id":2366,"date":"2016-05-03T14:31:56","date_gmt":"2016-05-03T12:31:56","guid":{"rendered":"http:\/\/cause.ch\/lab\/?p=2366"},"modified":"2016-05-03T14:33:40","modified_gmt":"2016-05-03T12:33:40","slug":"ils-rident-en-iran-la-premiere-26-04-2016","status":"publish","type":"post","link":"https:\/\/cause.ch\/lab\/presse\/ils-rident-en-iran-la-premiere-26-04-2016\/","title":{"rendered":"Ils &#8220;rident&#8221; en Iran &#8211; la Premiere &#8211; 26.04.2016"},"content":{"rendered":"<div class=\"arx_pad_2 center_text\">\n<a href=\"http:\/\/www.werideiniran.com\/we\/\" target=\"_blank\"><img loading=\"lazy\" decoding=\"async\" src=\"http:\/\/cause.ch\/lab\/wp-content\/uploads\/2016\/05\/werideiniran-logo-\u00a9cause2016.jpg\" alt=\"werideiniran-logo-\u00a9cause2016\" width=\"400\" height=\"585\" class=\"alignnone size-full wp-image-2367\" \/><\/a>\n<\/div>\n<p class=\"arx_2_pages arx_pad_2\">\nC&#8217;est pass\u00e9 sur les ondes de <a href=\"http:\/\/www.rts.ch\/la-1ere\/programmes\/\" target=\"_blank\">la Premi\u00e8re<\/a> dans l&#8217;apr\u00e8s midi du 26 avril 2016: Madeleine Caboche tendait la parole \u00e0 Arnaud Cottet et Beno\u00eet Goncerut dans le cadre de son \u00e9mission <a href=\"http:\/\/www.rts.ch\/la-1ere\/programmes\/detours\/\" target=\"_blank\">D\u00e9tours<\/a>. Sur le ton cool et pos\u00e9 qu&#8217;on lui connait, tr\u00e8s d\u00e9contract\u00e9, notre duo d&#8217;agents nomades relate une vision compl\u00e8te de leur aventure iranienne: origines, contexte, actualit\u00e9 et futur du projet <a href=\"http:\/\/cause.ch\/lab\/portfolio\/we-ride-in-iran\/\">We Ride in Iran<\/a>, si riche en d\u00e9couvertes, fort en sensations et g\u00e9n\u00e9reux en exp\u00e9riences humaines. Si vous l&#8217;avez manqu\u00e9 ce jour-l\u00e0, le revoici pour vous: l&#8217;interview disponible en r\u00e9\u00e9coute dans son int\u00e9gralit\u00e9, \u00e0 appr\u00e9cier sans plus tarder!\n<\/p>\n<div class=\"arx_pad_2 center_content\">\n<a href=\"http:\/\/www.rts.ch\/la-1ere\/programmes\/detours\/7641279-ils-rident-en-iran-26-04-2016.html?f=player\/popup\" target=\"_blank\"><img loading=\"lazy\" decoding=\"async\" src=\"http:\/\/cause.ch\/lab\/wp-content\/uploads\/2014\/05\/logo-lapremiere-\u00a9rts.png\" alt=\"logo-lapremiere-\u00a9rts\" width=\"150\" height=\"180\" class=\"alignnone size-full wp-image-2365\" \/><\/a><\/p>\n","protected":false},"excerpt":{"rendered":"<p>C&#8217;est pass\u00e9 sur les ondes de la Premi\u00e8re dans l&#8217;apr\u00e8s midi du 26 avril 2016: Madeleine Caboche tendait la parole \u00e0 Arnaud Cottet et Beno\u00eet Goncerut dans le cadre de son \u00e9mission D\u00e9tours. Sur le ton cool et pos\u00e9 qu&#8217;on lui connait, tr\u00e8s d\u00e9contract\u00e9, notre duo d&#8217;agents nomades relate une vision compl\u00e8te de leur aventure [&hellip;]<\/p>\n","protected":false},"author":4,"featured_media":0,"comment_status":"open","ping_status":"open","sticky":false,"template":"","format":"standard","meta":{"footnotes":""},"categories":[182],"tags":[33,34,7,280,283,32,281,279,158,282,70,29,278],"class_list":["post-2366","post","type-post","status-publish","format-standard","hentry","category-presse","tag-arnaud-cottet","tag-benoit-goncerut","tag-cause","tag-detours","tag-interview","tag-iran","tag-la-premiere","tag-madelein-caboche","tag-radio","tag-rts","tag-ski","tag-wearethecause","tag-werideinrian"],"_links":{"self":[{"href":"https:\/\/cause.ch\/lab\/wp-json\/wp\/v2\/posts\/2366","targetHints":{"allow":["GET"]}}],"collection":[{"href":"https:\/\/cause.ch\/lab\/wp-json\/wp\/v2\/posts"}],"about":[{"href":"https:\/\/cause.ch\/lab\/wp-json\/wp\/v2\/types\/post"}],"author":[{"embeddable":true,"href":"https:\/\/cause.ch\/lab\/wp-json\/wp\/v2\/users\/4"}],"replies":[{"embeddable":true,"href":"https:\/\/cause.ch\/lab\/wp-json\/wp\/v2\/comments?post=2366"}],"version-history":[{"count":5,"href":"https:\/\/cause.ch\/lab\/wp-json\/wp\/v2\/posts\/2366\/revisions"}],"predecessor-version":[{"id":2372,"href":"https:\/\/cause.ch\/lab\/wp-json\/wp\/v2\/posts\/2366\/revisions\/2372"}],"wp:attachment":[{"href":"https:\/\/cause.ch\/lab\/wp-json\/wp\/v2\/media?parent=2366"}],"wp:term":[{"taxonomy":"category","embeddable":true,"href":"https:\/\/cause.ch\/lab\/wp-json\/wp\/v2\/categories?post=2366"},{"taxonomy":"post_tag","embeddable":true,"href":"https:\/\/cause.ch\/lab\/wp-json\/wp\/v2\/tags?post=2366"}],"curies":[{"name":"wp","href":"https:\/\/api.w.org\/{rel}","templated":true}]}}