{"id":2395,"date":"2016-07-28T20:20:37","date_gmt":"2016-07-28T18:20:37","guid":{"rendered":"http:\/\/cause.ch\/lab\/?p=2395"},"modified":"2017-09-04T17:05:59","modified_gmt":"2017-09-04T15:05:59","slug":"lost-exile-festival-del-film-locarno-2016","status":"publish","type":"post","link":"https:\/\/cause.ch\/lab\/we-are-the-cause\/lost-exile-festival-del-film-locarno-2016\/","title":{"rendered":"Lost Exile @ Festival del Film Locarno 2016"},"content":{"rendered":"<div class=\"arx_pad_2 center_text\">\n<a href=\"http:\/\/cause.ch\/lab\/wp-content\/uploads\/2016\/07\/lost_exile_fisnik_maxhuni_locarno.jpg\"><img loading=\"lazy\" decoding=\"async\" src=\"http:\/\/cause.ch\/lab\/wp-content\/uploads\/2016\/07\/lost_exile_fisnik_maxhuni_locarno.jpg\" alt=\"lost_exile_fisnik_maxhuni_locarno\" width=\"1458\" height=\"2048\" class=\"alignnone size-full wp-image-2396\" srcset=\"https:\/\/cause.ch\/lab\/wp-content\/uploads\/2016\/07\/lost_exile_fisnik_maxhuni_locarno.jpg 1458w, https:\/\/cause.ch\/lab\/wp-content\/uploads\/2016\/07\/lost_exile_fisnik_maxhuni_locarno-214x300.jpg 214w, https:\/\/cause.ch\/lab\/wp-content\/uploads\/2016\/07\/lost_exile_fisnik_maxhuni_locarno-729x1024.jpg 729w\" sizes=\"auto, (max-width: 1458px) 100vw, 1458px\" \/><\/a>\n<\/div>\n<p class=\"arx_0 center_content arx_pad_2\">\n\u00c9v\u00e8nement: <b>Avant-Premi\u00e8re du Film <a href=\"http:\/\/www.pardolive.ch\/fr\/pardo\/program\/film.html?fid=892299&#038;eid=69\" target=\"_blank\">Lost Exile<\/a><\/b><br \/>\nR\u00e9alis\u00e9 par: <b><a href=\"http:\/\/www.swissfilms.ch\/fr\/film_search\/filmdetails\/-\/id_person\/2146179043\" target=\"_blank\">Fisnik Maxhuni<\/a><\/b><br \/>\nContexte: <b><a href=\"http:\/\/www.pardolive.ch\/fr\/pardo\/festival-del-film-locarno\/home.html\" target=\"_blank\">69\u00b0 Festival International du Film de Locarno<\/a><\/b>\n<\/p>\n<p class=\"center_content arx_pad_1 arx_2_pages\">\n<i>&#8220;Pour rembourser ses dettes, Emir, p\u00e8re de famille, travaille pour la p\u00e8gre locale comme passeur entre la Serbie et la Hongrie. Un jour, il fait la connaissance d\u2019Hana, qui fuit le Kosovo et un mariage arrang\u00e9 et qui lui demande de l\u2019aider \u00e0 passer la fronti\u00e8re. Mais Ince, le chef du gang pour qui travaille Emir, ne voit en elle qu\u2019une opportunit\u00e9 de gagner de l\u2019argent en la livrant \u00e0 un r\u00e9seau de prostitution.&#8221;<\/i><\/p>\n<p class=\"center_content arx_pad_2 arx_2_pages\">\n<b>Laur\u00e9at d&#8217;une mention sp\u00e9ciale au festival de films de <a href=\"https:\/\/pardo.ch\/fr\/pardo\/program\/film.html?fid=892299&#038;eid=69\" target=\"_blank\">Locarno <\/a>dans la cat\u00e9gorie Pardo di Domani: Concorso Nazionale.<\/b><\/p>\n","protected":false},"excerpt":{"rendered":"<p>\u00c9v\u00e8nement: Avant-Premi\u00e8re du Film Lost Exile R\u00e9alis\u00e9 par: Fisnik Maxhuni Contexte: 69\u00b0 Festival International du Film de Locarno &#8220;Pour rembourser ses dettes, Emir, p\u00e8re de famille, travaille pour la p\u00e8gre locale comme passeur entre la Serbie et la Hongrie. Un jour, il fait la connaissance d\u2019Hana, qui fuit le Kosovo et un mariage arrang\u00e9 et [&hellip;]<\/p>\n","protected":false},"author":4,"featured_media":0,"comment_status":"open","ping_status":"open","sticky":false,"template":"","format":"standard","meta":{"footnotes":""},"categories":[1],"tags":[275,7,192,286,287,29],"class_list":["post-2395","post","type-post","status-publish","format-standard","hentry","category-we-are-the-cause","tag-275","tag-cause","tag-court-metrage","tag-fisnik-maxhuni","tag-locarno-film-festival","tag-wearethecause"],"_links":{"self":[{"href":"https:\/\/cause.ch\/lab\/wp-json\/wp\/v2\/posts\/2395","targetHints":{"allow":["GET"]}}],"collection":[{"href":"https:\/\/cause.ch\/lab\/wp-json\/wp\/v2\/posts"}],"about":[{"href":"https:\/\/cause.ch\/lab\/wp-json\/wp\/v2\/types\/post"}],"author":[{"embeddable":true,"href":"https:\/\/cause.ch\/lab\/wp-json\/wp\/v2\/users\/4"}],"replies":[{"embeddable":true,"href":"https:\/\/cause.ch\/lab\/wp-json\/wp\/v2\/comments?post=2395"}],"version-history":[{"count":8,"href":"https:\/\/cause.ch\/lab\/wp-json\/wp\/v2\/posts\/2395\/revisions"}],"predecessor-version":[{"id":3615,"href":"https:\/\/cause.ch\/lab\/wp-json\/wp\/v2\/posts\/2395\/revisions\/3615"}],"wp:attachment":[{"href":"https:\/\/cause.ch\/lab\/wp-json\/wp\/v2\/media?parent=2395"}],"wp:term":[{"taxonomy":"category","embeddable":true,"href":"https:\/\/cause.ch\/lab\/wp-json\/wp\/v2\/categories?post=2395"},{"taxonomy":"post_tag","embeddable":true,"href":"https:\/\/cause.ch\/lab\/wp-json\/wp\/v2\/tags?post=2395"}],"curies":[{"name":"wp","href":"https:\/\/api.w.org\/{rel}","templated":true}]}}