{"id":2411,"date":"2016-08-12T13:28:52","date_gmt":"2016-08-12T11:28:52","guid":{"rendered":"http:\/\/cause.ch\/lab\/?p=2411"},"modified":"2016-08-20T13:50:56","modified_gmt":"2016-08-20T11:50:56","slug":"jval-2016","status":"publish","type":"post","link":"https:\/\/cause.ch\/lab\/we-are-the-cause\/jval-2016\/","title":{"rendered":"JVAL 2016"},"content":{"rendered":"<div class=\"arx_pad_2 center_text\">\n<a href=\"http:\/\/jvalfestival.com\/\" target=\"_blank\"><img loading=\"lazy\" decoding=\"async\" src=\"http:\/\/cause.ch\/lab\/wp-content\/uploads\/2016\/08\/affiche-\u00a9jval-2016.jpg\" alt=\"affiche-\u00a9jval-2016\" width=\"978\" height=\"1399\" class=\"alignnone size-full wp-image-2412\" srcset=\"https:\/\/cause.ch\/lab\/wp-content\/uploads\/2016\/08\/affiche-\u00a9jval-2016.jpg 978w, https:\/\/cause.ch\/lab\/wp-content\/uploads\/2016\/08\/affiche-\u00a9jval-2016-210x300.jpg 210w, https:\/\/cause.ch\/lab\/wp-content\/uploads\/2016\/08\/affiche-\u00a9jval-2016-716x1024.jpg 716w\" sizes=\"auto, (max-width: 978px) 100vw, 978px\" \/><\/a>\n<\/div>\n<p class=\"arx_2_pages arx_pad_1\">\nLes regards romands les plus attentifs ont sans doute \u00e9t\u00e9 agr\u00e9ablement d\u00e9tourn\u00e9s depuis ces quelques derni\u00e8res semaines suite \u00e0 l&#8217;apparition un peu partout sur les pancartes des villes de nos r\u00e9gions d&#8217;une affiche pour le moins \u00e9nigmatique, combinant un sens pointu du design avec des effets visuels accaparants: l&#8217;annonce de la tenue prochaine du <i><b><a href=\"http:\/\/jvalfestival.com\/\" target=\"_blank\">JVAL 2016<\/a><\/i><\/b>, par la patte experte du laboratoire de graphisme lausannois <i><b><a href=\"http:\/\/emphase.ch\/\" target=\"_blank\">Emphase<\/a><\/i><\/b>.\n<\/p>\n<p class=\"arx_2_pages arx_pad_1\">\nL&#8217;agence cr\u00e9ative n&#8217;est certes pas peu famili\u00e8re avec l&#8217;exercice, auteure en 2009 de l&#8217;<a href=\"http:\/\/emphase.ch\/paleo-2009\/\" target=\"_blank\">affiche du Pal\u00e9o Festival<\/a>, pour ses premiers pas r\u00e9v\u00e9lateurs. Elle signe ici une nouvelle r\u00e9ussite publicitaire, optant \u00e0 nouveau pour une dialectique remarquable dans sa coh\u00e9rence avec la manifestation populaire en question.\n<\/p>\n<p class=\"arx_2_pages arx_pad_2\">\nQuant \u00e0 l&#8217;\u00e9v\u00e8nement lui-m\u00eame, que faut-il encore pour vraiment garantir les r\u00e9tributions all\u00e8gres values par un p\u00e8lerinage en pleine campagne, vers le bled aux panoramas \u00e9piques au coeur du domaine recul\u00e9 de <a href=\"http:\/\/www.serreaux-dessus.ch\/\" target=\"_blank\">Serreaux-Dessus<\/a>? Peut-\u00eatre la perspective de savoir que la cl\u00f4ture festive sera assur\u00e9e par le duo 100% Cause <i><b><a href=\"http:\/\/jvalfestival.com\/aftershow-special-cause-monte-a-jval\/\" target=\"_blank\">Dj JSO &#038; Vj Pizz<\/a><\/i><\/b> pour un aftershow d&#8217;enfer&#8230; Allez-y! Vous ne le regretterez pas, on vous le promet.\n<\/p>\n<div class=\"arx_pad_2 center_text\">\n<a href=\"http:\/\/jvalfestival.com\/aftershow-special-cause-monte-a-jval\/\" target=\"_blank\"><img loading=\"lazy\" decoding=\"async\" src=\"http:\/\/cause.ch\/lab\/wp-content\/uploads\/2016\/08\/djjso-vjpizz-\u00a9jval2016.jpg\" alt=\"djjso-vjpizz-\u00a9jval2016\" width=\"978\" height=\"630\" class=\"alignnone size-full wp-image-2414\" srcset=\"https:\/\/cause.ch\/lab\/wp-content\/uploads\/2016\/08\/djjso-vjpizz-\u00a9jval2016.jpg 978w, https:\/\/cause.ch\/lab\/wp-content\/uploads\/2016\/08\/djjso-vjpizz-\u00a9jval2016-300x193.jpg 300w\" sizes=\"auto, (max-width: 978px) 100vw, 978px\" \/><\/a>\n<\/div>\n","protected":false},"excerpt":{"rendered":"<p>Les regards romands les plus attentifs ont sans doute \u00e9t\u00e9 agr\u00e9ablement d\u00e9tourn\u00e9s depuis ces quelques derni\u00e8res semaines suite \u00e0 l&#8217;apparition un peu partout sur les pancartes des villes de nos r\u00e9gions d&#8217;une affiche pour le moins \u00e9nigmatique, combinant un sens pointu du design avec des effets visuels accaparants: l&#8217;annonce de la tenue prochaine du JVAL [&hellip;]<\/p>\n","protected":false},"author":4,"featured_media":0,"comment_status":"open","ping_status":"open","sticky":false,"template":"","format":"standard","meta":{"footnotes":""},"categories":[1],"tags":[275,7,294,163,293,29],"class_list":["post-2411","post","type-post","status-publish","format-standard","hentry","category-we-are-the-cause","tag-275","tag-cause","tag-emphase","tag-festival","tag-jval","tag-wearethecause"],"_links":{"self":[{"href":"https:\/\/cause.ch\/lab\/wp-json\/wp\/v2\/posts\/2411","targetHints":{"allow":["GET"]}}],"collection":[{"href":"https:\/\/cause.ch\/lab\/wp-json\/wp\/v2\/posts"}],"about":[{"href":"https:\/\/cause.ch\/lab\/wp-json\/wp\/v2\/types\/post"}],"author":[{"embeddable":true,"href":"https:\/\/cause.ch\/lab\/wp-json\/wp\/v2\/users\/4"}],"replies":[{"embeddable":true,"href":"https:\/\/cause.ch\/lab\/wp-json\/wp\/v2\/comments?post=2411"}],"version-history":[{"count":4,"href":"https:\/\/cause.ch\/lab\/wp-json\/wp\/v2\/posts\/2411\/revisions"}],"predecessor-version":[{"id":2447,"href":"https:\/\/cause.ch\/lab\/wp-json\/wp\/v2\/posts\/2411\/revisions\/2447"}],"wp:attachment":[{"href":"https:\/\/cause.ch\/lab\/wp-json\/wp\/v2\/media?parent=2411"}],"wp:term":[{"taxonomy":"category","embeddable":true,"href":"https:\/\/cause.ch\/lab\/wp-json\/wp\/v2\/categories?post=2411"},{"taxonomy":"post_tag","embeddable":true,"href":"https:\/\/cause.ch\/lab\/wp-json\/wp\/v2\/tags?post=2411"}],"curies":[{"name":"wp","href":"https:\/\/api.w.org\/{rel}","templated":true}]}}