{"id":2441,"date":"2016-08-20T13:48:39","date_gmt":"2016-08-20T11:48:39","guid":{"rendered":"http:\/\/cause.ch\/lab\/?p=2441"},"modified":"2016-08-20T13:48:39","modified_gmt":"2016-08-20T11:48:39","slug":"24heures-20-8-2016","status":"publish","type":"post","link":"https:\/\/cause.ch\/lab\/presse\/24heures-20-8-2016\/","title":{"rendered":"24heures: 20.8.2016"},"content":{"rendered":"<div class=\"arx_pad_2 center_text\">\n<a href=\"http:\/\/www.24heures.ch\/vaud-regions\/la-cote\/gland-teheran-collectif-cause-cree-toujours\/story\/18543545\" target=\"_blank\"><img loading=\"lazy\" decoding=\"async\" src=\"http:\/\/cause.ch\/lab\/wp-content\/uploads\/2016\/08\/20.8.16-cause-\u00a924heures.png\" alt=\"20.8.16-cause-\u00a924heures\" width=\"806\" height=\"718\" class=\"alignnone size-full wp-image-2442\" srcset=\"https:\/\/cause.ch\/lab\/wp-content\/uploads\/2016\/08\/20.8.16-cause-\u00a924heures.png 806w, https:\/\/cause.ch\/lab\/wp-content\/uploads\/2016\/08\/20.8.16-cause-\u00a924heures-300x267.png 300w\" sizes=\"auto, (max-width: 806px) 100vw, 806px\" \/><\/a>\n<\/div>\n<p class=\"arx_2_pages arx_pad_2\">\nUn article sur les tendances tous azimuts de notre collectif dans l&#8217;\u00e9dition weekend du <a href=\"http:\/\/www.24heures.ch\/\" target=\"_blank\">24heures<\/a> ce samedi 20 ao\u00fbt 2016, \u00e0 d\u00e9couvrir aussi sur le site en ligne du journal. Un grand merci au quotidien romand et \u00e0 <a href=\"http:\/\/www.24heures.ch\/stichwort\/autor\/gilles-bieler\/s.html\" target=\"_blank\">Gilles Bi\u00e9ler<\/a> pour l&#8217;int\u00e9r\u00eat d\u00e9montr\u00e9 et la visibilit\u00e9 accord\u00e9e!\n<\/p>\n<div class=\"arx_pad_2 center_text\">\n<a href=\"http:\/\/www.24heures.ch\/vaud-regions\/la-cote\/gland-teheran-collectif-cause-cree-toujours\/story\/18543545\" target=\"_blank\"><img loading=\"lazy\" decoding=\"async\" src=\"http:\/\/cause.ch\/lab\/wp-content\/uploads\/2016\/08\/\u00a924heures20.8.16.jpg\" alt=\"\u00a924heures20.8.16\" width=\"1846\" height=\"3007\" class=\"alignnone size-full wp-image-2443\" srcset=\"https:\/\/cause.ch\/lab\/wp-content\/uploads\/2016\/08\/\u00a924heures20.8.16.jpg 1846w, https:\/\/cause.ch\/lab\/wp-content\/uploads\/2016\/08\/\u00a924heures20.8.16-184x300.jpg 184w, https:\/\/cause.ch\/lab\/wp-content\/uploads\/2016\/08\/\u00a924heures20.8.16-629x1024.jpg 629w\" sizes=\"auto, (max-width: 1846px) 100vw, 1846px\" \/><\/a>\n<\/div>\n<div class=\"arx_pad_2 center_content\">\n<a href=\"http:\/\/www.24heures.ch\/\" target=\"_blank\"><img loading=\"lazy\" decoding=\"async\" src=\"http:\/\/cause.ch\/lab\/wp-content\/uploads\/2016\/08\/Logo-\u00a924heures-2016.png\" alt=\"Logo-\u00a924heures-2016\" width=\"300\" height=\"80\" class=\"alignnone size-full wp-image-2404\" \/><\/a>\n<\/div>\n","protected":false},"excerpt":{"rendered":"<p>Un article sur les tendances tous azimuts de notre collectif dans l&#8217;\u00e9dition weekend du 24heures ce samedi 20 ao\u00fbt 2016, \u00e0 d\u00e9couvrir aussi sur le site en ligne du journal. Un grand merci au quotidien romand et \u00e0 Gilles Bi\u00e9ler pour l&#8217;int\u00e9r\u00eat d\u00e9montr\u00e9 et la visibilit\u00e9 accord\u00e9e!<\/p>\n","protected":false},"author":4,"featured_media":0,"comment_status":"open","ping_status":"open","sticky":false,"template":"","format":"standard","meta":{"footnotes":""},"categories":[182],"tags":[275,289,190,194,7,295,296,45,29],"class_list":["post-2441","post","type-post","status-publish","format-standard","hentry","category-presse","tag-275","tag-24heures","tag-article","tag-ballastiere","tag-cause","tag-gilles-bieler","tag-journal","tag-lokal","tag-wearethecause"],"_links":{"self":[{"href":"https:\/\/cause.ch\/lab\/wp-json\/wp\/v2\/posts\/2441","targetHints":{"allow":["GET"]}}],"collection":[{"href":"https:\/\/cause.ch\/lab\/wp-json\/wp\/v2\/posts"}],"about":[{"href":"https:\/\/cause.ch\/lab\/wp-json\/wp\/v2\/types\/post"}],"author":[{"embeddable":true,"href":"https:\/\/cause.ch\/lab\/wp-json\/wp\/v2\/users\/4"}],"replies":[{"embeddable":true,"href":"https:\/\/cause.ch\/lab\/wp-json\/wp\/v2\/comments?post=2441"}],"version-history":[{"count":3,"href":"https:\/\/cause.ch\/lab\/wp-json\/wp\/v2\/posts\/2441\/revisions"}],"predecessor-version":[{"id":2446,"href":"https:\/\/cause.ch\/lab\/wp-json\/wp\/v2\/posts\/2441\/revisions\/2446"}],"wp:attachment":[{"href":"https:\/\/cause.ch\/lab\/wp-json\/wp\/v2\/media?parent=2441"}],"wp:term":[{"taxonomy":"category","embeddable":true,"href":"https:\/\/cause.ch\/lab\/wp-json\/wp\/v2\/categories?post=2441"},{"taxonomy":"post_tag","embeddable":true,"href":"https:\/\/cause.ch\/lab\/wp-json\/wp\/v2\/tags?post=2441"}],"curies":[{"name":"wp","href":"https:\/\/api.w.org\/{rel}","templated":true}]}}