{"id":2449,"date":"2016-08-22T22:29:37","date_gmt":"2016-08-22T20:29:37","guid":{"rendered":"http:\/\/cause.ch\/lab\/?p=2449"},"modified":"2016-08-22T22:29:37","modified_gmt":"2016-08-22T20:29:37","slug":"cause-newsletter-rentree-2016","status":"publish","type":"post","link":"https:\/\/cause.ch\/lab\/we-are-the-cause\/cause-newsletter-rentree-2016\/","title":{"rendered":"Cause Newsletter: Rentr\u00e9e 2016"},"content":{"rendered":"<div class=\"arx_pad_1 center_text\">\n<a href=\"http:\/\/cause.ch\" target=\"_blank\"><img loading=\"lazy\" decoding=\"async\" src=\"http:\/\/cause.ch\/lab\/wp-content\/uploads\/2016\/08\/wearethecause-\u00a9cause2016.jpg\" alt=\"wearethecause-\u00a9cause2016\" width=\"1302\" height=\"524\" class=\"alignnone size-full wp-image-2462\" srcset=\"https:\/\/cause.ch\/lab\/wp-content\/uploads\/2016\/08\/wearethecause-\u00a9cause2016.jpg 1302w, https:\/\/cause.ch\/lab\/wp-content\/uploads\/2016\/08\/wearethecause-\u00a9cause2016-300x121.jpg 300w, https:\/\/cause.ch\/lab\/wp-content\/uploads\/2016\/08\/wearethecause-\u00a9cause2016-1024x412.jpg 1024w\" sizes=\"auto, (max-width: 1302px) 100vw, 1302px\" \/><\/a>\n<\/div>\n<p class=\"arx_2_pages center_content center_text arx_pad_2\">\nChers amis, chers partenaires\n<\/p>\n<p class=\"arx_1 arx_pad_1 center_content\">\nL&#8217;heure de la rentr\u00e9e nous a rejoint, les projets reprennent et la vie nous entra\u00eene. Les agents de Cause se saisissent de l&#8217;occasion pour vous faire part de leurs pens\u00e9es \u00e0 l&#8217;instant de la reprise, en souhaitant \u00e0 toutes et \u00e0 tous le meilleur en mati\u00e8re d&#8217;innovation et de cr\u00e9ativit\u00e9, de rencontres et d&#8217;interactivit\u00e9! Heureux de vous compter parmi nos contacts, on ne peut que se r\u00e9jouir de vous retrouver bient\u00f4t pour de nouveaux partages autour de projets exprimant toujours plus notre diversit\u00e9. A ce sujet, on aimerait tout simplement et sans plus tarder vous rediriger vers un article paru samedi dernier, 20.8, dans l&#8217;\u00e9dition du weekend du quotidien romand 24heures faisant le portrait de notre collectif, sign\u00e9 l&#8217;aimable <a href=\"http:\/\/www.24heures.ch\/stichwort\/autor\/gilles-bieler\/s.html\" target=\"_blank\">Gilles Bi\u00e9ler<\/a> qui nous a gratifi\u00e9 de son int\u00e9r\u00eat et de son talent journalistique:\n<\/p>\n<div class=\"arx_pad_1 center_text\">\n<a href=\"http:\/\/www.24heures.ch\/vaud-regions\/la-cote\/gland-teheran-collectif-cause-cree-toujours\/story\/18543545\" target=\"_blank\"><img loading=\"lazy\" decoding=\"async\" src=\"http:\/\/cause.ch\/lab\/wp-content\/uploads\/2016\/08\/20.8.16\u00a924heures.jpg\" alt=\"20.8.16\u00a924heures\" width=\"1302\" height=\"524\" class=\"alignnone size-full wp-image-2455\" srcset=\"https:\/\/cause.ch\/lab\/wp-content\/uploads\/2016\/08\/20.8.16\u00a924heures.jpg 1302w, https:\/\/cause.ch\/lab\/wp-content\/uploads\/2016\/08\/20.8.16\u00a924heures-300x121.jpg 300w, https:\/\/cause.ch\/lab\/wp-content\/uploads\/2016\/08\/20.8.16\u00a924heures-1024x412.jpg 1024w\" sizes=\"auto, (max-width: 1302px) 100vw, 1302px\" \/><\/a>\n<\/div>\n<p class=\"arx_1 arx_pad_1 center_content\">\nProfitons par la m\u00eame occasion de retenir votre attention en vous faisant un rapide topo des \u00e9v\u00e8nements ayant rythm\u00e9 le calendrier de notre association cette ann\u00e9e, et dresser l&#8217;agenda de ce que nous vous r\u00e9servons pour les mois restants \u00e0 venir:\n<\/p>\n<p class=\"arx_1 arx_pad_1 center_content\">\nCause se souvient avec fiert\u00e9 d&#8217;avoir eu la chance d&#8217;accueillir au printemps dernier la crew pleine de diligence et d&#8217;attitude de la <a href=\"http:\/\/faustskateco.com\/\" target=\"_blank\">Faust Skate Company<\/a> &#8211; parmi lesquels nos charismatiques camarades graphistes Pierre Andrey et Diego Thonney &#8211; lors de l&#8217;\u00e9v\u00e8nement pr\u00e9textant la pr\u00e9sentation de la premi\u00e8re vid\u00e9o officielle de la jeune marque suisse de skateboard:\n<\/p>\n<div class=\"arx_pad_1 center_text\">\n<a href=\"http:\/\/cause.ch\/lab\/we-are-the-cause\/review-faust-first-video-event\/\" target=\"_blank\"><img loading=\"lazy\" decoding=\"async\" src=\"http:\/\/cause.ch\/lab\/wp-content\/uploads\/2016\/08\/\u00a9faust2016.jpg\" alt=\"\u00a9faust2016\" width=\"1302\" height=\"524\" class=\"alignnone size-full wp-image-2452\" srcset=\"https:\/\/cause.ch\/lab\/wp-content\/uploads\/2016\/08\/\u00a9faust2016.jpg 1302w, https:\/\/cause.ch\/lab\/wp-content\/uploads\/2016\/08\/\u00a9faust2016-300x121.jpg 300w, https:\/\/cause.ch\/lab\/wp-content\/uploads\/2016\/08\/\u00a9faust2016-1024x412.jpg 1024w\" sizes=\"auto, (max-width: 1302px) 100vw, 1302px\" \/><\/a>\n<\/div>\n<p class=\"arx_1 arx_pad_1 center_content\">\nPlus r\u00e9cemment, Arnaud Cottet et Lo\u00efs Robatel ont r\u00e9v\u00e9l\u00e9 <a href=\"http:\/\/skiingnoshaq.com\/\" target=\"_blank\">Skiing Noshaq<\/a>, le roadmovie de leur long p\u00e9riple vers l&#8217;Afghanistan port\u00e9s par l&#8217;ambition de dompter son plus haut sommet, dans le cadre du <a href=\"http:\/\/www.fifad.ch\/films-en-competition\" target=\"_blank\">FIFAD<\/a> (festival international du film alpin des Diablerets). Un \u00e9v\u00e8nement constituant une r\u00e9ussite pour cette production Cause, ayant parvenu \u00e0 marquer les esprits autant par sa photographie que sa narration, ainsi qu&#8217;\u00e0 retenir <a href=\"http:\/\/www.24heures.ch\/vaud-regions\/roadmovie-vaudois-afghanistan\/story\/14061539\" target=\"_blank\">l&#8217;attention de la presse r\u00e9gionale<\/a>:\n<\/p>\n<div class=\"arx_pad_1 center_text\">\n<a href=\"http:\/\/cause.ch\/lab\/we-are-the-cause\/skiing-noshaq\/\" target=\"_blank\"><img loading=\"lazy\" decoding=\"async\" src=\"http:\/\/cause.ch\/lab\/wp-content\/uploads\/2016\/08\/skiingnoshaq-\u00a9cause2016.jpg\" alt=\"skiingnoshaq-\u00a9cause2016\" width=\"1302\" height=\"524\" class=\"alignnone size-full wp-image-2461\" srcset=\"https:\/\/cause.ch\/lab\/wp-content\/uploads\/2016\/08\/skiingnoshaq-\u00a9cause2016.jpg 1302w, https:\/\/cause.ch\/lab\/wp-content\/uploads\/2016\/08\/skiingnoshaq-\u00a9cause2016-300x121.jpg 300w, https:\/\/cause.ch\/lab\/wp-content\/uploads\/2016\/08\/skiingnoshaq-\u00a9cause2016-1024x412.jpg 1024w\" sizes=\"auto, (max-width: 1302px) 100vw, 1302px\" \/><\/a>\n<\/div>\n<p class=\"arx_1 arx_pad_1 center_content\">\nUn nouveau point sur le projet<a href=\"http:\/\/werideiniran.com\/\" target=\"_blank\"> We Ride in Iran<\/a> dont la continuit\u00e9 se poursuit avec toujours de nouveaux progr\u00e8s. Une saison 2015\/16 qui s&#8217;est achev\u00e9e en laissant d&#8217;excellentes impressions: le sentiment d&#8217;un meilleur encadrement, une affluence et des int\u00e9r\u00eats fid\u00e8les, des organisations et structures plus professionnelles, avec une port\u00e9e m\u00e9diatique toujours plus large. Au bout de 3 ann\u00e9es de pers\u00e9v\u00e9rance, ses protagonistes Arnaud Cottet et Beno\u00eet Goncerut ont la satisfaction de constater que l&#8217;aventure qu&#8217;ils ont initi\u00e9 au pays des mollahs commence \u00e0 voler de ses propres ailes. L&#8217;implication d&#8217;acteurs s\u00e9rieux pour prendre le relais sur place et faire de la mission du d\u00e9veloppement de la culture freeride et freestyle ski et snowboard en Iran, une affaire iranienne, parle d&#8217;elle m\u00eame:\n<\/p>\n<div class=\"arx_pad_1 center_text\">\n<a href=\"http:\/\/cause.ch\/lab\/portfolio\/we-ride-in-iran\/\" target=\"_blank\"><img loading=\"lazy\" decoding=\"async\" src=\"http:\/\/cause.ch\/lab\/wp-content\/uploads\/2016\/08\/werideiniran-\u00a9cause2016.jpg\" alt=\"werideiniran-\u00a9cause2016\" width=\"1302\" height=\"524\" class=\"alignnone size-full wp-image-2463\" srcset=\"https:\/\/cause.ch\/lab\/wp-content\/uploads\/2016\/08\/werideiniran-\u00a9cause2016.jpg 1302w, https:\/\/cause.ch\/lab\/wp-content\/uploads\/2016\/08\/werideiniran-\u00a9cause2016-300x121.jpg 300w, https:\/\/cause.ch\/lab\/wp-content\/uploads\/2016\/08\/werideiniran-\u00a9cause2016-1024x412.jpg 1024w\" sizes=\"auto, (max-width: 1302px) 100vw, 1302px\" \/><\/a>\n<\/div>\n<p class=\"arx_1 arx_pad_1 center_content\">\nLes championnats iraniens de freestyle tenus \u00e0 Dizin au d\u00e9but de l&#8217;ann\u00e9e sous les regards de certains invit\u00e9s de marque venus de Suisse pour assister \u00e0 la potentielle professionnalisation de ces sports alpins ont vu son couple de vainqueurs homme et femme Pooria Hadiani et Hedieh Kharrazi se voir r\u00e9compens\u00e9s d&#8217;une opportunit\u00e9 des plus prestigieuses: une invitation \u00e0 <a href=\"http:\/\/open.laax.com\/en\/welcome\/\" target=\"_blank\">Laax<\/a>, r\u00e9sidence des comp\u00e9titions internationales de freestyle, pour une semaine de workshops et d&#8217;entra\u00eenements intensifs parmi un des meilleurs snowparks d&#8217;Europe. Cette visite document\u00e9e donnera lieu \u00e0 la r\u00e9alisation d&#8217;un court-m\u00e9trage documentaire par Jules Guarneri et Julien Roserens, produit par Arnaud et Beno\u00eet, pour une sortie agend\u00e9e en janvier 2017 \u00e0 Laax et une diffusion sur la t\u00e9l\u00e9vision suisse-al\u00e9manique <a href=\"http:\/\/srf.ch\/\" target=\"_blank\">SRF<\/a>:\n<\/p>\n<div class=\"arx_pad_1 center_text\">\n<a href=\"http:\/\/www.werideiniran.com\/we\/\" target=\"_blank\"><img loading=\"lazy\" decoding=\"async\" src=\"http:\/\/cause.ch\/lab\/wp-content\/uploads\/2016\/08\/pooria-hedie-\u00a9werideiniran2016.jpg\" alt=\"pooria-hedie-\u00a9werideiniran2016\" width=\"1302\" height=\"524\" class=\"alignnone size-full wp-image-2460\" srcset=\"https:\/\/cause.ch\/lab\/wp-content\/uploads\/2016\/08\/pooria-hedie-\u00a9werideiniran2016.jpg 1302w, https:\/\/cause.ch\/lab\/wp-content\/uploads\/2016\/08\/pooria-hedie-\u00a9werideiniran2016-300x121.jpg 300w, https:\/\/cause.ch\/lab\/wp-content\/uploads\/2016\/08\/pooria-hedie-\u00a9werideiniran2016-1024x412.jpg 1024w\" sizes=\"auto, (max-width: 1302px) 100vw, 1302px\" \/><\/a>\n<\/div>\n<p class=\"arx_1 arx_pad_1 center_content\">\nPour la suite, le projet We Ride in Iran promet m\u00eame de se diversifier en \u00e9largissant le terme &#8220;ride&#8221; \u00e0 d&#8217;autres sports \u00e0 planches, comme notamment le surf, concr\u00e9tisant une collaboration avec <a href=\"http:\/\/lesateliersbaume.ch\/\" target=\"_blank\">les Ateliers Baume<\/a>, nouvelle marque fond\u00e9e par Damien Epiney et Tim Cachot. Ces derniers partiront d&#8217;ailleurs tout prochainement \u00e0 Chabahar situ\u00e9 pr\u00e8s de la fronti\u00e8re irano-pakistanaise pour y dompter les vagues \u00e0 bord de nouvelles planches issues de leurs ateliers crissi\u00e9rois, \u00e9ditions sp\u00e9ciales marquant le partenariat avec le projet We Ride in Iran. Ils profiteront de ce voyage pour apprendre au locaux \u00e0 produire leurs propres planches de surf, servant de th\u00e8me \u00e0 un court-m\u00e9trage qui sera r\u00e9alis\u00e9 par Nikola Sanz:\n<\/p>\n<div class=\"arx_pad_1 center_text\">\n<a href=\"http:\/\/lesateliersbaume.ch\/\" target=\"_blank\"><img loading=\"lazy\" decoding=\"async\" src=\"http:\/\/cause.ch\/lab\/wp-content\/uploads\/2016\/08\/\u00a9ateliersbaume2016.jpg\" alt=\"\u00a9ateliersbaume2016\" width=\"1302\" height=\"524\" class=\"alignnone size-full wp-image-2450\" srcset=\"https:\/\/cause.ch\/lab\/wp-content\/uploads\/2016\/08\/\u00a9ateliersbaume2016.jpg 1302w, https:\/\/cause.ch\/lab\/wp-content\/uploads\/2016\/08\/\u00a9ateliersbaume2016-300x121.jpg 300w, https:\/\/cause.ch\/lab\/wp-content\/uploads\/2016\/08\/\u00a9ateliersbaume2016-1024x412.jpg 1024w\" sizes=\"auto, (max-width: 1302px) 100vw, 1302px\" \/><\/a>\n<\/div>\n<p class=\"arx_1 arx_pad_1 center_content\">\nEt comment parler de ride en Iran sans parler du skateboard, cette activit\u00e9 en pleine verve parmi les jeunes de capitale iranienne? Cause accueillera tout prochainement le jeune r\u00e9alisateur perse Benjamin Aryani pour le montage d&#8217;un film documentaire sur la communaut\u00e9 skate d&#8217;Iran, focalisant sur son histoire, ses d\u00e9fis et la position de la population \u00e0 son \u00e9gard. Comptez sur nous pour vous tenir inform\u00e9s quant \u00e0 sa date de sortie, pr\u00e9vue pour printemps 2017, et sa pr\u00e9sence au sein de festivals de films sp\u00e9cifiques vari\u00e9s:\n<\/p>\n<div class=\"arx_pad_1 center_text\">\n<a href=\"http:\/\/www.werideiniran.com\/we\/\" target=\"_blank\"><img loading=\"lazy\" decoding=\"async\" src=\"http:\/\/cause.ch\/lab\/wp-content\/uploads\/2016\/08\/\u00a9werideiniran2016.jpg\" alt=\"\u00a9werideiniran2016\" width=\"1302\" height=\"524\" class=\"alignnone size-full wp-image-2454\" srcset=\"https:\/\/cause.ch\/lab\/wp-content\/uploads\/2016\/08\/\u00a9werideiniran2016.jpg 1302w, https:\/\/cause.ch\/lab\/wp-content\/uploads\/2016\/08\/\u00a9werideiniran2016-300x121.jpg 300w, https:\/\/cause.ch\/lab\/wp-content\/uploads\/2016\/08\/\u00a9werideiniran2016-1024x412.jpg 1024w\" sizes=\"auto, (max-width: 1302px) 100vw, 1302px\" \/><\/a>\n<\/div>\n<p class=\"arx_1 arx_pad_1 center_content\">\nToujours dans l&#8217;audiovisuel, une nouvelle production Cause issue d&#8217;une collaboration en cours entre Beno\u00eet Goncerut et Fisnik Maxhuni, ce dernier tout r\u00e9cemment r\u00e9compens\u00e9 d&#8217;une mention sp\u00e9ciale au <a href=\"http:\/\/www.pardolive.ch\/pardo\/festival-del-film-locarno\/home.html\" target=\"_blank\">Festival du Film de Locarno<\/a> dans la cat\u00e9gorie &#8220;Pardi di domani&#8221; pour son film <a href=\"http:\/\/cause.ch\/lab\/we-are-the-cause\/lost-exile-festival-del-film-locarno-2016\/\" target=\"_blank\">Lost Exile<\/a>. Ils nous proposeront bient\u00f4t un long-m\u00e9trage documentaire intitul\u00e9 Appels Crois\u00e9s s&#8217;int\u00e9ressant \u00e0 la communaut\u00e9 kosovare en Suisse, l&#8217;enjeu de l&#8217;identit\u00e9 nationale \u00e0 travers le prisme de la naturalisation, au sein du contexte sp\u00e9cifique du monde du football professionnel et ce \u00e0 l&#8217;occasion du d\u00e9roulement de la coupe d&#8217;Europe cet \u00e9t\u00e9 en France, o\u00f9 l&#8217;Albanie affrontait la Suisse lors de sa premi\u00e8re participation. Actuellement \u00e0 l&#8217;\u00e9tape de montage, le fruit de cette rencontre, mise en sc\u00e8ne d&#8217;une probl\u00e9matique des plus int\u00e9ressantes, d\u00e9j\u00e0 soutenu par <a href=\"http:\/\/www.regionyon.ch\/\" target=\"_blank\">R\u00e9gionyon<\/a> et la <a href=\"http:\/\/www.nyon.ch\/fr\/actualite\/creation-de-la-fondation-pour-les-arts-et-la-culture-a-nyon-686-19769\" target=\"_blank\">FAC<\/a> (Fondation pour les Arts et la Culture de Nyon) sera \u00e9galement candidat \u00e0 de nombreux festivals de cin\u00e9ma d\u00e8s printemps 2017:\n<\/p>\n<div class=\"arx_pad_1 center_text\">\n<a href=\"http:\/\/cause.ch\/lab\/wp-content\/uploads\/2016\/08\/appelscroises-\u00a9cause2016.jpg\" target=\"_blank\"><img loading=\"lazy\" decoding=\"async\" src=\"http:\/\/cause.ch\/lab\/wp-content\/uploads\/2016\/08\/appelscroises-\u00a9cause2016.jpg\" alt=\"appelscroises-\u00a9cause2016\" width=\"1302\" height=\"524\" class=\"alignnone size-full wp-image-2456\" srcset=\"https:\/\/cause.ch\/lab\/wp-content\/uploads\/2016\/08\/appelscroises-\u00a9cause2016.jpg 1302w, https:\/\/cause.ch\/lab\/wp-content\/uploads\/2016\/08\/appelscroises-\u00a9cause2016-300x121.jpg 300w, https:\/\/cause.ch\/lab\/wp-content\/uploads\/2016\/08\/appelscroises-\u00a9cause2016-1024x412.jpg 1024w\" sizes=\"auto, (max-width: 1302px) 100vw, 1302px\" \/><\/a>\n<\/div>\n<p class=\"arx_1 arx_pad_1 center_content\">\nPour la suite plus imm\u00e9diate, Cause marquera une pr\u00e9sence au cours d&#8217;un rendez vous culturel de la C\u00f4te \u00e0 ne pas manquer: l&#8217;\u00e9dition 2016 du <a href=\"http:\/\/jvalfestival.com\/\" target=\"_blank\">JVAL<\/a> festival openair \u00e0 Begnins,  du 25 au 27 ao\u00fbt, 3 jours de concerts et de convivialit\u00e9 dans un cadre bucolique \u00e9pique dont la c\u00e9r\u00e9monie de cl\u00f4ture sera assur\u00e9e par nos agents Dj <a href=\"http:\/\/jvalfestival.com\/aftershow-special-cause-monte-a-jval\/\" target=\"_blank\">JSO<\/a>, alias J\u00e9r\u00f4me Saugy, fondateur de du site radiophonique <a href=\"http:\/\/radiojso.com\/\" target=\"_blank\">Radio JSO<\/a>, et Vj Pizz, alias le vid\u00e9aste Adrian Meredith, pour un aftershow des plus dansants:\n<\/p>\n<div class=\"arx_pad_1 center_text\">\n<a href=\"http:\/\/cause.ch\/lab\/we-are-the-cause\/jval-2016\/\" target=\"_blank\"><img loading=\"lazy\" decoding=\"async\" src=\"http:\/\/cause.ch\/lab\/wp-content\/uploads\/2016\/08\/cause-\u00a9jval2016.jpg\" alt=\"cause-\u00a9jval2016\" width=\"1302\" height=\"524\" class=\"alignnone size-full wp-image-2458\" srcset=\"https:\/\/cause.ch\/lab\/wp-content\/uploads\/2016\/08\/cause-\u00a9jval2016.jpg 1302w, https:\/\/cause.ch\/lab\/wp-content\/uploads\/2016\/08\/cause-\u00a9jval2016-300x121.jpg 300w, https:\/\/cause.ch\/lab\/wp-content\/uploads\/2016\/08\/cause-\u00a9jval2016-1024x412.jpg 1024w\" sizes=\"auto, (max-width: 1302px) 100vw, 1302px\" \/><\/a>\n<\/div>\n<p class=\"arx_1 arx_pad_1 center_content\">\nUne semaine plus tard, dans la soir\u00e9e du 3 septembre et au cours du <a href=\"http:\/\/biffl.tumblr.com\/\" target=\"_blank\">Baumettaz International Film Festival of Lobsterkult<\/a> qui sera de retour au bercail pour sa 3\u00e8me edition, l&#8217;audience aura l&#8217;occasion d&#8217;assister \u00e0 la premi\u00e8re diffusion d&#8217;un videoclip original r\u00e9alis\u00e9 par le jeune et talentueux cin\u00e9aste <a href=\"https:\/\/michaelhartwell.com\/\" target=\"_blank\">Michael Hartwell<\/a> pour le morceau Beat the Nightmare du groupe lausannois de soul &#038; elctroswing <a href=\"http:\/\/www.soulflip.ch\" target=\"_blank\">Soulflip Orchestra<\/a>. S&#8217;il en est fait mention ici, c&#8217;est au vu de l&#8217;implication de divers membres de notre association tout au long de cette r\u00e9alisation d\u00e9jant\u00e9e qui s&#8217;est tenu entre les murs m\u00eames des locaux Cause au coeur de la zone industrielle de la Ballasti\u00e8re \u00e0 Gland:\n<\/p>\n<div class=\"arx_pad_1 center_text\">\n<a href=\"http:\/\/www.soulflip.ch\/\" target=\"_blank\"><img loading=\"lazy\" decoding=\"async\" src=\"http:\/\/cause.ch\/lab\/wp-content\/uploads\/2016\/08\/beatthenightmare-\u00a9michaelhartwell2016.jpg\" alt=\"beatthenightmare-\u00a9michaelhartwell2016\" width=\"1302\" height=\"524\" class=\"alignnone size-full wp-image-2457\" srcset=\"https:\/\/cause.ch\/lab\/wp-content\/uploads\/2016\/08\/beatthenightmare-\u00a9michaelhartwell2016.jpg 1302w, https:\/\/cause.ch\/lab\/wp-content\/uploads\/2016\/08\/beatthenightmare-\u00a9michaelhartwell2016-300x121.jpg 300w, https:\/\/cause.ch\/lab\/wp-content\/uploads\/2016\/08\/beatthenightmare-\u00a9michaelhartwell2016-1024x412.jpg 1024w\" sizes=\"auto, (max-width: 1302px) 100vw, 1302px\" \/><\/a>\n<\/div>\n<p class=\"arx_1 arx_pad_1 center_content\">\nToujours en musique, le temps de vous mentionner la collaboration prochaine entre Cause et une association cr\u00e9ative des plus prometteuses et inspirantes, <a href=\"http:\/\/www.thechaletsessions.com\/\" target=\"_blank\">the Chalet Sessions<\/a>: men\u00e9e par un jeune trio d\u00e9vou\u00e9 \u00e0 l&#8217;entretien co\u00fbte que co\u00fbte leurs passions, voil\u00e0 quelques ann\u00e9es qu&#8217;ils proposent \u00e0 des groupes de genres les plus vari\u00e9s la possibilit\u00e9 de r\u00e9aliser des vid\u00e9os de performances live dans le cadre cosy d&#8217;un chalet alpin mis \u00e0 disposition par des tiers. Ne tardez plus \u00e0 aller d\u00e9couvrir les productions abouties librement accessibles en ligne sur leur site internet, pour le plaisir de tous m\u00e9lomanes et amoureux de la montagne, et rappelez vous qu&#8217;ils sont toujours en recherche de nouveaux chalets pour leurs tournages, demeurant ouverts \u00e0 toutes propositions de mise \u00e0 disposition!\n<\/p>\n<div class=\"arx_pad_1 center_text\">\n<a href=\"http:\/\/www.thechaletsessions.com\/\" target=\"_blank\"><img loading=\"lazy\" decoding=\"async\" src=\"http:\/\/cause.ch\/lab\/wp-content\/uploads\/2016\/08\/\u00a9thechaletsessions2016.jpg\" alt=\"\u00a9thechaletsessions2016\" width=\"1302\" height=\"524\" class=\"alignnone size-full wp-image-2453\" srcset=\"https:\/\/cause.ch\/lab\/wp-content\/uploads\/2016\/08\/\u00a9thechaletsessions2016.jpg 1302w, https:\/\/cause.ch\/lab\/wp-content\/uploads\/2016\/08\/\u00a9thechaletsessions2016-300x121.jpg 300w, https:\/\/cause.ch\/lab\/wp-content\/uploads\/2016\/08\/\u00a9thechaletsessions2016-1024x412.jpg 1024w\" sizes=\"auto, (max-width: 1302px) 100vw, 1302px\" \/><\/a>\n<\/div>\n<p class=\"arx_1 arx_pad_1 center_content\">\nEt pour finir, en litt\u00e9rature cette fois, Nikola Sanz nous annonce la mise au propre de ses carnets de voyage, pour nous relater ses exp\u00e9riences recueillies au cours d&#8217;une \u00e9pop\u00e9e \u00e0 v\u00e9lo de 7 mois et 8&#8217;000km entre l&#8217;Inde et la Suisse. Ce livre pr\u00e9voit de permettre une immersion photographique ponctu\u00e9e de textes en r\u00e9f\u00e9rences \u00e0 des \u00e9tapes-cl\u00e9 de son p\u00e9riple. On y d\u00e9couvrira les paysages et les personnages qu&#8217;il a crois\u00e9s sur les routes caboss\u00e9es de l&#8217;Inde, du Pakistan, de l&#8217;Asie Centrale et des Balkans. Un livre qui constituera sans doute une v\u00e9ritable invitation au voyage, encourageant l&#8217;envie de partir \u00e0 l&#8217;aventure!\n<\/p>\n<div class=\"arx_pad_1 center_text\">\n<a href=\"http:\/\/cause.ch\/lab\/wp-content\/uploads\/2016\/08\/nikosanz-ontheroad-\u00a9cause2016.jpg\" target=\"_blank\"><img loading=\"lazy\" decoding=\"async\" src=\"http:\/\/cause.ch\/lab\/wp-content\/uploads\/2016\/08\/nikosanz-ontheroad-\u00a9cause2016.jpg\" alt=\"nikosanz-ontheroad-\u00a9cause2016\" width=\"1302\" height=\"524\" class=\"alignnone size-full wp-image-2459\" srcset=\"https:\/\/cause.ch\/lab\/wp-content\/uploads\/2016\/08\/nikosanz-ontheroad-\u00a9cause2016.jpg 1302w, https:\/\/cause.ch\/lab\/wp-content\/uploads\/2016\/08\/nikosanz-ontheroad-\u00a9cause2016-300x121.jpg 300w, https:\/\/cause.ch\/lab\/wp-content\/uploads\/2016\/08\/nikosanz-ontheroad-\u00a9cause2016-1024x412.jpg 1024w\" sizes=\"auto, (max-width: 1302px) 100vw, 1302px\" \/><\/a>\n<\/div>\n<p class=\"arx_1 arx_pad_1 center_content\">\nSur ce, une belle rentr\u00e9e \u00e0 toutes et \u00e0 tous, et \u00e0 tr\u00e8s bient\u00f4t chez nous, chez vous, pour de belles rencontres toujours plus enrichissantes!\n<\/p>\n<p class=\"arx_1 arx_pad_2 center_content\">\n<i>les agents de Cause<\/i>\n<\/p>\n<div class=\"arx_pad_1 center_text\">\n<a href=\"http:\/\/cause.ch\" target=\"_blank\"><img loading=\"lazy\" decoding=\"async\" src=\"http:\/\/cause.ch\/lab\/wp-content\/uploads\/2015\/12\/LOGO_CAUSE-SMALL.jpg\" alt=\"LOGO_CAUSE\" width=\"75\" height=\"142\" class=\"alignnone size-full wp-image-2265\" \/><\/a>\n<\/div>\n<p class=\"arx_1 arx_pad_2 center_text center_content\">\nPAGE FACEBOOK: <a href=\"https:\/\/www.facebook.com\/wearethecause\/?fref=ts\" target=\"_blank\">wearethecause<\/a><br \/>\nINSTAGRAM: <a href=\"https:\/\/www.instagram.com\/wearethecause\/\" target=\"_blank\">#wearethecause<\/a><\/p>\n","protected":false},"excerpt":{"rendered":"<p>Chers amis, chers partenaires L&#8217;heure de la rentr\u00e9e nous a rejoint, les projets reprennent et la vie nous entra\u00eene. Les agents de Cause se saisissent de l&#8217;occasion pour vous faire part de leurs pens\u00e9es \u00e0 l&#8217;instant de la reprise, en souhaitant \u00e0 toutes et \u00e0 tous le meilleur en mati\u00e8re d&#8217;innovation et de cr\u00e9ativit\u00e9, de [&hellip;]<\/p>\n","protected":false},"author":4,"featured_media":0,"comment_status":"open","ping_status":"open","sticky":false,"template":"","format":"standard","meta":{"footnotes":""},"categories":[1],"tags":[275,289,53,33,194,34,7,114,285,286,295,118,267,301,287,302,256,75,59,297,303,290,300,29,31,299,298],"class_list":["post-2449","post","type-post","status-publish","format-standard","hentry","category-we-are-the-cause","tag-275","tag-24heures","tag-adrian-meredith","tag-arnaud-cottet","tag-ballastiere","tag-benoit-goncerut","tag-cause","tag-diego-thonney","tag-faust-skate-co","tag-fisnik-maxhuni","tag-gilles-bieler","tag-jerome-saugy","tag-laax","tag-les-ateliers-baume","tag-locarno-film-festival","tag-michael-hartwell","tag-newsletter","tag-niko-sanz","tag-pierre-andrey","tag-projects","tag-radio-jso","tag-skiing-noshaq","tag-thechaletsessions","tag-wearethecause","tag-werideiniran","tag-weskateiniran","tag-wesurfiniran"],"_links":{"self":[{"href":"https:\/\/cause.ch\/lab\/wp-json\/wp\/v2\/posts\/2449","targetHints":{"allow":["GET"]}}],"collection":[{"href":"https:\/\/cause.ch\/lab\/wp-json\/wp\/v2\/posts"}],"about":[{"href":"https:\/\/cause.ch\/lab\/wp-json\/wp\/v2\/types\/post"}],"author":[{"embeddable":true,"href":"https:\/\/cause.ch\/lab\/wp-json\/wp\/v2\/users\/4"}],"replies":[{"embeddable":true,"href":"https:\/\/cause.ch\/lab\/wp-json\/wp\/v2\/comments?post=2449"}],"version-history":[{"count":10,"href":"https:\/\/cause.ch\/lab\/wp-json\/wp\/v2\/posts\/2449\/revisions"}],"predecessor-version":[{"id":2476,"href":"https:\/\/cause.ch\/lab\/wp-json\/wp\/v2\/posts\/2449\/revisions\/2476"}],"wp:attachment":[{"href":"https:\/\/cause.ch\/lab\/wp-json\/wp\/v2\/media?parent=2449"}],"wp:term":[{"taxonomy":"category","embeddable":true,"href":"https:\/\/cause.ch\/lab\/wp-json\/wp\/v2\/categories?post=2449"},{"taxonomy":"post_tag","embeddable":true,"href":"https:\/\/cause.ch\/lab\/wp-json\/wp\/v2\/tags?post=2449"}],"curies":[{"name":"wp","href":"https:\/\/api.w.org\/{rel}","templated":true}]}}