{"id":2512,"date":"2016-09-29T16:23:38","date_gmt":"2016-09-29T14:23:38","guid":{"rendered":"http:\/\/cause.ch\/lab\/?p=2512"},"modified":"2016-09-29T16:23:38","modified_gmt":"2016-09-29T14:23:38","slug":"lac-scubadive-los-bomberos-feb-giroscope","status":"publish","type":"post","link":"https:\/\/cause.ch\/lab\/we-are-the-cause\/lac-scubadive-los-bomberos-feb-giroscope\/","title":{"rendered":"Lac Scubadive: Los Bomberos \/ Feb &#038; Giroscope"},"content":{"rendered":"<div class=\"arx_pad_2 center_text\">\n<a href=\"http:\/\/cause.ch\/lab\/wp-content\/uploads\/2016\/09\/visu1-\u00a9giroscopefeb2016.jpg\"><img loading=\"lazy\" decoding=\"async\" src=\"http:\/\/cause.ch\/lab\/wp-content\/uploads\/2016\/09\/visu1-\u00a9giroscopefeb2016.jpg\" alt=\"visu1-giroscopefeb2016\" width=\"750\" height=\"1000\" class=\"alignnone size-full wp-image-2515\" srcset=\"https:\/\/cause.ch\/lab\/wp-content\/uploads\/2016\/09\/visu1-\u00a9giroscopefeb2016.jpg 750w, https:\/\/cause.ch\/lab\/wp-content\/uploads\/2016\/09\/visu1-\u00a9giroscopefeb2016-225x300.jpg 225w\" sizes=\"auto, (max-width: 750px) 100vw, 750px\" \/><\/a>\n<\/div>\n<p class=\"arx_0 center_content arx_pad_2\">\n\u00c9v\u00e8nement: <b><a href=\"https:\/\/www.facebook.com\/events\/240426056357741\/\" target=\"_blank\">Exposition Artistique \/<br \/>\nLive Painting Performance<\/a><\/a><\/b><br \/>\nArtistes: <b><a href=\"http:\/\/sfnks-blog-blog.tumblr.com\/\" target=\"_blank\">Feb<\/a> &#038; <a href=\"http:\/\/giroscope.ch\/\" target=\"_blank\">Giroscope<\/a><\/b><br \/>\nLieu: <b>Gallerie <a href=\"http:\/\/www.lacvevey.ch\/httpdocs\/\" target=\"_blank\">L.A.C.<\/a> Vevey<\/b><br \/>\nDate: <b>30.09.2016<\/b>\n<\/p>\n<p class=\"center_content arx_pad_0 arx_2_pages\">\n<a href=\"http:\/\/giroscope.ch\/\" target=\"_blank\">Giroscope<\/a> et <a href=\"http:\/\/sfnks-blog-blog.tumblr.com\/\" target=\"_blank\">Feb<\/a> se rencontrent il y a 7 ans autour d\u2019une passion commune, celle du skateboard et de son univers cr\u00e9atif.\n<\/p>\n<p class=\"center_content arx_pad_0 arx_2_pages\">\nD\u2019embl\u00e9e, les deux acolytes s\u2019accordent sur leur fa\u00e7on de penser. Partageant le m\u00eame humour, le m\u00eame attrait prononc\u00e9 pour les choses de l\u2019absurde et le monde de la na\u00efvet\u00e9, ils s\u2019expriment dans un langage commun, parl\u00e9 comme dessin\u00e9.\n<\/p>\n<p class=\"center_content arx_pad_0 arx_2_pages\">\nBien que leurs univers respectifs soient singuli\u00e8rement diff\u00e9rents, leurs styles se confondent \u00e0 la perfection lors de collaborations sur des \u0153uvres communes. L\u2019unit\u00e9 est telle, qu\u2019il arrive qu\u2019aucun des deux ne sache avec certitude qui a dessin\u00e9 quoi.\n<\/p>\n<p class=\"center_content arx_pad_2 arx_2_pages\">\nLes deux illustrateurs vous invitent \u00e0 d\u00e9couvrir leur complicit\u00e9 lors d\u2019une performance de live painting accompagn\u00e9s des Djs du <a href=\"http:\/\/dnhhillrunners.tumblr.com\/\" target=\"_blank\">DHN Runners Lausanne<\/a> au sein du <a href=\"http:\/\/www.lacvevey.ch\/httpdocs\/\" target=\"_blank\">LAC<\/a> (Local d\u2019Art Contemporain) et au travers d\u2019une exposition regroupant certains de leurs derniers travaux.\n<\/p>\n<div class=\"arx_pad_2 center_text\">\n<a href=\"http:\/\/cause.ch\/lab\/wp-content\/uploads\/2016\/09\/visu2-\u00a9giroscopefeb2016.jpg\"><img loading=\"lazy\" decoding=\"async\" src=\"http:\/\/cause.ch\/lab\/wp-content\/uploads\/2016\/09\/visu2-\u00a9giroscopefeb2016.jpg\" alt=\"visu2-giroscopefeb2016\" width=\"800\" height=\"1000\" class=\"alignnone size-full wp-image-2516\" srcset=\"https:\/\/cause.ch\/lab\/wp-content\/uploads\/2016\/09\/visu2-\u00a9giroscopefeb2016.jpg 800w, https:\/\/cause.ch\/lab\/wp-content\/uploads\/2016\/09\/visu2-\u00a9giroscopefeb2016-240x300.jpg 240w\" sizes=\"auto, (max-width: 800px) 100vw, 800px\" \/><\/a>\n<\/div>\n","protected":false},"excerpt":{"rendered":"<p>\u00c9v\u00e8nement: Exposition Artistique \/ Live Painting Performance Artistes: Feb &#038; Giroscope Lieu: Gallerie L.A.C. Vevey Date: 30.09.2016 Giroscope et Feb se rencontrent il y a 7 ans autour d\u2019une passion commune, celle du skateboard et de son univers cr\u00e9atif. D\u2019embl\u00e9e, les deux acolytes s\u2019accordent sur leur fa\u00e7on de penser. Partageant le m\u00eame humour, le m\u00eame [&hellip;]<\/p>\n","protected":false},"author":4,"featured_media":0,"comment_status":"open","ping_status":"open","sticky":false,"template":"","format":"standard","meta":{"footnotes":""},"categories":[1],"tags":[7,312,311,307,306,207,309,59,308,44,310,29],"class_list":["post-2512","post","type-post","status-publish","format-standard","hentry","category-we-are-the-cause","tag-cause","tag-dnh","tag-exposition","tag-feb","tag-giroscope","tag-illustration","tag-lac","tag-pierre-andrey","tag-sebastian-davila","tag-vernissage","tag-vevey","tag-wearethecause"],"_links":{"self":[{"href":"https:\/\/cause.ch\/lab\/wp-json\/wp\/v2\/posts\/2512","targetHints":{"allow":["GET"]}}],"collection":[{"href":"https:\/\/cause.ch\/lab\/wp-json\/wp\/v2\/posts"}],"about":[{"href":"https:\/\/cause.ch\/lab\/wp-json\/wp\/v2\/types\/post"}],"author":[{"embeddable":true,"href":"https:\/\/cause.ch\/lab\/wp-json\/wp\/v2\/users\/4"}],"replies":[{"embeddable":true,"href":"https:\/\/cause.ch\/lab\/wp-json\/wp\/v2\/comments?post=2512"}],"version-history":[{"count":6,"href":"https:\/\/cause.ch\/lab\/wp-json\/wp\/v2\/posts\/2512\/revisions"}],"predecessor-version":[{"id":2522,"href":"https:\/\/cause.ch\/lab\/wp-json\/wp\/v2\/posts\/2512\/revisions\/2522"}],"wp:attachment":[{"href":"https:\/\/cause.ch\/lab\/wp-json\/wp\/v2\/media?parent=2512"}],"wp:term":[{"taxonomy":"category","embeddable":true,"href":"https:\/\/cause.ch\/lab\/wp-json\/wp\/v2\/categories?post=2512"},{"taxonomy":"post_tag","embeddable":true,"href":"https:\/\/cause.ch\/lab\/wp-json\/wp\/v2\/tags?post=2512"}],"curies":[{"name":"wp","href":"https:\/\/api.w.org\/{rel}","templated":true}]}}