{"id":2529,"date":"2016-10-14T23:49:09","date_gmt":"2016-10-14T21:49:09","guid":{"rendered":"http:\/\/cause.ch\/lab\/?p=2529"},"modified":"2016-10-24T14:05:42","modified_gmt":"2016-10-24T12:05:42","slug":"square-marche-des-artisans-2016","status":"publish","type":"post","link":"https:\/\/cause.ch\/lab\/we-are-the-cause\/square-marche-des-artisans-2016\/","title":{"rendered":"Square: march\u00e9 des Artisans 2016"},"content":{"rendered":"<div class=\"arx_pad_2 center_text\">\n<a href=\"http:\/\/cause.ch\/lab\/wp-content\/uploads\/2016\/10\/square-ballastiere-\u00a9cause2016.jpg\"><img loading=\"lazy\" decoding=\"async\" src=\"http:\/\/cause.ch\/lab\/wp-content\/uploads\/2016\/10\/square-ballastiere-\u00a9cause2016.jpg\" alt=\"square-ballastiere-cause2016\" width=\"1250\" height=\"549\" class=\"alignnone size-full wp-image-2561\" srcset=\"https:\/\/cause.ch\/lab\/wp-content\/uploads\/2016\/10\/square-ballastiere-\u00a9cause2016.jpg 1250w, https:\/\/cause.ch\/lab\/wp-content\/uploads\/2016\/10\/square-ballastiere-\u00a9cause2016-300x132.jpg 300w, https:\/\/cause.ch\/lab\/wp-content\/uploads\/2016\/10\/square-ballastiere-\u00a9cause2016-1024x450.jpg 1024w\" sizes=\"auto, (max-width: 1250px) 100vw, 1250px\" \/><\/a>\n<\/div>\n<p class=\"arx_1 center_content arx_pad_1\">\n<i><b>Chers amis et collaborateurs<\/i><\/b>\n<\/p>\n<p class=\"arx_1 center_content arx_pad_1\">\nUn court communiqu\u00e9 pour vous faire l&#8217;annonce du projet Cause destin\u00e9 \u00e0 marquer le terme de l&#8217;ann\u00e9e 2016 d&#8217;une vague de chaleur et de cr\u00e9ativit\u00e9: la premi\u00e8re \u00e9dition de <b>Square<\/b>. Pr\u00e9vu pour se d\u00e9rouler le long d\u2019un beau samedi d\u2019hiver le 17 d\u00e9cembre prochain, il consistera en un grand march\u00e9 de l\u2019artisanat offrant aux nombreux cr\u00e9ateurs et artistes connus parmi l\u2019entourage de notre association un espace de vente et de mise en valeur pour oeuvres et produits les plus vari\u00e9s.\n<\/p>\n<p class=\"arx_1 center_content arx_pad_1\">\nServant \u00e9videmment de pr\u00e9texte id\u00e9al \u00e0 une ultime course aux cadeaux en vue des f\u00eates imminentes, l&#8217;\u00e9v\u00e8nement prendra aussi l&#8217;aspect d&#8217;une foire culinaire et culturelle, un lieu d&#8217;exposition et de promotion artistique, potentiellement propice \u00e0 des performances et happenings, dans le cadre du hangar industriel de nos locaux glandois. Ce sera l\u00e0 bien s\u00fbr \u00e9galement une belle occasion d&#8217;accueillir chez nous tous nos amis, public et partenaires, pour partager un verre dans la convivialit\u00e9 propre \u00e0 cette p\u00e9riode festive de fin d&#8217;ann\u00e9e.\n<\/p>\n<p class=\"arx_1 center_content arx_pad_1\">\n<b>En attendant les rappels d&#8217;une communication plus pr\u00e9cise et illustr\u00e9e \u00e0 l&#8217;approche de la date, cette premi\u00e8re annonce permet de solliciter l&#8217;attention du premier concern\u00e9: toi qui t&#8217;es reconnu dans ces lignes, artisan ou artiste passionn\u00e9, int\u00e9ress\u00e9 \u00e0 convoiter ta place pour \u00e9tablir un stand sur un site original, une vitrine pour tes cr\u00e9ations, toi qui pourrais venir apporter la solution salutaire \u00e0 de nombreux clients en qu\u00eate d\u00e9sesp\u00e9r\u00e9e de cadeaux \u00e0 7 jours de No\u00ebl!\n<\/p>\n<p class=\"arx_1 center_content arx_pad_1\">\nNous te sugg\u00e9rons donc \u00e0 toi et \u00e0 tous ceux qui se sentent inspir\u00e9s par cette opportunit\u00e9 &#8211; et en mesure d&#8217;y r\u00e9pondre &#8211; de nous exprimer votre motivation en faisant parvenir \u00e0 l&#8217;adresse <a href=\"mailto:be@cause.ch\" target=\"_top\">be@cause.ch<\/a> un dossier de pr\u00e9sentation de vos produits, concept ou cr\u00e9ations d&#8217;ici la fin de ce pr\u00e9sent mois d&#8217;octobre. Ceci nous permettra d\u2019\u00e9valuer avec pr\u00e9cision l\u2019effectif complet des participants, \u00e0 qui seront communiqu\u00e9s directement les d\u00e9tails pratiques relatifs \u00e0 l&#8217;organisation et aux frais d&#8217;inscription.<\/b>\n<\/p>\n<p class=\"arx_1 center_content arx_pad_1\">\nSi la richesse du potentiel ing\u00e9nieux repr\u00e9sent\u00e9 par de si nombreux concepteurs en tout genre autour de nous est certes importante, la capacit\u00e9 de l&#8217;espace \u00e0 disposition demeure toutefois limit\u00e9e: on ne pourra peut-\u00eatre pas garantir une place \u00e0 tout le monde. Sachez donc que notre s\u00e9lection se r\u00e9f\u00e9rera essentiellement au crit\u00e8re de diversit\u00e9 parmi les stands, ainsi qu&#8217;\u00e0 l&#8217;originalit\u00e9, la qualit\u00e9 et la pr\u00e9sentation des produits propos\u00e9s!\n<\/p>\n<p class=\"arx_1 center_content arx_pad_1\">\nEn attendant, l\u2019hiver approchant, ne tardez pas \u00e0 d\u00e9couvrir plus bas le teaser du tout dernier documentaire Cause, r\u00e9alis\u00e9 par <a href=\"http:\/\/www.julesg.ch\/\" target=\"_blank\">Jules Guarneri<\/a> et produit par <a href=\"http:\/\/www.arnaudcottet.com\/\" target=\"_blank\">Arnaud Cottet<\/a>, avec notamment la pr\u00e9sence de Renaud Langel: le court m\u00e9trage Pika. Relatant un voyage vers une terre promise pour tous freerideurs et aventuriers de ce monde, les montagnes sauvages de l&#8217;Alaska, il s&#8217;agit l\u00e0 encore d&#8217;un projet qui promet d&#8217;en mettre plein la vue d&#8217;images somptueuses et de sensations!\n<\/p>\n<p class=\"arx_1 center_content arx_pad_2\">\nEn vous faisant part de nos pens\u00e9es et salutations les plus sinc\u00e8res,\n<\/p>\n<p class=\"arx_1 center_content arx_pad_2\">\nles Agents de Cause\n<\/p>\n<div class=\"arx_pad_2 center_text\">\n<iframe loading=\"lazy\" src=\"https:\/\/player.vimeo.com\/video\/185314239?title=0&#038;byline=0&#038;portrait=0\" width=\"640\" height=\"360\" frameborder=\"0\" webkitallowfullscreen mozallowfullscreen allowfullscreen><\/iframe>\n<\/div>\n","protected":false},"excerpt":{"rendered":"<p>Chers amis et collaborateurs Un court communiqu\u00e9 pour vous faire l&#8217;annonce du projet Cause destin\u00e9 \u00e0 marquer le terme de l&#8217;ann\u00e9e 2016 d&#8217;une vague de chaleur et de cr\u00e9ativit\u00e9: la premi\u00e8re \u00e9dition de Square. Pr\u00e9vu pour se d\u00e9rouler le long d\u2019un beau samedi d\u2019hiver le 17 d\u00e9cembre prochain, il consistera en un grand march\u00e9 de [&hellip;]<\/p>\n","protected":false},"author":4,"featured_media":0,"comment_status":"open","ping_status":"open","sticky":false,"template":"","format":"standard","meta":{"footnotes":""},"categories":[1],"tags":[175,320,321,194,318,322,7,323,319,324,29],"class_list":["post-2529","post","type-post","status-publish","format-standard","hentry","category-we-are-the-cause","tag-art","tag-artisan","tag-artisanat","tag-ballastiere","tag-bazaar","tag-cadeaux","tag-cause","tag-fete","tag-marche","tag-noel","tag-wearethecause"],"_links":{"self":[{"href":"https:\/\/cause.ch\/lab\/wp-json\/wp\/v2\/posts\/2529","targetHints":{"allow":["GET"]}}],"collection":[{"href":"https:\/\/cause.ch\/lab\/wp-json\/wp\/v2\/posts"}],"about":[{"href":"https:\/\/cause.ch\/lab\/wp-json\/wp\/v2\/types\/post"}],"author":[{"embeddable":true,"href":"https:\/\/cause.ch\/lab\/wp-json\/wp\/v2\/users\/4"}],"replies":[{"embeddable":true,"href":"https:\/\/cause.ch\/lab\/wp-json\/wp\/v2\/comments?post=2529"}],"version-history":[{"count":12,"href":"https:\/\/cause.ch\/lab\/wp-json\/wp\/v2\/posts\/2529\/revisions"}],"predecessor-version":[{"id":2562,"href":"https:\/\/cause.ch\/lab\/wp-json\/wp\/v2\/posts\/2529\/revisions\/2562"}],"wp:attachment":[{"href":"https:\/\/cause.ch\/lab\/wp-json\/wp\/v2\/media?parent=2529"}],"wp:term":[{"taxonomy":"category","embeddable":true,"href":"https:\/\/cause.ch\/lab\/wp-json\/wp\/v2\/categories?post=2529"},{"taxonomy":"post_tag","embeddable":true,"href":"https:\/\/cause.ch\/lab\/wp-json\/wp\/v2\/tags?post=2529"}],"curies":[{"name":"wp","href":"https:\/\/api.w.org\/{rel}","templated":true}]}}