{"id":2541,"date":"2016-10-18T16:52:45","date_gmt":"2016-10-18T14:52:45","guid":{"rendered":"http:\/\/cause.ch\/lab\/?p=2541"},"modified":"2016-10-24T13:06:41","modified_gmt":"2016-10-24T11:06:41","slug":"clip-epfl-masters-projects-2016","status":"publish","type":"post","link":"https:\/\/cause.ch\/lab\/we-are-the-cause\/clip-epfl-masters-projects-2016\/","title":{"rendered":"Clip: EPFL Masters Projects 2016"},"content":{"rendered":"<div class=\"arx_pad_2 center_text\">\n<iframe loading=\"lazy\" src=\"https:\/\/player.vimeo.com\/video\/185297037?color=ffffff&#038;title=0&#038;byline=0&#038;portrait=0\" width=\"640\" height=\"360\" frameborder=\"0\" webkitallowfullscreen mozallowfullscreen allowfullscreen><\/iframe>\n<\/div>\n<p class=\"arx_0 center_content arx_pad_2\">\n<i>Vid\u00e9o<\/i> <b>Adrian Meredith<\/b><br \/>\n<i>Musique<\/i> <b><a href=\"http:\/\/soundcloud.com\/legomec\" target=\"_blank\">LEGOMEC<\/a><\/b><br \/>\n<i>Pour<\/i> <b>la <a href=\"http:\/\/enac.epfl.ch\/architecture\" target=\"_blank\">Section Architecture de l&#8217;EPFL<\/a><\/b>\n<\/p>\n<div class=\"arx_pad_2 center_content\">\n<div class=\"center_text arx_pad_0\" style=\"float:left\">\n<a href=\"http:\/\/asar.epfl.ch\/\" target=\"_blank\"><img loading=\"lazy\" decoding=\"async\" src=\"http:\/\/cause.ch\/lab\/wp-content\/uploads\/2015\/11\/logo-asar-\u00a9epfl.jpg\" alt=\"logo-asar-\u00a9epfl\" width=\"150\" height=\"97\" class=\"alignnone size-full wp-image-2126\" \/><\/a>\n<\/div>\n<div class=\"center_text arx_pad_0\" style=\"float:right\">\n<a href=\"http:\/\/epfl.ch\" target=\"_blank\"><img loading=\"lazy\" decoding=\"async\" src=\"http:\/\/cause.ch\/lab\/wp-content\/uploads\/2015\/11\/logo-\u00a9epfl.png\" alt=\"logo-\u00a9epfl\" width=\"150\" height=\"97\" class=\"alignnone size-full wp-image-2037\" \/><\/a><\/a>\n<\/div>\n<div class=\"center_text arx_pad_0\" style=\"float:center\">\n<a href=\"http:\/\/asar.epfl.ch\/cms\/site\/asar\/lang\/fr\/map13\" target=\"_blank\"><img loading=\"lazy\" decoding=\"async\" src=\"http:\/\/cause.ch\/lab\/wp-content\/uploads\/2016\/10\/logo-map16-\u00a9epfl2016.jpg\" alt=\"logo-map16-epfl2016\" width=\"100\" height=\"321\" class=\"alignnone size-full wp-image-2542\" \/><\/a>\n<\/div>\n<\/div>\n<p class=\"arx_2_pages center_content arx_pad_2\">\nAdrian Meredith pr\u00eate une nouvelle fois son expertise audiovisuelle au profit des activit\u00e9s de l&#8217;\u00e9cole polytechnique f\u00e9d\u00e9rale. En d\u00e9coule cette agr\u00e9able mise en valeur des projets Masters rendus par les \u00e9tudiants en Architecture de la vol\u00e9e 2016. Par ailleurs, le clip constitue le premier fruit d&#8217;une association artistique avec les patchworks sonores du cr\u00e9ateur londonien d&#8217;electronica <i><b>Legomec<\/i><\/b>. La r\u00e9ussite peaufin\u00e9e de cette s\u00e9quence se confirme dans la coh\u00e9rence du choix musical: dans un mouvement de va et vient harmonieux, le morceau <i><b><a href=\"https:\/\/soundcloud.com\/legomec\/legomec-recycle-v2\" target=\"_blank\">Recycle V2<\/a><\/i><\/b> berce l&#8217;ou\u00efe en douceur et fluidit\u00e9, ponctu\u00e9 de beats et fioritures cr\u00e9pitants avec un effet positivement stimulant. On y voit bien se refl\u00e9ter les sursauts cr\u00e9atifs, l&#8217;application enjou\u00e9e et le soin du d\u00e9tail concr\u00e9tis\u00e9s dans les maquettes architecturales repr\u00e9sent\u00e9es.<\/p>\n","protected":false},"excerpt":{"rendered":"<p>Vid\u00e9o Adrian Meredith Musique LEGOMEC Pour la Section Architecture de l&#8217;EPFL Adrian Meredith pr\u00eate une nouvelle fois son expertise audiovisuelle au profit des activit\u00e9s de l&#8217;\u00e9cole polytechnique f\u00e9d\u00e9rale. En d\u00e9coule cette agr\u00e9able mise en valeur des projets Masters rendus par les \u00e9tudiants en Architecture de la vol\u00e9e 2016. Par ailleurs, le clip constitue le premier [&hellip;]<\/p>\n","protected":false},"author":4,"featured_media":0,"comment_status":"open","ping_status":"open","sticky":false,"template":"","format":"standard","meta":{"footnotes":""},"categories":[1],"tags":[275,53,64,169,7,54,5,107,325,326,29],"class_list":["post-2541","post","type-post","status-publish","format-standard","hentry","category-we-are-the-cause","tag-275","tag-adrian-meredith","tag-architecture","tag-asar","tag-cause","tag-clip","tag-epfl","tag-film","tag-legomec","tag-map-16","tag-wearethecause"],"_links":{"self":[{"href":"https:\/\/cause.ch\/lab\/wp-json\/wp\/v2\/posts\/2541","targetHints":{"allow":["GET"]}}],"collection":[{"href":"https:\/\/cause.ch\/lab\/wp-json\/wp\/v2\/posts"}],"about":[{"href":"https:\/\/cause.ch\/lab\/wp-json\/wp\/v2\/types\/post"}],"author":[{"embeddable":true,"href":"https:\/\/cause.ch\/lab\/wp-json\/wp\/v2\/users\/4"}],"replies":[{"embeddable":true,"href":"https:\/\/cause.ch\/lab\/wp-json\/wp\/v2\/comments?post=2541"}],"version-history":[{"count":17,"href":"https:\/\/cause.ch\/lab\/wp-json\/wp\/v2\/posts\/2541\/revisions"}],"predecessor-version":[{"id":2559,"href":"https:\/\/cause.ch\/lab\/wp-json\/wp\/v2\/posts\/2541\/revisions\/2559"}],"wp:attachment":[{"href":"https:\/\/cause.ch\/lab\/wp-json\/wp\/v2\/media?parent=2541"}],"wp:term":[{"taxonomy":"category","embeddable":true,"href":"https:\/\/cause.ch\/lab\/wp-json\/wp\/v2\/categories?post=2541"},{"taxonomy":"post_tag","embeddable":true,"href":"https:\/\/cause.ch\/lab\/wp-json\/wp\/v2\/tags?post=2541"}],"curies":[{"name":"wp","href":"https:\/\/api.w.org\/{rel}","templated":true}]}}