{"id":2563,"date":"2016-11-01T16:31:02","date_gmt":"2016-11-01T15:31:02","guid":{"rendered":"http:\/\/cause.ch\/lab\/?p=2563"},"modified":"2016-11-02T16:07:34","modified_gmt":"2016-11-02T15:07:34","slug":"forward-america","status":"publish","type":"post","link":"https:\/\/cause.ch\/lab\/we-are-the-cause\/forward-america\/","title":{"rendered":"Forward: America"},"content":{"rendered":"<div class=\"arx_pad_2 center_text\">\n<a href=\"http:\/\/cause.ch\/lab\/wp-content\/uploads\/2016\/11\/trunk-forward-america-olof-grind-\u00a9cause2016.jpg\"><img loading=\"lazy\" decoding=\"async\" src=\"http:\/\/cause.ch\/lab\/wp-content\/uploads\/2016\/11\/trunk-forward-america-olof-grind-\u00a9cause2016.jpg\" alt=\"trunk-forward-america-olof-grind-cause2016\" width=\"1000\" height=\"667\" class=\"alignnone size-full wp-image-2602\" srcset=\"https:\/\/cause.ch\/lab\/wp-content\/uploads\/2016\/11\/trunk-forward-america-olof-grind-\u00a9cause2016.jpg 1000w, https:\/\/cause.ch\/lab\/wp-content\/uploads\/2016\/11\/trunk-forward-america-olof-grind-\u00a9cause2016-300x200.jpg 300w, https:\/\/cause.ch\/lab\/wp-content\/uploads\/2016\/11\/trunk-forward-america-olof-grind-\u00a9cause2016-640x426.jpg 640w\" sizes=\"auto, (max-width: 1000px) 100vw, 1000px\" \/><\/a>\n<\/div>\n<p class=\"arx_2_pages center_content arx_pad_2\">\nProjet: <b><i>Forward: America<\/b><\/i><br \/>\nGenre: <b>Documentaire<\/b><br \/>\n<i>Une coproduction <b>Cause<\/b> et <b>Moritz Pialat<\/b><\/i>\n<\/p>\n<p class=\"arx_pages_2 center_content center_text arx_pad_1\">\nla Fin du R\u00eave\n<\/p>\n<p class=\"arx_0 center_content arx_pad_1\">\nInto the West\n<\/p>\n<p class=\"arx_1 center_content arx_pad_1\">\nLe collectif s&#8217;appelle <b>Moritz Pialat<\/b>. Pour marquer une r\u00e9v\u00e9rence unanime \u00e0 l&#8217;oeuvre du r\u00e9alisateur <a href=\"https:\/\/fr.wikipedia.org\/wiki\/Maurice_Pialat\" target=\"_blank\">Maurice Pialat<\/a>. La l\u00e9g\u00e8re variation au pr\u00e9nom pour insister sur la touche suisse. Voil\u00e0, facile. Il s&#8217;agit de Fisnik Maxhuni, Fr\u00e9d\u00e9ric Steimer et Pierre-Olivier Chenu, 3 jeunes r\u00e9alisateurs franco-romands issus de parcours universitaires en domaines scientifiques, reconvertis en artistes du septi\u00e8me art.\n<\/p>\n<p class=\"arx_1 center_content arx_pad_1\">\nUnis par l&#8217;ambition engag\u00e9e d&#8217;un cin\u00e9ma exp\u00e9rimental innovateur, cette volont\u00e9 partag\u00e9e les f\u00e9d\u00e8re aujourd&#8217;hui autour du projet <b><i>Forward: America<\/b><\/i> &#8211; un documentaire en cours de tournage sur un road-trip \u00e0 travers les \u00e9tats am\u00e9ricains du sud-est dits de la <i><a href=\"https:\/\/fr.wikipedia.org\/wiki\/Bible_Belt\" target=\"_blank\">Bible Belt<\/a><\/i>. Une odyss\u00e9e \u00e0 voiture de la Nouvelle Orl\u00e9ans \u00e0 New York, alors que la folie des \u00e9lections pr\u00e9sidentielles atteint son paroxysme. Port\u00e9 aussi bien par la fascination que par un effort d&#8217;ouverture et de compr\u00e9hension, le collectif entreprend de d\u00e9peindre avec une approche libre le visage d&#8217;une autre Am\u00e9rique contrastant avec les repr\u00e9sentations r\u00e9pandues et les projections d\u00e9su\u00e8tes.\n<\/p>\n<p class=\"arx_0 center_content arx_pad_1\">\nShowtime\n<\/p>\n<p class=\"arx_1 center_content arx_pad_1\">\nLes \u00c9tats-Unis. Aujourd&#8217;hui sc\u00e8ne d&#8217;un cirque grotesque. Une parodie ind\u00e9cente aux perspectives troublantes, une blague de mauvais go\u00fbt. Sinistres promesses hors d&#8217;un marais de turpitudes politiques aux relents \u00e9c\u0153urants. Combien ne partagent donc pas ce sentiment d&#8217;h\u00e9b\u00e8tement pointant au <i>comment en est-on arriv\u00e9 l\u00e0?<\/i> \u00c0 des d\u00e9bats d&#8217;une telle bassesse. Aux petites gu\u00e9-guerres gamines de deux candidats aussi peu cr\u00e9dibles ou fiables l&#8217;un que l&#8217;autre. Aux rebondissements rocambolesques qui leurrent si facilement l&#8217;opinion et affolent les sondages. Au grand gala du <i>Miss or Mister America Pageant<\/i>&#8230;\n<\/p>\n<p class=\"arx_1 center_content arx_pad_1\">\nCa peut pas \u00eatre s\u00e9rieux&#8230; On voudrait d\u00e9tourner le regard &#8211; notre intelligence se sent ouvertement offens\u00e9e. Mais d&#8217;abord au fait, pourquoi diable se sentir \u00e0 ce point concern\u00e9 d&#8217;aussi loin, en Europe, en Suisse? Les cha\u00eenes d&#8217;info sont-elles encore parvenues \u00e0 convaincre qu&#8217;une telle affaire fasse incontestablement la une et occupe tous les esprits? Car c&#8217;est une r\u00e9alit\u00e9: tout le monde en parle, donne son avis, s&#8217;afflige. Tout compte fait, il s&#8217;agit quand m\u00eame de la premi\u00e8re superpuissance \u00e9conomique, militaire et m\u00e9diatique: comment, en effet, ne pas s&#8217;alarmer des cons\u00e9quences potentielles de ce ph\u00e9nom\u00e9nal concours d&#8217;hypocrisie? \u00c7a pourrait bien devenir tr\u00e8s s\u00e9rieux.\n<\/p>\n<p class=\"arx_1 center_content arx_pad_1\">\nC&#8217;est l\u00e0 typiquement le genre de situations qui entra\u00eenent certaines imaginations \u00e0 fabuler que quelque part, tapis dans l&#8217;ombre en coulisses, d&#8217;occultes marionnettistes sadiques tirent les ficelles de la farce satirique. Si ce n&#8217;est, plus commun\u00e9ment, \u00e0 perdre tout espoir en l&#8217;univers de la politique. On va bien \u00e9videmment \u00e9viter ici de faire semblant de ne pas \u00eatre parfois bien peu fiers de nos propres repr\u00e9sentants, d&#8217;o\u00f9 que l&#8217;on puisse \u00eatre. Toujours est-il qu&#8217;on retrouve ces jours trop souvent le sentiment que \u00e7a n&#8217;avait jamais vol\u00e9 aussi bas. \u00c0 se dire \u00e0 tr\u00e8s juste titre: <i>You must be kidding me<\/i>.\n<\/p>\n<p class=\"arx_0 center_content arx_pad_1\">\nUne approche libre\n<\/p>\n<p class=\"arx_1 center_content arx_pad_1\">\nMais ce serait trop simple et l\u00e0 tr\u00e8s injuste de s&#8217;arr\u00eater \u00e0 la simple explication que les am\u00e9ricains sont aussi sots, sournois ou grossiers que ce que d\u00e9montrent les deux candidats \u00e0 la pr\u00e9sidence. On se doit d&#8217;envisager l&#8217;interpr\u00e9tation de cette mascarade \u00e9lectorale comme symptomatique d&#8217;un trouble plus profond et complexe, quelque chose d&#8217;au fond bien plus appr\u00e9hendable: celui d&#8217;un peuple divis\u00e9, en plein doute, d\u00e9senchant\u00e9. Scind\u00e9 en deux partis inconciliables et pourtant ins\u00e9parables sous l&#8217;embl\u00e8me de l&#8217;identit\u00e9 nationale, en pleine crise de valeurs et perte de rep\u00e8res.\n<\/p>\n<p class=\"arx_1 center_content arx_pad_1\">\nC&#8217;est dans un tel \u00e9lan, semble-t-il, que se sont lanc\u00e9s les trois r\u00e9alisateurs. Charg\u00e9s de respect et d&#8217;humilit\u00e9, l&#8217;esprit pos\u00e9 et r\u00e9fl\u00e9chi, d\u00e9laissant tout soup\u00e7on de sarcasme et faux-airs, le moins que l&#8217;on puisse dire est qu&#8217;ils sont partis bien appr\u00eat\u00e9s. <i>&#8220;Une pr\u00e9paration en amont stricte et bien rod\u00e9e&#8221;<\/i> pour reprendre leurs termes. Et \u00e7a se sent. D&#8217;abord dans le flegme confiant et la d\u00e9contraction qui ressort des podcasts d&#8217;interviews publi\u00e9s sur les fr\u00e9quences du <a href=\"http:\/\/www.grrif.ch\/fr\/Blogs\/Sacree-soiree\/Forward-America-l-envers-du-decor-de-la-campagne.html\" target=\"_blank\">Grrif<\/a>. La jeune radio jurassienne suit en effet de pr\u00e8s l&#8217;odyss\u00e9e am\u00e9ricaine du collectif de semaine en semaine depuis leur d\u00e9part, d\u00e9but octobre. Et non seulement nos comp\u00e8res ma\u00eetrisent leur sujet, mais encore l&#8217;abordent-ils avec la mesure appropri\u00e9e de modestie, sinc\u00e9rit\u00e9 et empathie.\n<\/p>\n<p class=\"arx_1 center_content arx_pad_1\">\nLeur intention est d&#8217;abord exp\u00e9rimentale: une exploration de voies d&#8217;expression diverses, visitant parfois la limite entre documentaire et fiction. <i><a href=\"https:\/\/fr.wikipedia.org\/wiki\/Journalisme_gonzo\" target=\"_blank\">Gonzo style<\/a><\/i> assum\u00e9, surtout dans l&#8217;ultra-subjectivit\u00e9. Une travers\u00e9e de bayous, mangroves, <i>ghost towns<\/i> et champs de coton de la Louisiane, l&#8217;Arkansas, le Tennessee et le Kentucky. Pour confronter les gens avec la vision europ\u00e9enne de la situation.\n<\/p>\n<p class=\"arx_1 center_content arx_pad_1\">\nConfiants que les extr\u00e9mit\u00e9s refl\u00e9t\u00e9es par les deux concurrents saura leur fournir un mat\u00e9riel cin\u00e9matographique tr\u00e8s puissant, ils souhaitent toutefois se d\u00e9marquer d&#8217;une analyse politique pure. Ce qui les int\u00e9resse est <i>&#8220;non pas un film sur la campagne, mais une \u00e9tude sur l&#8217;impact de la campagne sur les r\u00e9sidents de certaines r\u00e9gions am\u00e9ricaines.&#8221;<\/i> Il partent ainsi \u00e0 la rencontre de ces \u00e9tats d\u00e9laiss\u00e9s des institutions pour sonder les avis de ceux qui sont si peu &#8211; voire pas du tout &#8211; repr\u00e9sent\u00e9s par le supr\u00eame faisceau m\u00e9diatique. Ils tendront par l\u00e0 aussi \u00e0 expliciter d&#8217;avantage les implications de la tendance d\u00e9missionnaire, somme toute premi\u00e8re majoritaire, parmi la population \u00e9lectorale.\n<\/p>\n<p class=\"arx_0 center_content arx_pad_1\">\nComme dans les films\n<\/p>\n<p class=\"arx_1 center_content arx_pad_1\">\nEt bien s\u00fbr, il ne sert \u00e0 rien de nier qu&#8217;il s&#8217;agit quelque part d&#8217;exploiter le cot\u00e9 croustillant de certaines tendances typiques qui font le mythe de l&#8217;Am\u00e9rique de ces r\u00e9gions, vu de l&#8217;ext\u00e9rieur, port\u00e9 sur nos \u00e9crans: formats extra-larges de ferveurs fi\u00e9vreuses en tout genre. Fondamentalisme, conservatisme et supr\u00e9matie des valeurs, capitalisme, nationalisme, communautarisme, consum\u00e9risme, divertissement, spectacle, toujours la totale. Sans parvenir \u00e0 att\u00e9nuer l&#8217;arri\u00e8re go\u00fbt \u00e2pre de la r\u00e9alit\u00e9 quotidienne d&#8217;une grande partie: crise, pr\u00e9carit\u00e9, d\u00e9ch\u00e9ance, exc\u00e8s, <i>brainwashing<\/i>, d\u00e9sillusion, ins\u00e9curit\u00e9, tensions, s\u00e9gr\u00e9gation. Les revers du r\u00eave auquel on persiste \u00e0 croire, paradoxe d&#8217;une libert\u00e9 si peu libre, une culture id\u00e9alis\u00e9e et le contraste perturbant de sa v\u00e9rit\u00e9.\n<\/p>\n<p class=\"arx_1 center_content arx_pad_1\">\nUn ailleurs o\u00f9 chaque personne rencontr\u00e9e est susceptible d&#8217;incarner un des aspects de cette dimension hors-norme qui caract\u00e9rise nos visions \u00e9trang\u00e8res. Et sachant \u00e0 quel point le climat actuel magnifie ces traits culturels caricaturaux, on ne peut que comprendre l&#8217;opportunisme derri\u00e8re les motivations de nos documentaristes.\n<\/p>\n<p class=\"arx_1 center_content arx_pad_2\">\nOr, si l&#8217;on doit se pr\u00e9parer \u00e0 un voyage qui ach\u00e8vera sans doute de faire \u00e9vaporer quelques fantasmes embaum\u00e9s qu&#8217;on peut encore se projeter du nouveau monde, on peut simultan\u00e9ment se risquer \u00e0 s&#8217;attendre \u00e0 une conclusion impr\u00e9gn\u00e9e d&#8217;une tonalit\u00e9 encourageante. Connaissant la qualit\u00e9 des caract\u00e8res qui s&#8217;exprime parmi les membres du collectif, il ne fait pas de doute qu&#8217;ils tireront de l&#8217;exp\u00e9rience ce qu&#8217;elle offrira de plus g\u00e9n\u00e9reux: en valorisant la richesse de leurs rencontres en chemin, l&#8217;authenticit\u00e9 et le charisme des personnalit\u00e9s les plus vari\u00e9es, et tous les fruits d&#8217;une vraie exp\u00e9rience humaine avant tout. Tout ceci pour nous amener &#8211; esp\u00e9rons-le &#8211; \u00e0 une meilleure compr\u00e9hension du contexte qui a fait qu&#8217;aujourd&#8217;hui le peuple am\u00e9ricain se trouve face \u00e0 un dilemme si consternant, \u00e0 savoir: devoir &#8211; sinon se taire &#8211; faire le choix du moins pire parmi deux maux.\n<\/p>\n<p class=\"arx_0 center_content arx_pad_2\">\ntexte: <b>P. von Arx<\/b><br \/>\nphotos: <b><a href=\"http:\/\/olofgrind.se\/\" target=\"_blank\">Olof Grind<\/a><\/b><\/p>\n<p><div class=\"arx_pad_2 center_text\">\n<a href=\"http:\/\/cause.ch\/lab\/wp-content\/uploads\/2016\/11\/convention-forward-america-olof-grind-\u00a9cause2016.jpg\"><img loading=\"lazy\" decoding=\"async\" src=\"http:\/\/cause.ch\/lab\/wp-content\/uploads\/2016\/11\/convention-forward-america-olof-grind-\u00a9cause2016.jpg\" alt=\"convention-forward-america-olof-grind-cause2016\" width=\"949\" height=\"633\" class=\"alignnone size-full wp-image-2600\" srcset=\"https:\/\/cause.ch\/lab\/wp-content\/uploads\/2016\/11\/convention-forward-america-olof-grind-\u00a9cause2016.jpg 949w, https:\/\/cause.ch\/lab\/wp-content\/uploads\/2016\/11\/convention-forward-america-olof-grind-\u00a9cause2016-300x200.jpg 300w, https:\/\/cause.ch\/lab\/wp-content\/uploads\/2016\/11\/convention-forward-america-olof-grind-\u00a9cause2016-640x426.jpg 640w\" sizes=\"auto, (max-width: 949px) 100vw, 949px\" \/><\/a>\n<\/div>\n<div class=\"arx_pad_2 center_text\">\n<a href=\"http:\/\/cause.ch\/lab\/wp-content\/uploads\/2016\/11\/trump-lexus-forward-america-olof-grind-\u00a9cause2016.jpg\"><img loading=\"lazy\" decoding=\"async\" src=\"http:\/\/cause.ch\/lab\/wp-content\/uploads\/2016\/11\/trump-lexus-forward-america-olof-grind-\u00a9cause2016.jpg\" alt=\"trump-lexus-forward-america-olof-grind-cause2016\" width=\"1000\" height=\"667\" class=\"alignnone size-full wp-image-2601\" srcset=\"https:\/\/cause.ch\/lab\/wp-content\/uploads\/2016\/11\/trump-lexus-forward-america-olof-grind-\u00a9cause2016.jpg 1000w, https:\/\/cause.ch\/lab\/wp-content\/uploads\/2016\/11\/trump-lexus-forward-america-olof-grind-\u00a9cause2016-300x200.jpg 300w, https:\/\/cause.ch\/lab\/wp-content\/uploads\/2016\/11\/trump-lexus-forward-america-olof-grind-\u00a9cause2016-640x426.jpg 640w\" sizes=\"auto, (max-width: 1000px) 100vw, 1000px\" \/><\/a>\n<\/div>\n<div class=\"arx_pad_2 center_text\">\n<a href=\"http:\/\/cause.ch\/lab\/wp-content\/uploads\/2016\/11\/sticker-forward-america-\u00a9cause2016.jpg\"><img loading=\"lazy\" decoding=\"async\" src=\"http:\/\/cause.ch\/lab\/wp-content\/uploads\/2016\/11\/sticker-forward-america-\u00a9cause2016.jpg\" alt=\"sticker-forward-america-cause2016\" width=\"1000\" height=\"563\" class=\"alignnone size-full wp-image-2570\" srcset=\"https:\/\/cause.ch\/lab\/wp-content\/uploads\/2016\/11\/sticker-forward-america-\u00a9cause2016.jpg 1000w, https:\/\/cause.ch\/lab\/wp-content\/uploads\/2016\/11\/sticker-forward-america-\u00a9cause2016-300x169.jpg 300w\" sizes=\"auto, (max-width: 1000px) 100vw, 1000px\" \/><\/a>\n<\/div>\n","protected":false},"excerpt":{"rendered":"<p>Projet: Forward: America Genre: Documentaire Une coproduction Cause et Moritz Pialat la Fin du R\u00eave Into the West Le collectif s&#8217;appelle Moritz Pialat. Pour marquer une r\u00e9v\u00e9rence unanime \u00e0 l&#8217;oeuvre du r\u00e9alisateur Maurice Pialat. La l\u00e9g\u00e8re variation au pr\u00e9nom pour insister sur la touche suisse. Voil\u00e0, facile. Il s&#8217;agit de Fisnik Maxhuni, Fr\u00e9d\u00e9ric Steimer et [&hellip;]<\/p>\n","protected":false},"author":4,"featured_media":0,"comment_status":"open","ping_status":"open","sticky":false,"template":"","format":"standard","meta":{"footnotes":""},"categories":[1],"tags":[275,7,220,107,286,327,331,333,330,332,329,328,29],"class_list":["post-2563","post","type-post","status-publish","format-standard","hentry","category-we-are-the-cause","tag-275","tag-cause","tag-documentaire","tag-film","tag-fisnik-maxhuni","tag-forward-america","tag-frederic-steimer","tag-grrif","tag-moritz-pialat","tag-pierre-olivier-chenu","tag-road-movie","tag-us-elections","tag-wearethecause"],"_links":{"self":[{"href":"https:\/\/cause.ch\/lab\/wp-json\/wp\/v2\/posts\/2563","targetHints":{"allow":["GET"]}}],"collection":[{"href":"https:\/\/cause.ch\/lab\/wp-json\/wp\/v2\/posts"}],"about":[{"href":"https:\/\/cause.ch\/lab\/wp-json\/wp\/v2\/types\/post"}],"author":[{"embeddable":true,"href":"https:\/\/cause.ch\/lab\/wp-json\/wp\/v2\/users\/4"}],"replies":[{"embeddable":true,"href":"https:\/\/cause.ch\/lab\/wp-json\/wp\/v2\/comments?post=2563"}],"version-history":[{"count":37,"href":"https:\/\/cause.ch\/lab\/wp-json\/wp\/v2\/posts\/2563\/revisions"}],"predecessor-version":[{"id":2609,"href":"https:\/\/cause.ch\/lab\/wp-json\/wp\/v2\/posts\/2563\/revisions\/2609"}],"wp:attachment":[{"href":"https:\/\/cause.ch\/lab\/wp-json\/wp\/v2\/media?parent=2563"}],"wp:term":[{"taxonomy":"category","embeddable":true,"href":"https:\/\/cause.ch\/lab\/wp-json\/wp\/v2\/categories?post=2563"},{"taxonomy":"post_tag","embeddable":true,"href":"https:\/\/cause.ch\/lab\/wp-json\/wp\/v2\/tags?post=2563"}],"curies":[{"name":"wp","href":"https:\/\/api.w.org\/{rel}","templated":true}]}}