{"id":257,"date":"2013-11-06T16:43:53","date_gmt":"2013-11-06T15:43:53","guid":{"rendered":"http:\/\/cause.ch\/lab\/?p=257"},"modified":"2015-10-15T19:29:44","modified_gmt":"2015-10-15T17:29:44","slug":"grand-prix-romand-de-la-creation-2013","status":"publish","type":"post","link":"https:\/\/cause.ch\/lab\/mandats\/grand-prix-romand-de-la-creation-2013\/","title":{"rendered":"GRAND Prix Romand de la Cr\u00e9ation 2013"},"content":{"rendered":"<div class=\"arx_pad_2 center_text\">\n<iframe loading=\"lazy\" src=\"\/\/player.vimeo.com\/video\/77785774?portrait=0&amp;color=ffffff\" width=\"640\" height=\"360\" frameborder=\"0\" webkitallowfullscreen mozallowfullscreen allowfullscreen><\/iframe>\n<\/div>\n<p class=\"arx_0 center_content arx_pad_1\">\nProjet: <b>Couverture m\u00e9diatique d&#8217;un \u00e9v\u00e9nement<\/b><br \/>\nTeam Cause: <b>Beno\u00eet Goncerut, Nikola Sanz et Adrian Meredith<\/b><br \/>\nClient: <b>GRAND Prix Romand de la Cr\u00e9ation<\/b>\n<\/p>\n<div class=\"center_text arx_pad_1\">\n<a href=\"http:\/\/www.grand2013.ch\/\"><img loading=\"lazy\" decoding=\"async\" src=\"http:\/\/cause.ch\/lab\/wp-content\/uploads\/2014\/04\/GRAND_GPRC_LOGO.jpg\" alt=\"GRAND_GPRC_LOGO\" width=\"161\" height=\"50\" class=\"alignnone size-full wp-image-927\" \/><\/a>\n<\/div>\n<p class=\"arx_1 arx_pad_1 center_content\">\nEn septembre 2013, \u00e0 l&#8217;occasion de la c\u00e9r\u00e9monie de remise du <a href=\"http:\/\/grand2013.ch\/\">Grand Prix Romand de la Cr\u00e9ation 2013<\/a>, notre agence est mandat\u00e9e par les membres du comit\u00e9 d&#8217;organisation de l&#8217;\u00e9v\u00e8nement pour en r\u00e9aliser la couverture m\u00e9diatique:\n<\/p>\n<p class=\"arx_1 arx_pad_2 center_content\">\n<i>Le &#8220;GRAND&#8221; r\u00e9compense les travaux les plus cr\u00e9atifs de Suisse Romande dans les divers m\u00e9dias de la communication: photographie, web design, \u00e9ditions \u00e9ditoriales, campagnes publicitaires, ou encore applications mobiles diffus\u00e9s en Suisse et dans le monde. Sa 9e \u00e9dition s&#8217;est d\u00e9roul\u00e9e au Th\u00e9\u00e2tre du L\u00e9man, r\u00e9unissant toute une pl\u00e9iade d&#8217;artistes, acteurs culturels et commerciaux, journalistes, jur\u00e9s et personnalit\u00e9s romandes.<\/i><\/p>\n","protected":false},"excerpt":{"rendered":"<p class=\"arx_excerpt arx_pad_2\">\nProjet: <b>Couverture m\u00e9diatique d&#8217;un \u00e9v\u00e9nement<\/b><br \/>\nTeam Cause: <b>Beno\u00eet Goncerut, Nikola Sanz et Adrian Meredith<\/b><br \/>\nClient: <b>GRAND Prix Romand de la Cr\u00e9ation<\/b><\/p>\n","protected":false},"author":4,"featured_media":0,"comment_status":"open","ping_status":"open","sticky":false,"template":"","format":"standard","meta":{"footnotes":""},"categories":[13],"tags":[47,7,134,27,132,56,133,55,72],"class_list":["post-257","post","type-post","status-publish","format-standard","hentry","category-mandats","tag-agents","tag-cause","tag-couverture-mediatique","tag-goncerut","tag-grand","tag-mandat","tag-prix-romand-de-la-creation","tag-video","tag-we-are-the-cause-2"],"_links":{"self":[{"href":"https:\/\/cause.ch\/lab\/wp-json\/wp\/v2\/posts\/257","targetHints":{"allow":["GET"]}}],"collection":[{"href":"https:\/\/cause.ch\/lab\/wp-json\/wp\/v2\/posts"}],"about":[{"href":"https:\/\/cause.ch\/lab\/wp-json\/wp\/v2\/types\/post"}],"author":[{"embeddable":true,"href":"https:\/\/cause.ch\/lab\/wp-json\/wp\/v2\/users\/4"}],"replies":[{"embeddable":true,"href":"https:\/\/cause.ch\/lab\/wp-json\/wp\/v2\/comments?post=257"}],"version-history":[{"count":43,"href":"https:\/\/cause.ch\/lab\/wp-json\/wp\/v2\/posts\/257\/revisions"}],"predecessor-version":[{"id":1843,"href":"https:\/\/cause.ch\/lab\/wp-json\/wp\/v2\/posts\/257\/revisions\/1843"}],"wp:attachment":[{"href":"https:\/\/cause.ch\/lab\/wp-json\/wp\/v2\/media?parent=257"}],"wp:term":[{"taxonomy":"category","embeddable":true,"href":"https:\/\/cause.ch\/lab\/wp-json\/wp\/v2\/categories?post=257"},{"taxonomy":"post_tag","embeddable":true,"href":"https:\/\/cause.ch\/lab\/wp-json\/wp\/v2\/tags?post=257"}],"curies":[{"name":"wp","href":"https:\/\/api.w.org\/{rel}","templated":true}]}}