{"id":2610,"date":"2016-11-07T16:46:21","date_gmt":"2016-11-07T15:46:21","guid":{"rendered":"http:\/\/cause.ch\/lab\/?p=2610"},"modified":"2016-11-25T15:51:41","modified_gmt":"2016-11-25T14:51:41","slug":"srf-sportlounge-31-10-16","status":"publish","type":"post","link":"https:\/\/cause.ch\/lab\/presse\/srf-sportlounge-31-10-16\/","title":{"rendered":"SRF Sportlounge: 31.10.16"},"content":{"rendered":"<div class=\"arx_pad_2 center_text\">\n<iframe loading=\"lazy\" src=\"http:\/\/tp.srgssr.ch\/p\/srf\/portal-detail?urn=urn:srf:ais:video:c513c55f-59e3-419a-a34f-9b0de18fdae7&#038;autoplay=true&#038;start=13.188936999999996\" width=\"640\" height=\"360\" webkitallowfullscreen mozallowfullscreen allowfullscreen><\/iframe>\n<\/div>\n<p class=\"arx_2_pages center_content arx_pad_2\">\nL&#8217;\u00e9mission sportive <b><a href=\"http:\/\/www.srf.ch\/sendungen\/sportlounge\/immer-mehr-risiko-gefaehrlicher-trend-im-kunstturnen\" target=\"_blank\">Sportlounge<\/a><\/b> de la <b><a href=\"http:\/\/www.srf.ch\/\" target=\"_blank\">SRF<\/a><\/b> consacre les premi\u00e8res minutes de son num\u00e9ro du 31 octobre dernier \u00e0 un reportage sign\u00e9 <b>Mathias Winterberg<\/b> au sujet de l&#8217;\u00e9volution du projet <b><a href=\"http:\/\/cause.ch\/lab\/portfolio\/we-ride-in-iran\/\" target=\"_blank\">We Ride in Iran<\/a><\/b>: une \u00e9quipe d&#8217;envoy\u00e9s ont suivi les progr\u00e8s exp\u00e9ditifs du jeune <b>Pooria Hadiani<\/b>, qui suite \u00e0 sa victoire cette ann\u00e9e aux comp\u00e9titions iraniennes de slopestyle a \u00e9t\u00e9 invit\u00e9 \u00e0 Saas-Fee pour quelques semaines d&#8217;entra\u00eenement pro, profitant du meilleur \u00e0 l&#8217;\u00e9chelle europ\u00e9enne en mati\u00e8re de conseil et installations. Une bonne occasion pour certains, sans doute, de d\u00e9poussi\u00e9rer les restes de leur allemand scolaire!\n<\/p>\n<div class=\"arx_pad_2 center_content\">\n<a href=\"http:\/\/www.srf.ch\/\" target=\"_blank\"><img loading=\"lazy\" decoding=\"async\" src=\"http:\/\/cause.ch\/lab\/wp-content\/uploads\/2016\/11\/SRF-Schweizer-Radio-und-Fernsehen-logo-\u00a9srf-300x81.png\" alt=\"srf-schweizer-radio-und-fernsehen-logo-srf\" width=\"300\" height=\"81\" class=\"alignnone size-medium wp-image-2616\" srcset=\"https:\/\/cause.ch\/lab\/wp-content\/uploads\/2016\/11\/SRF-Schweizer-Radio-und-Fernsehen-logo-\u00a9srf-300x81.png 300w, https:\/\/cause.ch\/lab\/wp-content\/uploads\/2016\/11\/SRF-Schweizer-Radio-und-Fernsehen-logo-\u00a9srf.png 1000w\" sizes=\"auto, (max-width: 300px) 100vw, 300px\" \/><\/a>\n<\/div>\n","protected":false},"excerpt":{"rendered":"<p>L&#8217;\u00e9mission sportive Sportlounge de la SRF consacre les premi\u00e8res minutes de son num\u00e9ro du 31 octobre dernier \u00e0 un reportage sign\u00e9 Mathias Winterberg au sujet de l&#8217;\u00e9volution du projet We Ride in Iran: une \u00e9quipe d&#8217;envoy\u00e9s ont suivi les progr\u00e8s exp\u00e9ditifs du jeune Pooria Hadiani, qui suite \u00e0 sa victoire cette ann\u00e9e aux comp\u00e9titions iraniennes [&hellip;]<\/p>\n","protected":false},"author":4,"featured_media":0,"comment_status":"open","ping_status":"open","sticky":false,"template":"","format":"standard","meta":{"footnotes":""},"categories":[182],"tags":[275,7,336,335,71,334,183,29,31],"class_list":["post-2610","post","type-post","status-publish","format-standard","hentry","category-presse","tag-275","tag-cause","tag-pooria-hadiani","tag-slopestyle","tag-snowboard","tag-sportlounge","tag-srf","tag-wearethecause","tag-werideiniran"],"_links":{"self":[{"href":"https:\/\/cause.ch\/lab\/wp-json\/wp\/v2\/posts\/2610","targetHints":{"allow":["GET"]}}],"collection":[{"href":"https:\/\/cause.ch\/lab\/wp-json\/wp\/v2\/posts"}],"about":[{"href":"https:\/\/cause.ch\/lab\/wp-json\/wp\/v2\/types\/post"}],"author":[{"embeddable":true,"href":"https:\/\/cause.ch\/lab\/wp-json\/wp\/v2\/users\/4"}],"replies":[{"embeddable":true,"href":"https:\/\/cause.ch\/lab\/wp-json\/wp\/v2\/comments?post=2610"}],"version-history":[{"count":17,"href":"https:\/\/cause.ch\/lab\/wp-json\/wp\/v2\/posts\/2610\/revisions"}],"predecessor-version":[{"id":2660,"href":"https:\/\/cause.ch\/lab\/wp-json\/wp\/v2\/posts\/2610\/revisions\/2660"}],"wp:attachment":[{"href":"https:\/\/cause.ch\/lab\/wp-json\/wp\/v2\/media?parent=2610"}],"wp:term":[{"taxonomy":"category","embeddable":true,"href":"https:\/\/cause.ch\/lab\/wp-json\/wp\/v2\/categories?post=2610"},{"taxonomy":"post_tag","embeddable":true,"href":"https:\/\/cause.ch\/lab\/wp-json\/wp\/v2\/tags?post=2610"}],"curies":[{"name":"wp","href":"https:\/\/api.w.org\/{rel}","templated":true}]}}