{"id":2654,"date":"2016-11-25T16:03:12","date_gmt":"2016-11-25T15:03:12","guid":{"rendered":"http:\/\/cause.ch\/lab\/?p=2654"},"modified":"2016-11-25T16:03:12","modified_gmt":"2016-11-25T15:03:12","slug":"square-01-affiche-2016","status":"publish","type":"post","link":"https:\/\/cause.ch\/lab\/we-are-the-cause\/square-01-affiche-2016\/","title":{"rendered":"Square .01: Affiche 2016"},"content":{"rendered":"<div class=\"arx_pad_2 center_text\">\n<a href=\"http:\/\/cause.ch\/lab\/wp-content\/uploads\/2016\/11\/affiche-square-\u00a9cause2016.jpg\"><img loading=\"lazy\" decoding=\"async\" src=\"http:\/\/cause.ch\/lab\/wp-content\/uploads\/2016\/11\/affiche-square-\u00a9cause2016.jpg\" alt=\"affiche-square-cause2016\" width=\"993\" height=\"1262\" class=\"alignnone size-full wp-image-2656\" srcset=\"https:\/\/cause.ch\/lab\/wp-content\/uploads\/2016\/11\/affiche-square-\u00a9cause2016.jpg 993w, https:\/\/cause.ch\/lab\/wp-content\/uploads\/2016\/11\/affiche-square-\u00a9cause2016-236x300.jpg 236w, https:\/\/cause.ch\/lab\/wp-content\/uploads\/2016\/11\/affiche-square-\u00a9cause2016-806x1024.jpg 806w\" sizes=\"auto, (max-width: 993px) 100vw, 993px\" \/><\/a>\n<\/div>\n<p class=\"arx_2_pages center_content arx_pad_1\">\nSQUARE<br \/>\n<b>March\u00e9 de No\u00ebl<\/b><br \/>\nle <b>17.12.16<\/b> de <b>10:00<\/b> \u00e0 <b>21:00<\/b><br \/>\nen Z.I. de la Ballasti\u00e8re \u00e0 Gland\n<\/p>\n<p class=\"arx_0 arx_pad_1\" style=\"text-align:center\" >\nCancel all other plans &#038; save the date:<br \/>\nSanta Cause is coming to town.\n<\/p>\n<p class=\"arx_2_pages center_content arx_pad_1\">\nLes agents de Cause sont fiers de vous pr\u00e9senter l&#8217;affiche sign\u00e9e <a href=\"http:\/\/giroscope.ch\/\" target=\"_blank\">Giroscope<\/a> de la premi\u00e8re \u00e9dition mondiale de SQUARE, notre tr\u00e8s attendu march\u00e9 de l&#8217;artisanat agend\u00e9 au 17 d\u00e9cembre 2016. Pr\u00e9vu pour se d\u00e9rouler le long d&#8217;un beau samedi d&#8217;hiver au sein de nos locaux en zone industrielle glandoise, il constituera <b><i>la<\/b><\/i> solution ultime au probl\u00e8me de la course aux cadeaux d&#8217;avant-f\u00eates.\n<\/p>\n<p class=\"arx_2_pages center_content arx_pad_2\">\nAnnulez donc tous vos autres plans pour assurer votre pr\u00e9sence \u00e0 ce qui promet d&#8217;\u00eatre un rassemblement de joie et de d\u00e9couvertes, c\u00e9l\u00e9brant le talent et l&#8217;originalit\u00e9 d&#8217;une foule de cr\u00e9ateurs rassembl\u00e9s pour l&#8217;occasion!<\/p>\n","protected":false},"excerpt":{"rendered":"<p>SQUARE March\u00e9 de No\u00ebl le 17.12.16 de 10:00 \u00e0 21:00 en Z.I. de la Ballasti\u00e8re \u00e0 Gland Cancel all other plans &#038; save the date: Santa Cause is coming to town. Les agents de Cause sont fiers de vous pr\u00e9senter l&#8217;affiche sign\u00e9e Giroscope de la premi\u00e8re \u00e9dition mondiale de SQUARE, notre tr\u00e8s attendu march\u00e9 de [&hellip;]<\/p>\n","protected":false},"author":4,"featured_media":0,"comment_status":"open","ping_status":"open","sticky":false,"template":"","format":"standard","meta":{"footnotes":""},"categories":[1],"tags":[275,321,194,7,306,319,338,337,29],"class_list":["post-2654","post","type-post","status-publish","format-standard","hentry","category-we-are-the-cause","tag-275","tag-artisanat","tag-ballastiere","tag-cause","tag-giroscope","tag-marche","tag-marche-de-noel","tag-square","tag-wearethecause"],"_links":{"self":[{"href":"https:\/\/cause.ch\/lab\/wp-json\/wp\/v2\/posts\/2654","targetHints":{"allow":["GET"]}}],"collection":[{"href":"https:\/\/cause.ch\/lab\/wp-json\/wp\/v2\/posts"}],"about":[{"href":"https:\/\/cause.ch\/lab\/wp-json\/wp\/v2\/types\/post"}],"author":[{"embeddable":true,"href":"https:\/\/cause.ch\/lab\/wp-json\/wp\/v2\/users\/4"}],"replies":[{"embeddable":true,"href":"https:\/\/cause.ch\/lab\/wp-json\/wp\/v2\/comments?post=2654"}],"version-history":[{"count":9,"href":"https:\/\/cause.ch\/lab\/wp-json\/wp\/v2\/posts\/2654\/revisions"}],"predecessor-version":[{"id":2666,"href":"https:\/\/cause.ch\/lab\/wp-json\/wp\/v2\/posts\/2654\/revisions\/2666"}],"wp:attachment":[{"href":"https:\/\/cause.ch\/lab\/wp-json\/wp\/v2\/media?parent=2654"}],"wp:term":[{"taxonomy":"category","embeddable":true,"href":"https:\/\/cause.ch\/lab\/wp-json\/wp\/v2\/categories?post=2654"},{"taxonomy":"post_tag","embeddable":true,"href":"https:\/\/cause.ch\/lab\/wp-json\/wp\/v2\/tags?post=2654"}],"curies":[{"name":"wp","href":"https:\/\/api.w.org\/{rel}","templated":true}]}}