{"id":266,"date":"2013-11-10T18:57:58","date_gmt":"2013-11-10T17:57:58","guid":{"rendered":"http:\/\/cause.ch\/lab\/?p=266"},"modified":"2015-10-15T19:29:32","modified_gmt":"2015-10-15T17:29:32","slug":"video-la-trattoria-da-tonino","status":"publish","type":"post","link":"https:\/\/cause.ch\/lab\/mandats\/video-la-trattoria-da-tonino\/","title":{"rendered":"la Trattoria da Tonino"},"content":{"rendered":"<div class=\"arx_pad_2 center_text\">\n<iframe loading=\"lazy\" src=\"\/\/player.vimeo.com\/video\/78807997?title=0&amp;byline=0&amp;portrait=0\" width=\"640\" height=\"360\" frameborder=\"0\" webkitallowfullscreen mozallowfullscreen allowfullscreen><\/iframe>\n<\/div>\n<p class=\"arx_0 center_content arx_pad_1\">\nProjet: <b>R\u00e9alisation d&#8217;un clip commercial<\/b><br \/>\nTeam Cause: <b>J\u00e9r\u00f4me Saugy, Nikola Sanz et Fr\u00e9d\u00e9ric Goncerut<\/b><br \/>\nClient: <b>la Trattoria da Tonino<\/b>\n<\/p>\n<div class=\"center_text arx_pad_1\">\n<a href=\"http:\/\/www.latrattoria.ch\/\" target=\"_blank\"><img loading=\"lazy\" decoding=\"async\" src=\"http:\/\/cause.ch\/lab\/wp-content\/uploads\/2014\/04\/trattoria_logo.jpg\" alt=\"trattoria_logo\" width=\"179\" height=\"50\" class=\"alignnone size-full wp-image-924\" \/><\/a>\n<\/div>\n<p class=\"arx_1 center_content arx_pad_1\">\nAu printemps 2013, notre agent facilitateur <a href=\"http:\/\/www.facilitateur.ch\/\" target=\"_blank\">J\u00e9r\u00f4me Saugy <\/a> orchestrait la r\u00e9alisation du premier projet officiel propos\u00e9 \u00e0 l&#8217;effectif tout fra\u00eechement form\u00e9 de Cause: un clip promotionnel pour le fameux restaurant <i><a href=\"http:\/\/www.latrattoria.ch\/test_index.html\" target=\"_blank\">la Trattoria da Tonino<\/a><\/i> \u00e0 Gen\u00e8ve.\n<\/p>\n<p class=\"arx_1 center_content arx_pad_2\">\n<i>Depuis 1985, la premi&egrave;re vraie Trattoria de Gen\u00e8ve r&eacute;gale sa client&egrave;le par son accueil authentique et agr&eacute;able, un grand choix de p&acirc;tes fra&icirc;ches et de risottos, des pizzas au feu de bois, ses poissons et viandes&nbsp;<em>&agrave; l&#8217;italienne<\/em>, et surtout le charisme immanquable de Tonino le Napolitain, d&eacute;bordant de passion pure et g&eacute;n&eacute;reuse et d&#8217;une joie de vivre radieuse!<\/i><\/p>\n","protected":false},"excerpt":{"rendered":"<p class=\"arx_excerpt arx_pad_2\">\nProjet: <b>R\u00e9alisation d&#8217;un clip commercial<\/b><br \/>\nTeam Cause: <b>J\u00e9r\u00f4me Saugy, Nikola Sanz et Fr\u00e9d\u00e9ric Goncerut<\/b><br \/>\nClient: <b>la Trattoria da Tonino<\/b><\/p>\n","protected":false},"author":4,"featured_media":0,"comment_status":"open","ping_status":"open","sticky":false,"template":"","format":"standard","meta":{"footnotes":""},"categories":[13],"tags":[47,7,60,118,119,75,10,117,116,115,72],"class_list":["post-266","post","type-post","status-publish","format-standard","hentry","category-mandats","tag-agents","tag-cause","tag-frederic-goncerut","tag-jerome-saugy","tag-madat","tag-niko-sanz","tag-nikola-sanz","tag-pizzeria","tag-tonino","tag-trattoria-da-tonino","tag-we-are-the-cause-2"],"_links":{"self":[{"href":"https:\/\/cause.ch\/lab\/wp-json\/wp\/v2\/posts\/266","targetHints":{"allow":["GET"]}}],"collection":[{"href":"https:\/\/cause.ch\/lab\/wp-json\/wp\/v2\/posts"}],"about":[{"href":"https:\/\/cause.ch\/lab\/wp-json\/wp\/v2\/types\/post"}],"author":[{"embeddable":true,"href":"https:\/\/cause.ch\/lab\/wp-json\/wp\/v2\/users\/4"}],"replies":[{"embeddable":true,"href":"https:\/\/cause.ch\/lab\/wp-json\/wp\/v2\/comments?post=266"}],"version-history":[{"count":25,"href":"https:\/\/cause.ch\/lab\/wp-json\/wp\/v2\/posts\/266\/revisions"}],"predecessor-version":[{"id":1412,"href":"https:\/\/cause.ch\/lab\/wp-json\/wp\/v2\/posts\/266\/revisions\/1412"}],"wp:attachment":[{"href":"https:\/\/cause.ch\/lab\/wp-json\/wp\/v2\/media?parent=266"}],"wp:term":[{"taxonomy":"category","embeddable":true,"href":"https:\/\/cause.ch\/lab\/wp-json\/wp\/v2\/categories?post=266"},{"taxonomy":"post_tag","embeddable":true,"href":"https:\/\/cause.ch\/lab\/wp-json\/wp\/v2\/tags?post=266"}],"curies":[{"name":"wp","href":"https:\/\/api.w.org\/{rel}","templated":true}]}}