{"id":2667,"date":"2016-12-02T15:21:16","date_gmt":"2016-12-02T14:21:16","guid":{"rendered":"http:\/\/cause.ch\/lab\/?p=2667"},"modified":"2016-12-02T15:29:37","modified_gmt":"2016-12-02T14:29:37","slug":"square-teaser-1-monsieur-papillon","status":"publish","type":"post","link":"https:\/\/cause.ch\/lab\/we-are-the-cause\/square-teaser-1-monsieur-papillon\/","title":{"rendered":"SQUARE Teaser #1: Monsieur Papillon"},"content":{"rendered":"<div class=\"arx_pad_2 center_text\">\n<a href=\"https:\/\/www.facebook.com\/events\/923664974435588\/\" target=\"_blank\"><img loading=\"lazy\" decoding=\"async\" src=\"http:\/\/cause.ch\/lab\/wp-content\/uploads\/2016\/12\/square-smiley-logo-\u00a9cause2016.jpg\" alt=\"square-smiley-logo-cause2016\" width=\"400\" height=\"404\" class=\"alignnone size-full wp-image-2699\" srcset=\"https:\/\/cause.ch\/lab\/wp-content\/uploads\/2016\/12\/square-smiley-logo-\u00a9cause2016.jpg 400w, https:\/\/cause.ch\/lab\/wp-content\/uploads\/2016\/12\/square-smiley-logo-\u00a9cause2016-297x300.jpg 297w\" sizes=\"auto, (max-width: 400px) 100vw, 400px\" \/><\/a>\n<\/div>\n<p class=\"arx_2_pages center_content arx_pad_2\">\nLe compte \u00e0 rebours a commenc\u00e9, la date de notre march\u00e9 de l&#8217;artisanat approche, il est temps de d\u00e9voiler le premier participant \u00e0 cette \u00e9dition inaugurative: le tr\u00e8s distingu\u00e9 <b><a href=\"http:\/\/www.monsieurpapillon.ch\/\" target=\"_blank\">Monsieur Papillon<\/a><\/b>!\n<\/p>\n<div class=\"arx_pad_2 center_content\">\n<div class=\"center_text arx_pad_0\" style=\"float:left\">\n<a href=\"https:\/\/www.facebook.com\/monsieurpapillon.ch\" target=\"_blank\"><img loading=\"lazy\" decoding=\"async\" src=\"http:\/\/cause.ch\/lab\/wp-content\/uploads\/2016\/12\/facebook-icon.png\" alt=\"facebook-icon\" width=\"32\" height=\"32\" class=\"alignnone size-full wp-image-2681\" \/><\/a>\n<\/div>\n<div class=\"center_text arx_pad_0\" style=\"float:right\">\n<a href=\"https:\/\/www.instagram.com\/monsieurpapillonch\/\" target=\"_blank\"><img loading=\"lazy\" decoding=\"async\" src=\"http:\/\/cause.ch\/lab\/wp-content\/uploads\/2016\/12\/instagram-icon.png\" alt=\"instagram-icon\" width=\"32\" height=\"32\" class=\"alignnone size-full wp-image-2682\" \/><\/a>\n<\/div>\n<div class=\"center_text arx_pad_0\" style=\"float:center\">\n<a href=\"http:\/\/www.monsieurpapillon.ch\/\" target=\"_blank\"><img loading=\"lazy\" decoding=\"async\" src=\"http:\/\/cause.ch\/lab\/wp-content\/uploads\/2016\/12\/logo-\u00a9MonsieurPapillon2016.png\" alt=\"logo-monsieurpapillon2016\" width=\"260\" height=\"137\" class=\"alignnone size-full wp-image-2673\" \/><\/a>\n<\/div>\n<\/div>\n<p class=\"arx_1 center_content arx_pad_2\">\n<b>Cr\u00e9\u00e9 par un passionn\u00e9 pour les passionn\u00e9s d&#8217;\u00e9l\u00e9gance et d&#8217;originalit\u00e9, <a href=\"http:\/\/www.monsieurpapillon.ch\/\" target=\"_blank\"><b>Monsieur Papillon<\/b><\/a> vous propose un large choix de noeuds papillon de haute qualit\u00e9, enti\u00e8rement con\u00e7us et fabriqu\u00e9s en Suisse. Tous nos accessoires sont fabriqu\u00e9s avec grand soin dans l\u2019atelier de couture genevois <a href=\"http:\/\/www.creature.ch\/\" target=\"_blank\">Creature<\/a> qui propose \u00e0 des femmes un pont vers le march\u00e9 de l\u2019emploi. Les emballages sont quant \u00e0 eux fabriqu\u00e9s \u00e0 la <b><a href=\"http:\/\/www.polyval.ch\/\" target=\"_blank\">Fondation Polyval<\/a><\/b> \u00e0 Cheseaux-sur-Lausanne qui offre un travail r\u00e9mun\u00e9r\u00e9 \u00e0 des personnes au b\u00e9n\u00e9fice d&#8217;une rente invalidit\u00e9. Acqu\u00e9rir un accessoire Monsieur Papillon, c&#8217;est donc non seulement un go\u00fbt certain pour l&#8217;\u00e9l\u00e9gance, mais aussi un geste de soutien social et local.<\/b>\n<\/p>\n<div class=\"arx_pad_2 center_text\">\n<a href=\"http:\/\/cause.ch\/lab\/wp-content\/uploads\/2016\/12\/collection-\u00a9monsieurpapillon2016.jpg\"><img loading=\"lazy\" decoding=\"async\" src=\"http:\/\/cause.ch\/lab\/wp-content\/uploads\/2016\/12\/collection-\u00a9monsieurpapillon2016.jpg\" alt=\"collection-monsieurpapillon2016\" width=\"960\" height=\"536\" class=\"alignnone size-full wp-image-2679\" srcset=\"https:\/\/cause.ch\/lab\/wp-content\/uploads\/2016\/12\/collection-\u00a9monsieurpapillon2016.jpg 960w, https:\/\/cause.ch\/lab\/wp-content\/uploads\/2016\/12\/collection-\u00a9monsieurpapillon2016-300x168.jpg 300w\" sizes=\"auto, (max-width: 960px) 100vw, 960px\" \/><\/a>\n<\/div>\n<div class=\"arx_pad_2 center_text\">\n<a href=\"http:\/\/cause.ch\/lab\/wp-content\/uploads\/2016\/12\/makingof-\u00a9monsieurpapillon2016.jpg\"><img loading=\"lazy\" decoding=\"async\" src=\"http:\/\/cause.ch\/lab\/wp-content\/uploads\/2016\/12\/makingof-\u00a9monsieurpapillon2016.jpg\" alt=\"makingof-monsieurpapillon2016\" width=\"960\" height=\"960\" class=\"alignnone size-full wp-image-2677\" srcset=\"https:\/\/cause.ch\/lab\/wp-content\/uploads\/2016\/12\/makingof-\u00a9monsieurpapillon2016.jpg 960w, https:\/\/cause.ch\/lab\/wp-content\/uploads\/2016\/12\/makingof-\u00a9monsieurpapillon2016-150x150.jpg 150w, https:\/\/cause.ch\/lab\/wp-content\/uploads\/2016\/12\/makingof-\u00a9monsieurpapillon2016-300x300.jpg 300w\" sizes=\"auto, (max-width: 960px) 100vw, 960px\" \/><\/a>\n<\/div>\n<div class=\"arx_pad_2 center_text\">\n<a href=\"http:\/\/cause.ch\/lab\/wp-content\/uploads\/2016\/12\/modele-\u00a9monsieurpapillon2016.jpg\"><img loading=\"lazy\" decoding=\"async\" src=\"http:\/\/cause.ch\/lab\/wp-content\/uploads\/2016\/12\/modele-\u00a9monsieurpapillon2016.jpg\" alt=\"modele-monsieurpapillon2016\" width=\"1024\" height=\"1024\" class=\"alignnone size-full wp-image-2674\" srcset=\"https:\/\/cause.ch\/lab\/wp-content\/uploads\/2016\/12\/modele-\u00a9monsieurpapillon2016.jpg 1024w, https:\/\/cause.ch\/lab\/wp-content\/uploads\/2016\/12\/modele-\u00a9monsieurpapillon2016-150x150.jpg 150w, https:\/\/cause.ch\/lab\/wp-content\/uploads\/2016\/12\/modele-\u00a9monsieurpapillon2016-300x300.jpg 300w\" sizes=\"auto, (max-width: 1024px) 100vw, 1024px\" \/><\/a>\n<\/div>\n<div class=\"arx_pad_2 center_text\">\n<a href=\"http:\/\/cause.ch\/lab\/wp-content\/uploads\/2016\/12\/etiquette-presentation-\u00a9monsieurpapillon2016.jpg\"><img loading=\"lazy\" decoding=\"async\" src=\"http:\/\/cause.ch\/lab\/wp-content\/uploads\/2016\/12\/etiquette-presentation-\u00a9monsieurpapillon2016.jpg\" alt=\"etiquette-presentation-monsieurpapillon2016\" width=\"960\" height=\"720\" class=\"alignnone size-full wp-image-2678\" srcset=\"https:\/\/cause.ch\/lab\/wp-content\/uploads\/2016\/12\/etiquette-presentation-\u00a9monsieurpapillon2016.jpg 960w, https:\/\/cause.ch\/lab\/wp-content\/uploads\/2016\/12\/etiquette-presentation-\u00a9monsieurpapillon2016-300x225.jpg 300w\" sizes=\"auto, (max-width: 960px) 100vw, 960px\" \/><\/a>\n<\/div>\n<div class=\"arx_pad_2 center_text\">\n<a href=\"http:\/\/cause.ch\/lab\/wp-content\/uploads\/2016\/12\/noeud-plaid-\u00a9monsieurpapillon2016.jpg\"><img loading=\"lazy\" decoding=\"async\" src=\"http:\/\/cause.ch\/lab\/wp-content\/uploads\/2016\/12\/noeud-plaid-\u00a9monsieurpapillon2016.jpg\" alt=\"noeud-plaid-monsieurpapillon2016\" width=\"1024\" height=\"1024\" class=\"alignnone size-full wp-image-2675\" srcset=\"https:\/\/cause.ch\/lab\/wp-content\/uploads\/2016\/12\/noeud-plaid-\u00a9monsieurpapillon2016.jpg 1024w, https:\/\/cause.ch\/lab\/wp-content\/uploads\/2016\/12\/noeud-plaid-\u00a9monsieurpapillon2016-150x150.jpg 150w, https:\/\/cause.ch\/lab\/wp-content\/uploads\/2016\/12\/noeud-plaid-\u00a9monsieurpapillon2016-300x300.jpg 300w\" sizes=\"auto, (max-width: 1024px) 100vw, 1024px\" \/><\/a>\n<\/div>\n<div class=\"arx_pad_2 center_text\">\n<a href=\"http:\/\/cause.ch\/lab\/wp-content\/uploads\/2016\/12\/modele-2-\u00a9monsieurpapillon2016.jpg\"><img loading=\"lazy\" decoding=\"async\" src=\"http:\/\/cause.ch\/lab\/wp-content\/uploads\/2016\/12\/modele-2-\u00a9monsieurpapillon2016.jpg\" alt=\"modele-2-monsieurpapillon2016\" width=\"890\" height=\"960\" class=\"alignnone size-full wp-image-2680\" srcset=\"https:\/\/cause.ch\/lab\/wp-content\/uploads\/2016\/12\/modele-2-\u00a9monsieurpapillon2016.jpg 890w, https:\/\/cause.ch\/lab\/wp-content\/uploads\/2016\/12\/modele-2-\u00a9monsieurpapillon2016-278x300.jpg 278w\" sizes=\"auto, (max-width: 890px) 100vw, 890px\" \/><\/a>\n<\/div>\n","protected":false},"excerpt":{"rendered":"<p>Le compte \u00e0 rebours a commenc\u00e9, la date de notre march\u00e9 de l&#8217;artisanat approche, il est temps de d\u00e9voiler le premier participant \u00e0 cette \u00e9dition inaugurative: le tr\u00e8s distingu\u00e9 Monsieur Papillon! Cr\u00e9\u00e9 par un passionn\u00e9 pour les passionn\u00e9s d&#8217;\u00e9l\u00e9gance et d&#8217;originalit\u00e9, Monsieur Papillon vous propose un large choix de noeuds papillon de haute qualit\u00e9, enti\u00e8rement [&hellip;]<\/p>\n","protected":false},"author":4,"featured_media":0,"comment_status":"open","ping_status":"open","sticky":false,"template":"","format":"standard","meta":{"footnotes":""},"categories":[1],"tags":[275,321,341,7,338,340,339,29],"class_list":["post-2667","post","type-post","status-publish","format-standard","hentry","category-we-are-the-cause","tag-275","tag-artisanat","tag-artisans","tag-cause","tag-marche-de-noel","tag-monsieur-papillon","tag-sqaure","tag-wearethecause"],"_links":{"self":[{"href":"https:\/\/cause.ch\/lab\/wp-json\/wp\/v2\/posts\/2667","targetHints":{"allow":["GET"]}}],"collection":[{"href":"https:\/\/cause.ch\/lab\/wp-json\/wp\/v2\/posts"}],"about":[{"href":"https:\/\/cause.ch\/lab\/wp-json\/wp\/v2\/types\/post"}],"author":[{"embeddable":true,"href":"https:\/\/cause.ch\/lab\/wp-json\/wp\/v2\/users\/4"}],"replies":[{"embeddable":true,"href":"https:\/\/cause.ch\/lab\/wp-json\/wp\/v2\/comments?post=2667"}],"version-history":[{"count":16,"href":"https:\/\/cause.ch\/lab\/wp-json\/wp\/v2\/posts\/2667\/revisions"}],"predecessor-version":[{"id":2700,"href":"https:\/\/cause.ch\/lab\/wp-json\/wp\/v2\/posts\/2667\/revisions\/2700"}],"wp:attachment":[{"href":"https:\/\/cause.ch\/lab\/wp-json\/wp\/v2\/media?parent=2667"}],"wp:term":[{"taxonomy":"category","embeddable":true,"href":"https:\/\/cause.ch\/lab\/wp-json\/wp\/v2\/categories?post=2667"},{"taxonomy":"post_tag","embeddable":true,"href":"https:\/\/cause.ch\/lab\/wp-json\/wp\/v2\/tags?post=2667"}],"curies":[{"name":"wp","href":"https:\/\/api.w.org\/{rel}","templated":true}]}}