{"id":270,"date":"2014-11-11T19:01:03","date_gmt":"2014-11-11T18:01:03","guid":{"rendered":"http:\/\/cause.ch\/lab\/?p=270"},"modified":"2015-10-15T19:29:06","modified_gmt":"2015-10-15T17:29:06","slug":"montreux-jazz-heritage-lab","status":"publish","type":"post","link":"https:\/\/cause.ch\/lab\/mandats\/montreux-jazz-heritage-lab\/","title":{"rendered":"Montreux Jazz: Heritage Lab"},"content":{"rendered":"<div class=\"arx_pad_2 center_text\">\n<iframe loading=\"lazy\" src=\"\/\/player.vimeo.com\/video\/78777253?title=0&amp;byline=0&amp;portrait=0&amp;color=f6da96\" width=\"640\" height=\"360\" frameborder=\"0\" webkitallowfullscreen mozallowfullscreen allowfullscreen><\/iframe>\n<\/div>\n<p class=\"arx_0 center_content arx_pad_1\">\nProjet: <b>Clip de pr\u00e9sentation<\/b><br \/>\nTeam Cause: <b>Adrian Meredith et Nikola Sanz<\/b><br \/>\nClient: <b>Ecal+EPFL LAB et ALICE EPFL<\/b>\n<\/p>\n<div class=\"arx_pad_1\">\n<a href=\"http:\/\/www.epfl-ecal-lab.ch\/\" target=\"_blank\"><img loading=\"lazy\" decoding=\"async\" src=\"http:\/\/cause.ch\/lab\/wp-content\/uploads\/2014\/04\/EPFL_ECAL_LAB_LOGO.jpg\" alt=\"EPFL_ECAL_LAB_LOGO\" width=\"282\" height=\"50\" class=\"alignnone size-full wp-image-925\" \/><\/a>\n<\/div>\n<div class=\"arx_pad_1\">\n<a href=\"http:\/\/alice.epfl.ch\/\" target=\"_blank\"><img loading=\"lazy\" decoding=\"async\" src=\"http:\/\/cause.ch\/lab\/wp-content\/uploads\/2013\/11\/ALICE-LOGO.png\" alt=\"ALICE LOGO\" width=\"77\" height=\"35\" class=\"alignnone size-full wp-image-975\" \/><\/a>\n<\/div>\n<p class=\"arx_1 center_content arx_pad_1\">\nAu cours de l\u2019\u00e9t\u00e9 2013, les agents Nikola Sanz et Adrian Meredith de notre agence de cr\u00e9ation furent mandat\u00e9s pour r\u00e9aliser la vid\u00e9o de repr\u00e9sentation officielle d\u2019un module audiovisuel archivant l\u2019important h\u00e9ritage musical du <a href=\"http:\/\/www.montreuxjazzfestival.com\/\" target=\"_blank\">Montreux Jazz Festival<\/a> con\u00e7u par l&#8217;<a href=\"http:\/\/www.epfl-ecal-lab.ch\/\" target=\"_blank\">EPFL + ECAL lab<\/a> entre 2011 et 2012:\n<\/p>\n<p class=\"arx_1 center_content arx_pad_0\">\n<i>&#8220;Le <\/i><a href=\"http:\/\/www.epfl-ecal-lab.ch\/index.php\/projects\/montreux-jazz-heritage-lab\/\" target=\"_blank\">Montreux Jazz Heritage Lab <\/a><i>est un module architectural habitable permettant &agrave; ses utilisateurs de se plonger au coeur de 45 ans de concerts en parcourant une biblioth&egrave;que d&#8217;archives digitales.<\/i>\n<\/p>\n<p class=\"arx_1 center_content arx_pad_0\">\n<i>&#8220;La forme de sa surface de projection, minutieusement courb&eacute;e pour accentuer l&#8217;exp&eacute;rience de l&#8217;utilisateur incorpor&eacute;, trouve ses ant&eacute;c&eacute;dents dans les effets de trompe-l&#8217;oeil dont l&#8217;art atteignait son apog&eacute;e &agrave; l&#8217;&egrave;re baroque.&nbsp;Ce dispositif s&#8217;inspire ainsi d&#8217;un h&eacute;ritage pictural pr&eacute;cis, un monument associant une exp&eacute;rience physique de contenu visuel au t&eacute;moignage d&#8217;un legs musical.<\/i>\n<\/p>\n<p class=\"arx_1 center_content arx_pad_1\">\n<i>&#8220;Une collaboration avec le laboratoire d&#8217;&eacute;lectromagn&eacute;tique et acoustique (LEMA) &agrave; l&#8217;EPFL permit une influence d&eacute;terminante sur la g&eacute;om&eacute;trie de l&#8217;appareil ainsi que sur le choix des mat&eacute;riaux utilis&eacute;s. L&#8217;&eacute;cran microperfor&eacute; offre une transparence acoustique, et de ce fait la possibilit&eacute; de masquer les hauts-parleurs &agrave; l&#8217;arri&egrave;re, pendant que des panneaux vitr&eacute;s &eacute;galement situ&eacute;s &agrave; cet endroit permettent la diffusion de lumi&egrave;res. Le m&eacute;canisme d&#8217;ouverture consiste en le d&eacute;ploiement d&#8217;une fa&ccedil;ade enti&egrave;re servant de porte, adaptant le syst&egrave;me &agrave; deux types d&#8217;utilisation: d&#8217;une part acoustiquement isol&eacute; pour une audience intime &agrave; l&#8217;int&eacute;rieur du module ferm&eacute;, ou alors en position ouverte et donc accessible &agrave; une plus importante audience. De par sa transparence et sa capacit&eacute; de modifier sa configuration, le dispositif agit d&#8217;une pr&eacute;sence impressionnante au sein de l&#8217;espace qu&#8217;il occupe.&#8221;<\/i>\n<\/p>\n<p class=\"arx_1 center_content arx_pad_1\">\nLe d\u00e9fi relev\u00e9 par Cause consista en la production d&#8217;une vid\u00e9o originale parvenant avec efficacit\u00e9 \u00e0 mettre en valeur les aspects conceptuels, techniques et pratiques de l&#8217;appareil.\n<\/p>\n<p class=\"arx_2_medium arx_pad_0 center_text\">\n<b>MONTREUX JAZZ HERITAGE LAB<\/b>\n<\/p>\n<p class=\"arx_2 arx_pad_1 center_text\">\n<b>\u00c9quipe:<\/b> Dieter Dietz, Olivier Ottevaere, Charlotte Erckrath, Lukas Lenherr, Tibo Smith<br \/>\n<b>Laboratoires:<\/b> <a href=\"http:\/\/www.epfl-ecal-lab.ch\/\" target=\"_blank\">EPFL + ECAL lab<\/a>, <a href=\"http:\/\/alice.epfl.ch\/\" target=\"_blank\">ALICE<\/a> and <a href=\"http:\/\/www.epfl-ecal-lab.ch\/index.php\/projects\/montreux-jazz-heritage-lab\/\" target=\"_blank\">LEMA EPFL<\/a>\n<\/p>\n<p class=\"arx_2_medium arx_pad_0 center_text\">\n<b>VIDEOGRAPHIE<\/b>\n<\/p>\n<p class=\"arx_2 arx_pad_2 center_text\">\n<b>Acteurs:<\/b> Melissa De La Harpe, Nikola Sanz<br \/>\n<b>R&eacute;alisation et montage:<\/b> Nikola Sanz, Adrian Meredith<br \/>\n<b>Musique:<\/b> Moderat &#8211; A New Error, Live at Montreux Jazz Festival 2009<\/p>\n","protected":false},"excerpt":{"rendered":"<p class=\"arx_excerpt arx_pad_2\">\nProjet: <b>Clip de pr\u00e9sentation<\/b><br \/>\nTeam Cause: <b>Adrian Meredith et Nikola Sanz<\/b><br \/>\nClient: <b>Ecal+EPFL LAB et ALICE EPFL<\/b><\/p>\n","protected":false},"author":4,"featured_media":0,"comment_status":"open","ping_status":"open","sticky":false,"template":"","format":"standard","meta":{"footnotes":""},"categories":[13],"tags":[53,7,6,5,51,12,9,4,8,10,29],"class_list":["post-270","post","type-post","status-publish","format-standard","hentry","category-mandats","tag-adrian-meredith","tag-cause","tag-ecal","tag-epfl","tag-epflecal-lab","tag-lema","tag-mjhl","tag-montreux-jazz-festival","tag-montreux-jazz-heritage-lab","tag-nikola-sanz","tag-wearethecause"],"_links":{"self":[{"href":"https:\/\/cause.ch\/lab\/wp-json\/wp\/v2\/posts\/270","targetHints":{"allow":["GET"]}}],"collection":[{"href":"https:\/\/cause.ch\/lab\/wp-json\/wp\/v2\/posts"}],"about":[{"href":"https:\/\/cause.ch\/lab\/wp-json\/wp\/v2\/types\/post"}],"author":[{"embeddable":true,"href":"https:\/\/cause.ch\/lab\/wp-json\/wp\/v2\/users\/4"}],"replies":[{"embeddable":true,"href":"https:\/\/cause.ch\/lab\/wp-json\/wp\/v2\/comments?post=270"}],"version-history":[{"count":62,"href":"https:\/\/cause.ch\/lab\/wp-json\/wp\/v2\/posts\/270\/revisions"}],"predecessor-version":[{"id":1410,"href":"https:\/\/cause.ch\/lab\/wp-json\/wp\/v2\/posts\/270\/revisions\/1410"}],"wp:attachment":[{"href":"https:\/\/cause.ch\/lab\/wp-json\/wp\/v2\/media?parent=270"}],"wp:term":[{"taxonomy":"category","embeddable":true,"href":"https:\/\/cause.ch\/lab\/wp-json\/wp\/v2\/categories?post=270"},{"taxonomy":"post_tag","embeddable":true,"href":"https:\/\/cause.ch\/lab\/wp-json\/wp\/v2\/tags?post=270"}],"curies":[{"name":"wp","href":"https:\/\/api.w.org\/{rel}","templated":true}]}}