{"id":2727,"date":"2016-12-04T13:11:11","date_gmt":"2016-12-04T12:11:11","guid":{"rendered":"http:\/\/cause.ch\/lab\/?p=2727"},"modified":"2016-12-04T13:11:11","modified_gmt":"2016-12-04T12:11:11","slug":"square-teaser-3-rondechute","status":"publish","type":"post","link":"https:\/\/cause.ch\/lab\/we-are-the-cause\/square-teaser-3-rondechute\/","title":{"rendered":"SQUARE Teaser #3: Rondechute"},"content":{"rendered":"<div class=\"arx_pad_2 center_text\">\n<a href=\"https:\/\/www.facebook.com\/events\/923664974435588\/\" target=\"_blank\"><img loading=\"lazy\" decoding=\"async\" src=\"http:\/\/cause.ch\/lab\/wp-content\/uploads\/2016\/12\/square-smiley-2-\u00a9cause2016.jpg\" alt=\"square-smiley-2-cause2016\" width=\"400\" height=\"690\" class=\"alignnone size-full wp-image-2728\" \/><\/a>\n<\/div>\n<p class=\"arx_2_pages center_content arx_pad_2\">\nLa passion et la r\u00e9cup\u00e9ration. Redonner vie par un renouveau inventif d&#8217;utilit\u00e9. Des voiles usag\u00e9es deviennent sacs \u00e0 main, porte monnaie, trousses, cartables et serviettes. Une brillante convergence des dadas de deux fr\u00e8res fribourgeois, couture, navigation et un sens \u00e9patant du design. L&#8217;\u00e9quipage de <b><a href=\"http:\/\/www.rondechute.ch\/new\/\" target=\"_blank\">Rondechute<\/a><\/b> \u00e0 l&#8217;abordage de notre march\u00e9 des artisans cette ann\u00e9e!\n<\/p>\n<div class=\"arx_pad_1 center_content\">\n<a href=\"http:\/\/www.rondechute.ch\/new\/\" target=\"_blank\"><img loading=\"lazy\" decoding=\"async\" src=\"http:\/\/cause.ch\/lab\/wp-content\/uploads\/2016\/12\/aileron-\u00a9rondechute2016.png\" alt=\"aileron-rondechute2016\" width=\"120\" height=\"137\" class=\"alignnone size-full wp-image-2729\" \/><\/a>\n<\/div>\n<div class=\"arx_pad_1 center_content\">\n<div class=\"center_text arx_pad_0\" style=\"float:left\">\n<a href=\"https:\/\/www.facebook.com\/Rondechute-Sailbags-504116249727711\/\" target=\"_blank\"><img loading=\"lazy\" decoding=\"async\" src=\"http:\/\/cause.ch\/lab\/wp-content\/uploads\/2016\/12\/facebook-icon.png\" alt=\"facebook-icon\" width=\"32\" height=\"32\" class=\"alignnone size-full wp-image-2681\" \/><\/a>\n<\/div>\n<div class=\"center_text arx_pad_0\" style=\"float:right\">\n<a href=\"https:\/\/www.instagram.com\/rondechute\/?hl=de\" target=\"_blank\"><img loading=\"lazy\" decoding=\"async\" src=\"http:\/\/cause.ch\/lab\/wp-content\/uploads\/2016\/12\/instagram-icon.png\" alt=\"instagram-icon\" width=\"32\" height=\"32\" class=\"alignnone size-full wp-image-2682\" \/><\/a>\n<\/div>\n<div class=\"center_text arx_pad_0\" style=\"float:center\">\n<a href=\"http:\/\/www.rondechute.ch\/new\/\" target=\"_blank\"><img loading=\"lazy\" decoding=\"async\" src=\"http:\/\/cause.ch\/lab\/wp-content\/uploads\/2016\/12\/logo-\u00a9RDCH2016.jpg\" alt=\"logo-rdch2016\" width=\"295\" height=\"29\" class=\"alignnone size-full wp-image-2730\" \/><\/a>\n<\/div>\n<\/div>\n<p class=\"arx_0 center_content center_text arx_pad_1\">\nQu-ce qui est recycl\u00e9,<br \/>\nproduit de mani\u00e8re durable,<br \/>\net des fois m\u00eame transparent?\n<\/p>\n<p class=\"arx_0 center_content center_text arx_pad_1\">\n<b>Un sac Rondechute.<\/b>\n<\/p>\n<p class=\"arx_0 center_content center_text arx_pad_1\">\nD\u00e9velopp\u00e9, d\u00e9coup\u00e9 et assembl\u00e9 avec beaucoup d&#8217;amour \u00e0 Fribourg. Voil\u00e0.\n<\/p>\n<p class=\"arx_1 center_content arx_pad_0\">\n&#8220;<i>Les voiles recycl\u00e9es, c&#8217;est joli! Tous nos produits sont faits avec du tissu de voile recycl\u00e9 ou des d\u00e9chets de fabrication de voile. C&#8217;est chic, \u00e9cologique et super-r\u00e9sitant. Avec un Rondechute, vous \u00eates \u00e9quip\u00e9s pour braver temp\u00eates et mar\u00e9es.<\/i>&#8221;\n<\/p>\n<div class=\"arx_pad_2 center_text\">\n<a href=\"http:\/\/cause.ch\/lab\/wp-content\/uploads\/2016\/12\/bonawallet-171-\u00a9rondechute2016.jpeg\"><img loading=\"lazy\" decoding=\"async\" src=\"http:\/\/cause.ch\/lab\/wp-content\/uploads\/2016\/12\/bonawallet-171-\u00a9rondechute2016.jpeg\" alt=\"bonawallet-171-rondechute2016\" width=\"645\" height=\"430\" class=\"alignnone size-full wp-image-2732\" srcset=\"https:\/\/cause.ch\/lab\/wp-content\/uploads\/2016\/12\/bonawallet-171-\u00a9rondechute2016.jpeg 645w, https:\/\/cause.ch\/lab\/wp-content\/uploads\/2016\/12\/bonawallet-171-\u00a9rondechute2016-300x200.jpeg 300w, https:\/\/cause.ch\/lab\/wp-content\/uploads\/2016\/12\/bonawallet-171-\u00a9rondechute2016-640x426.jpeg 640w\" sizes=\"auto, (max-width: 645px) 100vw, 645px\" \/><\/a>\n<\/div>\n<div class=\"arx_pad_2 center_text\">\n<a href=\"http:\/\/cause.ch\/lab\/wp-content\/uploads\/2016\/12\/maupiti-416-\u00a9rondechute2016.jpeg\"><img loading=\"lazy\" decoding=\"async\" src=\"http:\/\/cause.ch\/lab\/wp-content\/uploads\/2016\/12\/maupiti-416-\u00a9rondechute2016.jpeg\" alt=\"maupiti-416-rondechute2016\" width=\"645\" height=\"430\" class=\"alignnone size-full wp-image-2731\" srcset=\"https:\/\/cause.ch\/lab\/wp-content\/uploads\/2016\/12\/maupiti-416-\u00a9rondechute2016.jpeg 645w, https:\/\/cause.ch\/lab\/wp-content\/uploads\/2016\/12\/maupiti-416-\u00a9rondechute2016-300x200.jpeg 300w, https:\/\/cause.ch\/lab\/wp-content\/uploads\/2016\/12\/maupiti-416-\u00a9rondechute2016-640x426.jpeg 640w\" sizes=\"auto, (max-width: 645px) 100vw, 645px\" \/><\/a>\n<\/div>\n<div class=\"arx_pad_2 center_text\">\n<a href=\"http:\/\/cause.ch\/lab\/wp-content\/uploads\/2016\/12\/svartisan-256-\u00a9rondechute2016.jpeg\"><img loading=\"lazy\" decoding=\"async\" src=\"http:\/\/cause.ch\/lab\/wp-content\/uploads\/2016\/12\/svartisan-256-\u00a9rondechute2016.jpeg\" alt=\"svartisan-256-rondechute2016\" width=\"645\" height=\"430\" class=\"alignnone size-full wp-image-2735\" srcset=\"https:\/\/cause.ch\/lab\/wp-content\/uploads\/2016\/12\/svartisan-256-\u00a9rondechute2016.jpeg 645w, https:\/\/cause.ch\/lab\/wp-content\/uploads\/2016\/12\/svartisan-256-\u00a9rondechute2016-300x200.jpeg 300w, https:\/\/cause.ch\/lab\/wp-content\/uploads\/2016\/12\/svartisan-256-\u00a9rondechute2016-640x426.jpeg 640w\" sizes=\"auto, (max-width: 645px) 100vw, 645px\" \/><\/a>\n<\/div>\n<div class=\"arx_pad_2 center_text\">\n<a href=\"http:\/\/cause.ch\/lab\/wp-content\/uploads\/2016\/12\/pochette-91-\u00a9rondechute2016.jpeg\"><img loading=\"lazy\" decoding=\"async\" src=\"http:\/\/cause.ch\/lab\/wp-content\/uploads\/2016\/12\/pochette-91-\u00a9rondechute2016.jpeg\" alt=\"pochette-91-rondechute2016\" width=\"645\" height=\"430\" class=\"alignnone size-full wp-image-2733\" srcset=\"https:\/\/cause.ch\/lab\/wp-content\/uploads\/2016\/12\/pochette-91-\u00a9rondechute2016.jpeg 645w, https:\/\/cause.ch\/lab\/wp-content\/uploads\/2016\/12\/pochette-91-\u00a9rondechute2016-300x200.jpeg 300w, https:\/\/cause.ch\/lab\/wp-content\/uploads\/2016\/12\/pochette-91-\u00a9rondechute2016-640x426.jpeg 640w\" sizes=\"auto, (max-width: 645px) 100vw, 645px\" \/><\/a>\n<\/div>\n<div class=\"arx_pad_2 center_text\">\n<a href=\"http:\/\/cause.ch\/lab\/wp-content\/uploads\/2016\/12\/svartisan-256-\u00a9rondechute2016.jpeg\"><img loading=\"lazy\" decoding=\"async\" src=\"http:\/\/cause.ch\/lab\/wp-content\/uploads\/2016\/12\/svartisan-256-\u00a9rondechute2016.jpeg\" alt=\"svartisan-256-rondechute2016\" width=\"645\" height=\"430\" class=\"alignnone size-full wp-image-2735\" srcset=\"https:\/\/cause.ch\/lab\/wp-content\/uploads\/2016\/12\/svartisan-256-\u00a9rondechute2016.jpeg 645w, https:\/\/cause.ch\/lab\/wp-content\/uploads\/2016\/12\/svartisan-256-\u00a9rondechute2016-300x200.jpeg 300w, https:\/\/cause.ch\/lab\/wp-content\/uploads\/2016\/12\/svartisan-256-\u00a9rondechute2016-640x426.jpeg 640w\" sizes=\"auto, (max-width: 645px) 100vw, 645px\" \/><\/a>\n<\/div>\n<div class=\"arx_pad_2 center_text\">\n<a href=\"http:\/\/cause.ch\/lab\/wp-content\/uploads\/2016\/12\/voiles-\u00a9rondechute2016.jpeg\"><img loading=\"lazy\" decoding=\"async\" src=\"http:\/\/cause.ch\/lab\/wp-content\/uploads\/2016\/12\/voiles-\u00a9rondechute2016.jpeg\" alt=\"voiles-rondechute2016\" width=\"480\" height=\"679\" class=\"alignnone size-full wp-image-2736\" srcset=\"https:\/\/cause.ch\/lab\/wp-content\/uploads\/2016\/12\/voiles-\u00a9rondechute2016.jpeg 480w, https:\/\/cause.ch\/lab\/wp-content\/uploads\/2016\/12\/voiles-\u00a9rondechute2016-212x300.jpeg 212w\" sizes=\"auto, (max-width: 480px) 100vw, 480px\" \/><\/a>\n<\/div>\n","protected":false},"excerpt":{"rendered":"<p>La passion et la r\u00e9cup\u00e9ration. Redonner vie par un renouveau inventif d&#8217;utilit\u00e9. Des voiles usag\u00e9es deviennent sacs \u00e0 main, porte monnaie, trousses, cartables et serviettes. Une brillante convergence des dadas de deux fr\u00e8res fribourgeois, couture, navigation et un sens \u00e9patant du design. L&#8217;\u00e9quipage de Rondechute \u00e0 l&#8217;abordage de notre march\u00e9 des artisans cette ann\u00e9e! Qu-ce [&hellip;]<\/p>\n","protected":false},"author":4,"featured_media":0,"comment_status":"open","ping_status":"open","sticky":false,"template":"","format":"standard","meta":{"footnotes":""},"categories":[1],"tags":[320,7,338,345,346,337,347,29],"class_list":["post-2727","post","type-post","status-publish","format-standard","hentry","category-we-are-the-cause","tag-artisan","tag-cause","tag-marche-de-noel","tag-rondechute","tag-sailing","tag-square","tag-voile","tag-wearethecause"],"_links":{"self":[{"href":"https:\/\/cause.ch\/lab\/wp-json\/wp\/v2\/posts\/2727","targetHints":{"allow":["GET"]}}],"collection":[{"href":"https:\/\/cause.ch\/lab\/wp-json\/wp\/v2\/posts"}],"about":[{"href":"https:\/\/cause.ch\/lab\/wp-json\/wp\/v2\/types\/post"}],"author":[{"embeddable":true,"href":"https:\/\/cause.ch\/lab\/wp-json\/wp\/v2\/users\/4"}],"replies":[{"embeddable":true,"href":"https:\/\/cause.ch\/lab\/wp-json\/wp\/v2\/comments?post=2727"}],"version-history":[{"count":8,"href":"https:\/\/cause.ch\/lab\/wp-json\/wp\/v2\/posts\/2727\/revisions"}],"predecessor-version":[{"id":2744,"href":"https:\/\/cause.ch\/lab\/wp-json\/wp\/v2\/posts\/2727\/revisions\/2744"}],"wp:attachment":[{"href":"https:\/\/cause.ch\/lab\/wp-json\/wp\/v2\/media?parent=2727"}],"wp:term":[{"taxonomy":"category","embeddable":true,"href":"https:\/\/cause.ch\/lab\/wp-json\/wp\/v2\/categories?post=2727"},{"taxonomy":"post_tag","embeddable":true,"href":"https:\/\/cause.ch\/lab\/wp-json\/wp\/v2\/tags?post=2727"}],"curies":[{"name":"wp","href":"https:\/\/api.w.org\/{rel}","templated":true}]}}