{"id":276,"date":"2013-11-12T19:24:06","date_gmt":"2013-11-12T19:24:06","guid":{"rendered":"http:\/\/cause.ch\/lab\/?p=276"},"modified":"2014-06-11T12:42:18","modified_gmt":"2014-06-11T10:42:18","slug":"276","status":"publish","type":"post","link":"https:\/\/cause.ch\/lab\/we-are-the-cause\/276\/","title":{"rendered":"PrAgMa"},"content":{"rendered":"<div class=\"arx_pad_2\">\n<a href=\"http:\/\/cause.ch\/lab\/wp-content\/uploads\/2013\/11\/1.jpg\"><img loading=\"lazy\" decoding=\"async\" src=\"http:\/\/cause.ch\/lab\/wp-content\/uploads\/2013\/11\/1.jpg\" alt=\"1\" width=\"600\" height=\"390\" class=\"alignnone size-full wp-image-283\" srcset=\"https:\/\/cause.ch\/lab\/wp-content\/uploads\/2013\/11\/1.jpg 600w, https:\/\/cause.ch\/lab\/wp-content\/uploads\/2013\/11\/1-300x195.jpg 300w\" sizes=\"auto, (max-width: 600px) 100vw, 600px\" \/><\/a>\n<\/div>\n<p class=\"arx_1 center_content arx_pad_0\">\nUne d\u00e9couverte tout \u00e0 fait remarquable sortie droit de l&#8217;univers du design industriel suisse: la planche \u00e0 pain PRAGMA sign\u00e9e <b><a href=\"http:\/\/bussard-design.blogspot.co.uk\/\" target=\"_blank\">Valentin Bussard<\/a>.<\/b>\n<\/p>\n<p class=\"arx_1 center_content arx_pad_0\">\nDans cette panoplie, l&#8217;esth\u00e9tique et l&#8217;efficience se rencontrent subtilement par l&#8217;interm\u00e9diaire d&#8217;un concept d&#8217;une ing\u00e9nieuse simplicit\u00e9: <i>triangulations.<\/i>\n<\/p>\n<p class=\"arx_1 center_content arx_pad_1\">\nDistingu\u00e9 lors de la manifestation culturelle suisse-romande <a href=\"designdays.ch\/\" target=\"_blank\">Design Days 2013<\/a>, le projet concr\u00e9tise une collaboration avec l&#8217;entreprise suisse <b><a href=\"http:\/\/www.afiro.ch\/mission.html\" target=\"_blank\">Afiro<\/a><\/b>, association pour la formation initiale, la r\u00e9adaptation et l&#8217;occupation, oeuvrant pour la protection de l&#8217;emploi et r\u00e9mun\u00e9rant des travailleurs au b\u00e9n\u00e9fice d&#8217;une rente de l&#8217;Assurance-Invalidit\u00e9, victimes de troubles psychologiques.\n<\/p>\n<p class=\"arx_1 center_content arx_pad_1\">\nPour une commande de l&#8217;objet (No\u00ebl approche ;) ) ou une prise de contact avec son cr\u00e9ateur: valentin.bussard@gmail.com\n<\/p>\n<p class=\"arx_1 center_content arx_pad_2\">\n<i>Photos: \u00a9 Dominique Green<\/i>\n<\/p>\n<div class=\"arx_pad_2\">\n<a href=\"http:\/\/cause.ch\/lab\/wp-content\/uploads\/2013\/11\/2.jpg\"><img loading=\"lazy\" decoding=\"async\" src=\"http:\/\/cause.ch\/lab\/wp-content\/uploads\/2013\/11\/2.jpg\" alt=\"2\" width=\"600\" height=\"390\" class=\"alignnone size-full wp-image-282\" srcset=\"https:\/\/cause.ch\/lab\/wp-content\/uploads\/2013\/11\/2.jpg 600w, https:\/\/cause.ch\/lab\/wp-content\/uploads\/2013\/11\/2-300x195.jpg 300w\" sizes=\"auto, (max-width: 600px) 100vw, 600px\" \/><\/a>\n<\/div>\n<div class=\"arx_pad_2\">\n<a href=\"http:\/\/cause.ch\/lab\/wp-content\/uploads\/2013\/11\/3.jpg\"><img loading=\"lazy\" decoding=\"async\" src=\"http:\/\/cause.ch\/lab\/wp-content\/uploads\/2013\/11\/3.jpg\" alt=\"3\" width=\"600\" height=\"390\" class=\"alignnone size-full wp-image-281\" srcset=\"https:\/\/cause.ch\/lab\/wp-content\/uploads\/2013\/11\/3.jpg 600w, https:\/\/cause.ch\/lab\/wp-content\/uploads\/2013\/11\/3-300x195.jpg 300w\" sizes=\"auto, (max-width: 600px) 100vw, 600px\" \/><\/a>\n<\/div>\n<div class=\"arx_pad_2\">\n<a href=\"http:\/\/cause.ch\/lab\/wp-content\/uploads\/2013\/11\/4.jpg\"><img loading=\"lazy\" decoding=\"async\" src=\"http:\/\/cause.ch\/lab\/wp-content\/uploads\/2013\/11\/4.jpg\" alt=\"4\" width=\"600\" height=\"390\" class=\"alignnone size-full wp-image-280\" srcset=\"https:\/\/cause.ch\/lab\/wp-content\/uploads\/2013\/11\/4.jpg 600w, https:\/\/cause.ch\/lab\/wp-content\/uploads\/2013\/11\/4-300x195.jpg 300w\" sizes=\"auto, (max-width: 600px) 100vw, 600px\" \/><\/a>\n<\/div>\n<div class=\"arx_pad_2\">\n<a href=\"http:\/\/cause.ch\/lab\/wp-content\/uploads\/2013\/11\/5.jpg\"><img loading=\"lazy\" decoding=\"async\" src=\"http:\/\/cause.ch\/lab\/wp-content\/uploads\/2013\/11\/5.jpg\" alt=\"5\" width=\"600\" height=\"390\" class=\"alignnone size-full wp-image-279\" srcset=\"https:\/\/cause.ch\/lab\/wp-content\/uploads\/2013\/11\/5.jpg 600w, https:\/\/cause.ch\/lab\/wp-content\/uploads\/2013\/11\/5-300x195.jpg 300w\" sizes=\"auto, (max-width: 600px) 100vw, 600px\" \/><\/a>\n<\/div>\n","protected":false},"excerpt":{"rendered":"<p>Une d\u00e9couverte tout \u00e0 fait remarquable sortie droit de l&#8217;univers du design industriel suisse: la planche \u00e0 pain PRAGMA sign\u00e9e Valentin Bussard. Dans cette panoplie, l&#8217;esth\u00e9tique et l&#8217;efficience se rencontrent subtilement par l&#8217;interm\u00e9diaire d&#8217;un concept d&#8217;une ing\u00e9nieuse simplicit\u00e9: triangulations. Distingu\u00e9 lors de la manifestation culturelle suisse-romande Design Days 2013, le projet concr\u00e9tise une collaboration avec [&hellip;]<\/p>\n","protected":false},"author":4,"featured_media":0,"comment_status":"open","ping_status":"open","sticky":false,"template":"","format":"standard","meta":{"footnotes":""},"categories":[1],"tags":[127,7,126,122,125,121,123,124,120,72],"class_list":["post-276","post","type-post","status-publish","format-standard","hentry","category-we-are-the-cause","tag-afiro","tag-cause","tag-cfpaa","tag-design-industriel","tag-dominique-green","tag-industrial-design","tag-planche-a-pain","tag-pragma","tag-valentin-bussard","tag-we-are-the-cause-2"],"_links":{"self":[{"href":"https:\/\/cause.ch\/lab\/wp-json\/wp\/v2\/posts\/276","targetHints":{"allow":["GET"]}}],"collection":[{"href":"https:\/\/cause.ch\/lab\/wp-json\/wp\/v2\/posts"}],"about":[{"href":"https:\/\/cause.ch\/lab\/wp-json\/wp\/v2\/types\/post"}],"author":[{"embeddable":true,"href":"https:\/\/cause.ch\/lab\/wp-json\/wp\/v2\/users\/4"}],"replies":[{"embeddable":true,"href":"https:\/\/cause.ch\/lab\/wp-json\/wp\/v2\/comments?post=276"}],"version-history":[{"count":8,"href":"https:\/\/cause.ch\/lab\/wp-json\/wp\/v2\/posts\/276\/revisions"}],"predecessor-version":[{"id":1204,"href":"https:\/\/cause.ch\/lab\/wp-json\/wp\/v2\/posts\/276\/revisions\/1204"}],"wp:attachment":[{"href":"https:\/\/cause.ch\/lab\/wp-json\/wp\/v2\/media?parent=276"}],"wp:term":[{"taxonomy":"category","embeddable":true,"href":"https:\/\/cause.ch\/lab\/wp-json\/wp\/v2\/categories?post=276"},{"taxonomy":"post_tag","embeddable":true,"href":"https:\/\/cause.ch\/lab\/wp-json\/wp\/v2\/tags?post=276"}],"curies":[{"name":"wp","href":"https:\/\/api.w.org\/{rel}","templated":true}]}}